{"id":8780,"date":"2015-05-05T12:52:39","date_gmt":"2015-05-05T15:52:39","guid":{"rendered":"https:\/\/deportivadigital.com.ar\/v2\/otra-gran-jornada-riocuartense\/"},"modified":"2015-05-05T12:52:39","modified_gmt":"2015-05-05T15:52:39","slug":"otra-gran-jornada-riocuartense","status":"publish","type":"post","link":"https:\/\/deportivadigital.com.ar\/v2\/otra-gran-jornada-riocuartense\/","title":{"rendered":"Otra gran jornada riocuartense"},"content":{"rendered":"<p><img decoding=\"async\" style=\"margin: 5px; float: left;\" src=\"images\/stories\/staff\/Emiliano_Ocanto.jpg\" alt=\"Emiliano Ocanto\" width=\"115\" height=\"135\" \/>Pas\u00f3 otra fecha del f\u00fatbol regional, y hubo cambios en lo m\u00e1s alto de la tabla de la m\u00e1xima categor\u00eda. Mientras que <strong>en la \u00abB\u00bb<\/strong> comienzan a definirse los que pelear\u00e1n el campeonato.<\/p>\n<p><strong>Banda Norte<\/strong> volvi\u00f3 a aprovechar un tropez\u00f3n de <strong>Estudiantes,<\/strong> y en su visita a <strong>Ateneo Vecinos<\/strong>, ratific\u00f3 su superioridad sobre el conjunto cabrerense y se trajo tres puntos de oro. La pr\u00f3xima, ir\u00e1 ante <strong>Acci\u00f3n Juvenil<\/strong> que viene de darle una paliza a <strong>Centro Social<\/strong>.<\/p>\n<p>  <!--more-->  <\/p>\n<p>El \u00abceleste\u00bb no logr\u00f3 vencer en Gigena y regal\u00f3 la punta a s\u00f3lo una fecha de haberla retomado. De cara al cl\u00e1sico de la ciudad, Atenas llega mejor parado, tras vencer a Roncedo y acumular una importante seguidilla sin derrotas. Adem\u00e1s, el \u00abalbo\u00bb se mantiene en el lote de los terceros.<br \/>El pasado viernes, Juventud Unida se adjudic\u00f3 por unas horas la punta, al vencer a Alianza, a espera de lo que ser\u00eda el partido de Atl\u00e9tico San Basilio. La \u00abjuve\u00bb mantiene as\u00ed la imagen de \u00faltimo campe\u00f3n que se le reclamaba los primeros partidos del torneo. Municipal, por su parte, apenas rescat\u00f3 un empate en Sampacho ante el \u00faltimo de la tabla. La pr\u00f3xima, Municipal recibe a Atl\u00e9tico Adelia Mar\u00eda y Juventud Unida viaja a Mackenna para enfrentar a Belgrano.<br \/>En la zona Centro del ascenso, lo dicho, San Cayetano y U.N.R.C. han comenzado a despegarse del resto, aunque ambos deben quedar libre su segundo partido. El \u00abacad\u00e9mico\u00bb aprovech\u00f3 la oportunidad y venci\u00f3 al \u00absanto\u00bb por la m\u00ednima diferencia y se puso a dos puntos. El golpe lo dio Rosario, que por fin obtuvo una victoria y ante un Deportivo que buscaba arrimarse y ahora peregrina en la mitad de tabla. Y el partidazo fue de Renato Cesarini y Defensores: siete goles y el local queda en el fondo, mientras que el conjunto de Alberdi subi\u00f3 a la tercera colocaci\u00f3n.<\/p>\n<p><em>EMILIANO OCANTO<\/em><\/p>\n","protected":false},"excerpt":{"rendered":"<p>Pas\u00f3 otra fecha del f\u00fatbol regional, y hubo cambios en lo m\u00e1s alto de la tabla de la m\u00e1xima categor\u00eda. Mientras que en la \u00abB\u00bb comienzan a definirse los que pelear\u00e1n el campeonato. Banda Norte volvi\u00f3 a aprovechar un tropez\u00f3n de Estudiantes, y en su visita a Ateneo Vecinos, ratific\u00f3 su superioridad sobre el conjunto &hellip;<\/p>\n","protected":false},"author":2,"featured_media":0,"comment_status":"open","ping_status":"open","sticky":false,"template":"","format":"standard","meta":{"_jetpack_memberships_contains_paid_content":false,"footnotes":""},"categories":[98],"tags":[],"class_list":["post-8780","post","type-post","status-publish","format-standard","hentry","category-futbol"],"jetpack_featured_media_url":"","jetpack_sharing_enabled":true,"_links":{"self":[{"href":"https:\/\/deportivadigital.com.ar\/v2\/wp-json\/wp\/v2\/posts\/8780","targetHints":{"allow":["GET"]}}],"collection":[{"href":"https:\/\/deportivadigital.com.ar\/v2\/wp-json\/wp\/v2\/posts"}],"about":[{"href":"https:\/\/deportivadigital.com.ar\/v2\/wp-json\/wp\/v2\/types\/post"}],"author":[{"embeddable":true,"href":"https:\/\/deportivadigital.com.ar\/v2\/wp-json\/wp\/v2\/users\/2"}],"replies":[{"embeddable":true,"href":"https:\/\/deportivadigital.com.ar\/v2\/wp-json\/wp\/v2\/comments?post=8780"}],"version-history":[{"count":0,"href":"https:\/\/deportivadigital.com.ar\/v2\/wp-json\/wp\/v2\/posts\/8780\/revisions"}],"wp:attachment":[{"href":"https:\/\/deportivadigital.com.ar\/v2\/wp-json\/wp\/v2\/media?parent=8780"}],"wp:term":[{"taxonomy":"category","embeddable":true,"href":"https:\/\/deportivadigital.com.ar\/v2\/wp-json\/wp\/v2\/categories?post=8780"},{"taxonomy":"post_tag","embeddable":true,"href":"https:\/\/deportivadigital.com.ar\/v2\/wp-json\/wp\/v2\/tags?post=8780"}],"curies":[{"name":"wp","href":"https:\/\/api.w.org\/{rel}","templated":true}]}}