{"id":8746,"date":"2015-04-26T06:35:48","date_gmt":"2015-04-26T09:35:48","guid":{"rendered":"https:\/\/deportivadigital.com.ar\/v2\/super-abogados\/"},"modified":"2015-04-26T06:35:48","modified_gmt":"2015-04-26T09:35:48","slug":"super-abogados","status":"publish","type":"post","link":"https:\/\/deportivadigital.com.ar\/v2\/super-abogados\/","title":{"rendered":"S\u00faper Abogados"},"content":{"rendered":"<p><img decoding=\"async\" style=\"margin-right: 5px; float: left;\" src=\"images\/stories\/LdP\/A_2014\/03May\/SS\/05.jpg\" alt=\"05\" width=\"180\" height=\"135\" \/>En el espectacular marco que proporcionan las canchas del predio de la Agrupaci\u00f3n Ranqueles se jug\u00f3 este s\u00e1bado una nueva fecha del Apertura 2015 de la categor\u00eda S\u00faper Senior de la Liga Deportiva de Profesionales.<\/p>\n<p>Los letrados siguen sumando y liderando.&nbsp;<\/p>\n<p>  <!--more-->  <\/p>\n<p>&nbsp;<\/p>\n<table style=\"color: #333333; font-family: Helvetica, Arial, FreeSans, sans-serif; font-size: 12px; line-height: 16px; height: 237px; width: 349px;\" border=\"1\" cellspacing=\"1\" cellpadding=\"1\" align=\"center\">\n<tbody>\n<tr align=\"center\">\n<td style=\"font-family: Helvetica, Arial, FreeSans, sans-serif; background-color: #006699;\" colspan=\"2\"><span style=\"color: #ffffff; font-family: verdana, geneva; font-size: 10pt;\"><strong>APERTURA 2015 &#8211; 25 Abril<\/strong><\/span><\/td>\n<\/tr>\n<tr>\n<td style=\"font-family: Helvetica, Arial, FreeSans, sans-serif;\">\n<ul>\n<li>Arquitectos&nbsp;<span style=\"color: #3366ff;\"><strong>1<\/strong><\/span><em><br \/><\/em><\/li>\n<li>M\u00e9dicos<span style=\"color: #3366ff;\"><strong>&nbsp;1<\/strong><\/span><\/li>\n<\/ul>\n<\/td>\n<td style=\"font-family: Helvetica, Arial, FreeSans, sans-serif;\" rowspan=\"5\">\n<p style=\"margin-top: 10px; margin-bottom: 15px;\"><span style=\"font-family: verdana, geneva;\"><strong>POSICIONES<\/strong><\/span><\/p>\n<ol>\n<li><span style=\"color: #339966;\"><strong>Abogados 12<\/strong><\/span><\/li>\n<li>Arquitectos&nbsp;<strong>8<\/strong><\/li>\n<li>Fus. Libres <strong>7<\/strong><\/li>\n<li>M\u00e9dicos&nbsp;<strong>5<\/strong><\/li>\n<li>Fus. Profesionales&nbsp;<strong>5<\/strong><\/li>\n<li>SMATA&nbsp;<strong>5<\/strong><\/li>\n<li>Fus. Regional&nbsp;<strong>0<\/strong><\/li>\n<\/ol>\n<p style=\"margin-top: 10px; margin-bottom: 15px;\"><span style=\"font-family: verdana, geneva; font-size: 13px;\"><strong>&nbsp;<\/strong><\/span><\/p>\n<\/td>\n<\/tr>\n<tr>\n<td style=\"font-family: Helvetica, Arial, FreeSans, sans-serif;\">\n<ul>\n<li>SMATA&nbsp;<span style=\"color: #3366ff;\"><strong>5<\/strong><\/span><em><br \/><\/em><\/li>\n<li>Fusi\u00f3n Regional<span style=\"color: #3366ff;\"><strong>&nbsp;2<\/strong><\/span><\/li>\n<\/ul>\n<\/td>\n<\/tr>\n<tr>\n<td style=\"font-family: Helvetica, Arial, FreeSans, sans-serif;\">\n<ul>\n<li>Abogados&nbsp;<span style=\"color: #3366ff;\"><strong>2<\/strong><\/span><em><br \/><\/em><\/li>\n<li>Fusi\u00f3n de Profesionales<span style=\"color: #3366ff;\"><strong>&nbsp;1<\/strong><\/span><\/li>\n<\/ul>\n<\/td>\n<\/tr>\n<tr>\n<td style=\"font-family: Helvetica, Arial, FreeSans, sans-serif;\">\n<ul>\n<li>Fusi\u00f3n de Libres<span style=\"color: #3366ff;\"><strong>&nbsp;Pendiente<\/strong><\/span><\/li>\n<li>Contadores&nbsp;<span style=\"color: #3366ff;\"><strong>Pendiente<\/strong><\/span><em><br \/><\/em><\/li>\n<\/ul>\n<\/td>\n<\/tr>\n<\/tbody>\n<\/table>\n<p><span style=\"color: #339966;\"><strong>&nbsp;<\/strong><\/span><\/p>\n","protected":false},"excerpt":{"rendered":"<p>En el espectacular marco que proporcionan las canchas del predio de la Agrupaci\u00f3n Ranqueles se jug\u00f3 este s\u00e1bado una nueva fecha del Apertura 2015 de la categor\u00eda S\u00faper Senior de la Liga Deportiva de Profesionales. Los letrados siguen sumando y liderando.&nbsp; &nbsp; APERTURA 2015 &#8211; 25 Abril Arquitectos&nbsp;1 M\u00e9dicos&nbsp;1 POSICIONES Abogados 12 Arquitectos&nbsp;8 Fus. Libres &hellip;<\/p>\n","protected":false},"author":2,"featured_media":0,"comment_status":"open","ping_status":"open","sticky":false,"template":"","format":"standard","meta":{"_jetpack_memberships_contains_paid_content":false,"footnotes":""},"categories":[63],"tags":[],"class_list":["post-8746","post","type-post","status-publish","format-standard","hentry","category-liga-de-profesionales"],"jetpack_featured_media_url":"","jetpack_sharing_enabled":true,"_links":{"self":[{"href":"https:\/\/deportivadigital.com.ar\/v2\/wp-json\/wp\/v2\/posts\/8746","targetHints":{"allow":["GET"]}}],"collection":[{"href":"https:\/\/deportivadigital.com.ar\/v2\/wp-json\/wp\/v2\/posts"}],"about":[{"href":"https:\/\/deportivadigital.com.ar\/v2\/wp-json\/wp\/v2\/types\/post"}],"author":[{"embeddable":true,"href":"https:\/\/deportivadigital.com.ar\/v2\/wp-json\/wp\/v2\/users\/2"}],"replies":[{"embeddable":true,"href":"https:\/\/deportivadigital.com.ar\/v2\/wp-json\/wp\/v2\/comments?post=8746"}],"version-history":[{"count":0,"href":"https:\/\/deportivadigital.com.ar\/v2\/wp-json\/wp\/v2\/posts\/8746\/revisions"}],"wp:attachment":[{"href":"https:\/\/deportivadigital.com.ar\/v2\/wp-json\/wp\/v2\/media?parent=8746"}],"wp:term":[{"taxonomy":"category","embeddable":true,"href":"https:\/\/deportivadigital.com.ar\/v2\/wp-json\/wp\/v2\/categories?post=8746"},{"taxonomy":"post_tag","embeddable":true,"href":"https:\/\/deportivadigital.com.ar\/v2\/wp-json\/wp\/v2\/tags?post=8746"}],"curies":[{"name":"wp","href":"https:\/\/api.w.org\/{rel}","templated":true}]}}