{"id":8378,"date":"2015-01-15T22:10:09","date_gmt":"2015-01-16T01:10:09","guid":{"rendered":"https:\/\/deportivadigital.com.ar\/v2\/que-nenes-miralos-en-achiras-lo-mas-cerca-de-rio-cuarto\/"},"modified":"2015-01-15T22:10:09","modified_gmt":"2015-01-16T01:10:09","slug":"que-nenes-miralos-en-achiras-lo-mas-cerca-de-rio-cuarto","status":"publish","type":"post","link":"https:\/\/deportivadigital.com.ar\/v2\/que-nenes-miralos-en-achiras-lo-mas-cerca-de-rio-cuarto\/","title":{"rendered":"\u00a1Qu\u00e9 nenes!. Miralos en Achiras. Lo m\u00e1s cerca de R\u00edo Cuarto"},"content":{"rendered":"<p><img data-recalc-dims=\"1\" decoding=\"async\" id=\"irc_mi\" style=\"margin-right: 5px; float: left;\" src=\"https:\/\/i0.wp.com\/imagenes.colombia.interlatin.com\/sdi\/2013\/07\/18\/64ea2fb796ce488ab571113685d334e7.jpg?resize=180%2C117\" alt=\"\" width=\"180\" height=\"117\" \/>Una verdadera constelaci\u00f3n de estrellas del ciclismo mundial se dar\u00e1 cita en <strong>San Luis<\/strong> para transitar por las serran\u00edas y llanuras sanluise\u00f1as durante siete jornadas a puro pedal y cargada de adrenalina, velocidad y colorido.<\/p>\n<p>Por primera vez y ojal\u00e1 se repita, con muy buen tino, para nosotros los cordobeses (especialmente achirenses y&nbsp; riocuartenses), tendremos oportunidad de presenciar en \u00abvivo y dierecto\u00bb, a estos verdaderos l\u00edderes del ciclismo mundial.<\/p>\n<p>  <!--more-->  <\/p>\n<p>&nbsp;<\/p>\n<p>&nbsp;<\/p>\n<p><strong>Nairo Quintana \/<\/strong><span style=\"text-decoration: underline;\"> Movistar Team:<\/span> Luego de ganar la \u00faltima edici\u00f3n del Tour de San Luis, el colombiano se consagr\u00f3 como la m\u00e1xima figura del ciclismo mundial al obtener el Giro de Italia 2014.<\/p>\n<p>&nbsp;<\/p>\n<p><strong>Mark Cavendish<\/strong> \/<span style=\"text-decoration: underline;\"> Etixx &#8211; Quick-Step<\/span>: Reconocido por los especialistas como el mejor sprinter de su generaci\u00f3n, el brit\u00e1nico se impuso en 43 etapas de las Grandes Vueltas y fue Campe\u00f3n del Mundo en 2011.<\/p>\n<p>&nbsp;<\/p>\n<p><strong>Dani Moreno \/<\/strong> <span style=\"text-decoration: underline;\">Katusha Team<\/span>: El madrile\u00f1o integra la filas del equipo ruso desde 2011, su mejor temporada fue la de 2013 donde gan\u00f3 la Flecha Valona y gan\u00f3 2 etapas de La Vuelta a Espa\u00f1a.<\/p>\n<p>&nbsp;<\/p>\n<p><strong>Michal Kwiatkowski<\/strong> \/ <span style=\"text-decoration: underline;\">Etixx &#8211; Quick-Step:<\/span> El a\u00f1o 2013 fue la explosi\u00f3n del \u00abTigre del B\u00e1ltico\u00bb en el panorama de \u00e9lite mundial pero ser\u00eda en 2014 donde se consagrar\u00eda al ser Campe\u00f3n del Mundo en Ruta.<\/p>\n<p>&nbsp;<\/p>\n<p><strong>Thomas Voeckle<\/strong>r<span style=\"text-decoration: underline;\">Team Europcar<\/span>: Es considerado uno de los mejores corredores galos de la d\u00e9cada de 2000, gan\u00f3 el Campeonato de Francia en 2 oportunidades y en 2012 tuvo su mejor Tour de Francia.<\/p>\n<p>&nbsp;<\/p>\n<p><strong>Carlos Betancur<\/strong> \/<span style=\"text-decoration: underline;\"> Ag2r La Mondiale:<\/span> El antioque\u00f1o debuto en el equipo franc\u00e9s en el Tour de San Luis 2013, logrando en ese mismo a\u00f1o el 5\u00ba puesto del Giro de Italia y gan\u00f3 en la Par\u00eds-Niza 2014.<\/p>\n<p>&nbsp;<\/p>\n<p><strong>Eduardo Sep\u00falveda<\/strong> \/ <span style=\"text-decoration: underline;\">Bretagne-S\u00e9ch\u00e9 Environnement:<\/span> El chubutense integra las filas del equipo franc\u00e9s desde 2013, donde logr\u00f3 el 5\u00ba puesto en en la general del Crit\u00e9rium Internacional disputado en C\u00f3rcega en 2014.<\/p>\n","protected":false},"excerpt":{"rendered":"<p>Una verdadera constelaci\u00f3n de estrellas del ciclismo mundial se dar\u00e1 cita en San Luis para transitar por las serran\u00edas y llanuras sanluise\u00f1as durante siete jornadas a puro pedal y cargada de adrenalina, velocidad y colorido. Por primera vez y ojal\u00e1 se repita, con muy buen tino, para nosotros los cordobeses (especialmente achirenses y&nbsp; riocuartenses), tendremos &hellip;<\/p>\n","protected":false},"author":2,"featured_media":0,"comment_status":"open","ping_status":"open","sticky":false,"template":"","format":"standard","meta":{"_jetpack_memberships_contains_paid_content":false,"footnotes":""},"categories":[50],"tags":[],"class_list":["post-8378","post","type-post","status-publish","format-standard","hentry","category-ciclismo"],"jetpack_featured_media_url":"","jetpack_sharing_enabled":true,"_links":{"self":[{"href":"https:\/\/deportivadigital.com.ar\/v2\/wp-json\/wp\/v2\/posts\/8378","targetHints":{"allow":["GET"]}}],"collection":[{"href":"https:\/\/deportivadigital.com.ar\/v2\/wp-json\/wp\/v2\/posts"}],"about":[{"href":"https:\/\/deportivadigital.com.ar\/v2\/wp-json\/wp\/v2\/types\/post"}],"author":[{"embeddable":true,"href":"https:\/\/deportivadigital.com.ar\/v2\/wp-json\/wp\/v2\/users\/2"}],"replies":[{"embeddable":true,"href":"https:\/\/deportivadigital.com.ar\/v2\/wp-json\/wp\/v2\/comments?post=8378"}],"version-history":[{"count":0,"href":"https:\/\/deportivadigital.com.ar\/v2\/wp-json\/wp\/v2\/posts\/8378\/revisions"}],"wp:attachment":[{"href":"https:\/\/deportivadigital.com.ar\/v2\/wp-json\/wp\/v2\/media?parent=8378"}],"wp:term":[{"taxonomy":"category","embeddable":true,"href":"https:\/\/deportivadigital.com.ar\/v2\/wp-json\/wp\/v2\/categories?post=8378"},{"taxonomy":"post_tag","embeddable":true,"href":"https:\/\/deportivadigital.com.ar\/v2\/wp-json\/wp\/v2\/tags?post=8378"}],"curies":[{"name":"wp","href":"https:\/\/api.w.org\/{rel}","templated":true}]}}