{"id":8374,"date":"2015-01-13T23:39:43","date_gmt":"2015-01-14T02:39:43","guid":{"rendered":"https:\/\/deportivadigital.com.ar\/v2\/los-destacados-del-tour-de-san-luis-2015\/"},"modified":"2015-01-13T23:39:43","modified_gmt":"2015-01-14T02:39:43","slug":"los-destacados-del-tour-de-san-luis-2015","status":"publish","type":"post","link":"https:\/\/deportivadigital.com.ar\/v2\/los-destacados-del-tour-de-san-luis-2015\/","title":{"rendered":"Los destacados del Tour de San Luis 2015"},"content":{"rendered":"<p><img data-recalc-dims=\"1\" decoding=\"async\" id=\"irc_mi\" style=\"margin-right: 5px; float: left;\" src=\"https:\/\/i0.wp.com\/img.emol.com\/2013\/04\/12\/uran1_201020-L0x0.jpg?resize=180%2C120\" alt=\"\" width=\"180\" height=\"120\" \/>Ciclistas destacados del Tour de San Luis 2015<\/p>\n<p>Una verdadera constelaci\u00f3n de estrellas del ciclismo mundial se dar\u00e1 cita en San Luis para transitar por las serran\u00edas y llanuras sanluise\u00f1as durante siete jornadas a puro pedal y cargada de adrenalina, velocidad y colorido.<\/p>\n<p><strong>Nairo Quintana<\/strong> \/ Movistar Team<\/p>\n<p>Nairo Quintana \/ Movistar Team: Luego de ganar la \u00faltima edici\u00f3n del Tour de San Luis, el colombiano se consagr\u00f3 como la m\u00e1xima figura del ciclismo mundial al obtener el Giro de Italia 2014.<\/p>\n<p><strong>Mark Cavendish<\/strong> \/ Etixx &#8211; Quick-Step<\/p>\n<p>Mark Cavendish \/ Etixx &#8211; Quick-Step: Reconocido por los especialistas como el mejor sprinter de su generaci\u00f3n, el brit\u00e1nico se impuso en 43 etapas de las Grandes Vueltas y fue Campe\u00f3n del Mundo en 2011.<\/p>\n<p><strong>Dani Moreno<\/strong> \/ Katusha Team<\/p>\n<p>Dani Moreno \/ Katusha Team: El madrile\u00f1o integra la filas del equipo ruso desde 2011, su mejor temporada fue la de 2013 donde gan\u00f3 la Flecha Valona y gan\u00f3 2 etapas de La Vuelta a Espa\u00f1a.<\/p>\n<p><strong>Michal Kwiatkowski<\/strong> \/ Etixx &#8211; Quick-Step<\/p>\n<p>Michal Kwiatkowski \/ Etixx &#8211; Quick-Step: El a\u00f1o 2013 fue la explosi\u00f3n del \u00abTigre del B\u00e1ltico\u00bb en el panorama de \u00e9lite mundial pero ser\u00eda en 2014 donde se consagrar\u00eda al ser Campe\u00f3n del Mundo en Ruta.<\/p>\n<p><strong>Thomas Voeckler<\/strong>Team Europcar<\/p>\n<p>Thomas VoecklerTeam Europcar: Es considerado uno de los mejores corredores galos de la d\u00e9cada de 2000, gan\u00f3 el Campeonato de Francia en 2 oportunidades y en 2012 tuvo su mejor Tour de Francia.<\/p>\n<p><strong>Carlos Betancur<\/strong> \/ Ag2r La Mondiale<\/p>\n<p>Carlos Betancur \/ Ag2r La Mondiale: El antioque\u00f1o debuto en el equipo franc\u00e9s en el Tour de San Luis 2013, logrando en ese mismo a\u00f1o el 5\u00ba puesto del Giro de Italia y gan\u00f3 en la Par\u00eds-Niza 2014.<\/p>\n<p><strong>Eduardo Sep\u00falveda<\/strong> \/ Bretagne-S\u00e9ch\u00e9 Environnement<\/p>\n<p>Eduardo Sep\u00falveda \/ Bretagne-S\u00e9ch\u00e9 Environnement: El chubutense integra las filas del equipo franc\u00e9s desde 2013, donde logr\u00f3 el 5\u00ba puesto en en la general del Crit\u00e9rium Internacional disputado en C\u00f3rcega en 2014.<\/p>\n<p><strong>EQUIPOS<\/strong><\/p>\n<p><span style=\"text-decoration: underline;\">Movistar Team Espa\u00f1a<\/span><br \/>Ag2r La Mondiale Espa\u00f1a<br \/><span style=\"text-decoration: underline;\">Etixx &#8211; Quick Step Espa\u00f1a<\/span><br \/>Katusha Espa\u00f1a<br \/><span style=\"text-decoration: underline;\">Lampre-Merida Espa\u00f1a<\/span><br \/>Cannondale-Garmin Espa\u00f1a<br \/><span style=\"text-decoration: underline;\">Team Europcar Espa\u00f1a<\/span><br \/>Androni Giocattoli Espa\u00f1a<br \/><span style=\"text-decoration: underline;\">Bretagne-S\u00e9ch\u00e9 Espa\u00f1a<\/span><br \/>Unitedhealthcare Espa\u00f1a<br \/><span style=\"text-decoration: underline;\">Team Colombia Espa\u00f1a<\/span><br \/>Nippo Vini Fantini Espa\u00f1a<br \/><span style=\"text-decoration: underline;\">Team Novo Nordisk Espa\u00f1a<\/span><br \/>Jamis &#8211; Hagens Berman Espa\u00f1a<br \/><span style=\"text-decoration: underline;\">San Luis Somos Todos Espa\u00f1a<\/span><br \/>Buenos Aires Provincia Espa\u00f1a<br \/><span style=\"text-decoration: underline;\">Funvic Brasilinvest Espa\u00f1a<\/span><br \/>Cycling Academy Team Espa\u00f1a<br \/><span style=\"text-decoration: underline;\">Team Inteja-Mmr Espa\u00f1a<\/span><br \/>Team Sep San Juan Espa\u00f1a<br \/><span style=\"text-decoration: underline;\">Selecci\u00f3n de Argentina Espa\u00f1a<\/span><br \/>Selecci\u00f3n de Italia Espa\u00f1a<br \/><span style=\"text-decoration: underline;\">Selecci\u00f3n de Colombia Espa\u00f1a<\/span><br \/>Selecci\u00f3n de Cuba Espa\u00f1a<br \/><span style=\"text-decoration: underline;\">Selecci\u00f3n de Chile Espa\u00f1a<\/span><br \/>Selecci\u00f3n de Panam\u00e1 Espa\u00f1a<\/p>\n<p>&nbsp;<\/p>\n","protected":false},"excerpt":{"rendered":"<p>Ciclistas destacados del Tour de San Luis 2015 Una verdadera constelaci\u00f3n de estrellas del ciclismo mundial se dar\u00e1 cita en San Luis para transitar por las serran\u00edas y llanuras sanluise\u00f1as durante siete jornadas a puro pedal y cargada de adrenalina, velocidad y colorido. Nairo Quintana \/ Movistar Team Nairo Quintana \/ Movistar Team: Luego de &hellip;<\/p>\n","protected":false},"author":2,"featured_media":0,"comment_status":"open","ping_status":"open","sticky":false,"template":"","format":"standard","meta":{"_jetpack_memberships_contains_paid_content":false,"footnotes":""},"categories":[50],"tags":[],"class_list":["post-8374","post","type-post","status-publish","format-standard","hentry","category-ciclismo"],"jetpack_featured_media_url":"","jetpack_sharing_enabled":true,"_links":{"self":[{"href":"https:\/\/deportivadigital.com.ar\/v2\/wp-json\/wp\/v2\/posts\/8374","targetHints":{"allow":["GET"]}}],"collection":[{"href":"https:\/\/deportivadigital.com.ar\/v2\/wp-json\/wp\/v2\/posts"}],"about":[{"href":"https:\/\/deportivadigital.com.ar\/v2\/wp-json\/wp\/v2\/types\/post"}],"author":[{"embeddable":true,"href":"https:\/\/deportivadigital.com.ar\/v2\/wp-json\/wp\/v2\/users\/2"}],"replies":[{"embeddable":true,"href":"https:\/\/deportivadigital.com.ar\/v2\/wp-json\/wp\/v2\/comments?post=8374"}],"version-history":[{"count":0,"href":"https:\/\/deportivadigital.com.ar\/v2\/wp-json\/wp\/v2\/posts\/8374\/revisions"}],"wp:attachment":[{"href":"https:\/\/deportivadigital.com.ar\/v2\/wp-json\/wp\/v2\/media?parent=8374"}],"wp:term":[{"taxonomy":"category","embeddable":true,"href":"https:\/\/deportivadigital.com.ar\/v2\/wp-json\/wp\/v2\/categories?post=8374"},{"taxonomy":"post_tag","embeddable":true,"href":"https:\/\/deportivadigital.com.ar\/v2\/wp-json\/wp\/v2\/tags?post=8374"}],"curies":[{"name":"wp","href":"https:\/\/api.w.org\/{rel}","templated":true}]}}