{"id":8160,"date":"2014-11-06T13:54:33","date_gmt":"2014-11-06T16:54:33","guid":{"rendered":"https:\/\/deportivadigital.com.ar\/v2\/faltaban-15-perdia-2-a-0-empato-y-luego-gano\/"},"modified":"2014-11-06T13:54:33","modified_gmt":"2014-11-06T16:54:33","slug":"faltaban-15-perdia-2-a-0-empato-y-luego-gano","status":"publish","type":"post","link":"https:\/\/deportivadigital.com.ar\/v2\/faltaban-15-perdia-2-a-0-empato-y-luego-gano\/","title":{"rendered":"Faltaban 15&#8217;perd\u00eda 2 a 0, empat\u00f3 y luego gan\u00f3"},"content":{"rendered":"<p><img data-recalc-dims=\"1\" decoding=\"async\" id=\"irc_mi\" style=\"margin-right: 5px; float: left;\" src=\"https:\/\/i0.wp.com\/1.bp.blogspot.com\/-GDSyd7AyxRM\/Uh3q_BhgNKI\/AAAAAAAAAq0\/jXg0aQqqm_4\/s1600\/alianza.jpg?resize=124%2C135\" alt=\"\" width=\"124\" height=\"135\" \/>No \u00abanda bien\u00bb en el <strong>Federal B,<\/strong> no consigue resultados en la Liga pero,<strong> Alianza<\/strong> (Cnl. Moldes) encontr\u00f3 en la <strong>Copa Argentina<\/strong> el motivo para sonre\u00edr, un alivio para estos momentos.<\/p>\n<p>El equipo de<strong> Moldes<\/strong> logr\u00f3 avanzar y, en este caso, se impuso a <strong>Deportivo Maip\u00fa, en Mendoza<\/strong>, un escenario ampliamente negativo para todos los equipos de la Liga que lo ha visitado.<\/p>\n<p>  <!--more-->  <\/p>\n<p>La clasificaci\u00f3n adem\u00e1s <strong>tiene tintes de haza\u00f1a,<\/strong> ya que a falta de 15 minutos para el final del encuentro Alianza perd\u00eda por 2 a 0 y con un jugador menos por la expulsi\u00f3n de Devia y en una r\u00e1faga alcanz\u00f3 la igualdad.<\/p>\n<p>El goleador del conjunto \u00abcruzado\u00bb fue<strong> Antonio Pierguidi<\/strong> y para <strong>Alianza<\/strong> fueron<strong> Felipe Mugnaini<\/strong> y <strong>Hugo<\/strong> <strong>Ferraro<\/strong> los responsables del empate.<\/p>\n<p>En la <span style=\"text-decoration: underline;\">definici\u00f3n por penales Alianza estuvo muy certero<\/span>, convirtieron todos los que ejecutaron, Airaudo, Costantini, L\u00f3pez, Rancez y Ferraro. Por su parte, en Maip\u00fa Guerra no pudo con Airaudo y marcaron Ben\u00edtez, Pierguidi y Barth.<\/p>\n","protected":false},"excerpt":{"rendered":"<p>No \u00abanda bien\u00bb en el Federal B, no consigue resultados en la Liga pero, Alianza (Cnl. Moldes) encontr\u00f3 en la Copa Argentina el motivo para sonre\u00edr, un alivio para estos momentos. El equipo de Moldes logr\u00f3 avanzar y, en este caso, se impuso a Deportivo Maip\u00fa, en Mendoza, un escenario ampliamente negativo para todos los &hellip;<\/p>\n","protected":false},"author":2,"featured_media":0,"comment_status":"open","ping_status":"open","sticky":false,"template":"","format":"standard","meta":{"_jetpack_memberships_contains_paid_content":false,"footnotes":""},"categories":[98],"tags":[],"class_list":["post-8160","post","type-post","status-publish","format-standard","hentry","category-futbol"],"jetpack_featured_media_url":"","jetpack_sharing_enabled":true,"_links":{"self":[{"href":"https:\/\/deportivadigital.com.ar\/v2\/wp-json\/wp\/v2\/posts\/8160","targetHints":{"allow":["GET"]}}],"collection":[{"href":"https:\/\/deportivadigital.com.ar\/v2\/wp-json\/wp\/v2\/posts"}],"about":[{"href":"https:\/\/deportivadigital.com.ar\/v2\/wp-json\/wp\/v2\/types\/post"}],"author":[{"embeddable":true,"href":"https:\/\/deportivadigital.com.ar\/v2\/wp-json\/wp\/v2\/users\/2"}],"replies":[{"embeddable":true,"href":"https:\/\/deportivadigital.com.ar\/v2\/wp-json\/wp\/v2\/comments?post=8160"}],"version-history":[{"count":0,"href":"https:\/\/deportivadigital.com.ar\/v2\/wp-json\/wp\/v2\/posts\/8160\/revisions"}],"wp:attachment":[{"href":"https:\/\/deportivadigital.com.ar\/v2\/wp-json\/wp\/v2\/media?parent=8160"}],"wp:term":[{"taxonomy":"category","embeddable":true,"href":"https:\/\/deportivadigital.com.ar\/v2\/wp-json\/wp\/v2\/categories?post=8160"},{"taxonomy":"post_tag","embeddable":true,"href":"https:\/\/deportivadigital.com.ar\/v2\/wp-json\/wp\/v2\/tags?post=8160"}],"curies":[{"name":"wp","href":"https:\/\/api.w.org\/{rel}","templated":true}]}}