{"id":7972,"date":"2014-10-01T11:54:26","date_gmt":"2014-10-01T14:54:26","guid":{"rendered":"https:\/\/deportivadigital.com.ar\/v2\/perdio-el-partido-el-invicto-el-rumbo-vamos-albos-vos-podes\/"},"modified":"2014-10-01T11:54:26","modified_gmt":"2014-10-01T14:54:26","slug":"perdio-el-partido-el-invicto-el-rumbo-vamos-albos-vos-podes","status":"publish","type":"post","link":"https:\/\/deportivadigital.com.ar\/v2\/perdio-el-partido-el-invicto-el-rumbo-vamos-albos-vos-podes\/","title":{"rendered":"Perdi\u00f3 el partido, el invicto, &#8230;el rumbo?. \u00a1Vamos \u00abAlbos\u00bb, vos pod\u00e9s!"},"content":{"rendered":"<p>Se puede decir que el albo comenz\u00f3 bien el partido, atacando y con un buen juego, pero, sin concretar las ocasiones que dispuso. Su rival aprovecho en el primer tiempo la \u00fanica jugada de claridad que posey\u00f3 y abri\u00f3 el marcador.<\/p>\n<p>Con el correr del tiempo Atenas sigui\u00f3 atacando pero segu\u00eda sin tener contundencia y llegar\u00eda lo que termin\u00f3 de definir el partido&#8230; la expulsi\u00f3n de cuello por un codazo en la mitad de la cancha al ir a buscar una pelota dividida. Atenas se vio perdido, muy desorganizado luego de ello y no logro recuperarse.<\/p>\n<p>Comenz\u00f3 el segundo tiempo y de entrada Hurac\u00e1n volvi\u00f3 a golpear pero esta vez con 2 goles dejando as\u00ed el partido 3 a 0 con la ventaja de tener un jugador de m\u00e1s, el albo trato de reordenarse pero lo logro reci\u00e9n muy cerca del final cuando logra concretar el descuento que ser\u00eda solo para decorar el marcador. Una dura derrota para los locales que a pesar de esto contin\u00faan estando bien parados en el 2\u00b0 lugar en un grupo muy parejo donde qued\u00f3 m\u00e1s que demostrado que cualquiera puede ganarle a cualquiera.<\/p>\n<p><strong><em>TOMAS CARDOZO<\/em><\/strong><\/p>\n","protected":false},"excerpt":{"rendered":"<p>Se puede decir que el albo comenz\u00f3 bien el partido, atacando y con un buen juego, pero, sin concretar las ocasiones que dispuso. Su rival aprovecho en el primer tiempo la \u00fanica jugada de claridad que posey\u00f3 y abri\u00f3 el marcador. Con el correr del tiempo Atenas sigui\u00f3 atacando pero segu\u00eda sin tener contundencia y &hellip;<\/p>\n","protected":false},"author":2,"featured_media":0,"comment_status":"open","ping_status":"open","sticky":false,"template":"","format":"standard","meta":{"_jetpack_memberships_contains_paid_content":false,"footnotes":""},"categories":[98],"tags":[],"class_list":["post-7972","post","type-post","status-publish","format-standard","hentry","category-futbol"],"jetpack_featured_media_url":"","jetpack_sharing_enabled":true,"_links":{"self":[{"href":"https:\/\/deportivadigital.com.ar\/v2\/wp-json\/wp\/v2\/posts\/7972","targetHints":{"allow":["GET"]}}],"collection":[{"href":"https:\/\/deportivadigital.com.ar\/v2\/wp-json\/wp\/v2\/posts"}],"about":[{"href":"https:\/\/deportivadigital.com.ar\/v2\/wp-json\/wp\/v2\/types\/post"}],"author":[{"embeddable":true,"href":"https:\/\/deportivadigital.com.ar\/v2\/wp-json\/wp\/v2\/users\/2"}],"replies":[{"embeddable":true,"href":"https:\/\/deportivadigital.com.ar\/v2\/wp-json\/wp\/v2\/comments?post=7972"}],"version-history":[{"count":0,"href":"https:\/\/deportivadigital.com.ar\/v2\/wp-json\/wp\/v2\/posts\/7972\/revisions"}],"wp:attachment":[{"href":"https:\/\/deportivadigital.com.ar\/v2\/wp-json\/wp\/v2\/media?parent=7972"}],"wp:term":[{"taxonomy":"category","embeddable":true,"href":"https:\/\/deportivadigital.com.ar\/v2\/wp-json\/wp\/v2\/categories?post=7972"},{"taxonomy":"post_tag","embeddable":true,"href":"https:\/\/deportivadigital.com.ar\/v2\/wp-json\/wp\/v2\/tags?post=7972"}],"curies":[{"name":"wp","href":"https:\/\/api.w.org\/{rel}","templated":true}]}}