{"id":7957,"date":"2014-09-28T21:37:36","date_gmt":"2014-09-29T00:37:36","guid":{"rendered":"https:\/\/deportivadigital.com.ar\/v2\/tarde-oscura-para-los-equipos-de-la-lrfrc\/"},"modified":"2014-09-28T21:37:36","modified_gmt":"2014-09-29T00:37:36","slug":"tarde-oscura-para-los-equipos-de-la-lrfrc","status":"publish","type":"post","link":"https:\/\/deportivadigital.com.ar\/v2\/tarde-oscura-para-los-equipos-de-la-lrfrc\/","title":{"rendered":"Tarde oscura para los equipos de la Liga"},"content":{"rendered":"<p><img decoding=\"async\" style=\"margin-right: 5px; float: left;\" src=\"images\/stories\/futbol\/ArgentinoA\/Estudiantes_derrota.jpg\" alt=\"Estudiantes derrota\" width=\"180\" height=\"114\" \/>Completamente adverso fue el fin de semana para los equipos que representan a la Liga Regional en el Torneo Federal B.<\/p>\n<p>Atenas, Alianza y Estudiantes perdieron sus respectivos encuentros.<\/p>\n<p>  <!--more-->  <\/p>\n<p>&nbsp;<\/p>\n<p>Atenas perdi\u00f3 <span style=\"color: #3366ff;\"><strong>3<\/strong><\/span> a <span style=\"color: #3366ff;\"><strong>1<\/strong><\/span> con Hurac\u00e1n de Mendoza. Alianza Moldes tambi\u00e9n perdi\u00f3. Fue <span style=\"color: #3366ff;\"><strong>4<\/strong><\/span> a <span style=\"color: #3366ff;\"><strong>2<\/strong><\/span> con Jorge Newbery.<\/p>\n<p>Y para cerrar un fin de semana aciago, Estudiantes tambi\u00e9n cay\u00f3, ante Balloffet, por <span style=\"color: #3366ff;\"><strong>1<\/strong><\/span> a <span style=\"color: #3366ff;\"><strong>0<\/strong><\/span>, en Mendoza.<\/p>\n","protected":false},"excerpt":{"rendered":"<p>Completamente adverso fue el fin de semana para los equipos que representan a la Liga Regional en el Torneo Federal B. Atenas, Alianza y Estudiantes perdieron sus respectivos encuentros. &nbsp; Atenas perdi\u00f3 3 a 1 con Hurac\u00e1n de Mendoza. Alianza Moldes tambi\u00e9n perdi\u00f3. Fue 4 a 2 con Jorge Newbery. Y para cerrar un fin &hellip;<\/p>\n","protected":false},"author":2,"featured_media":0,"comment_status":"open","ping_status":"open","sticky":false,"template":"","format":"standard","meta":{"_jetpack_memberships_contains_paid_content":false,"footnotes":""},"categories":[98],"tags":[],"class_list":["post-7957","post","type-post","status-publish","format-standard","hentry","category-futbol"],"jetpack_featured_media_url":"","jetpack_sharing_enabled":true,"_links":{"self":[{"href":"https:\/\/deportivadigital.com.ar\/v2\/wp-json\/wp\/v2\/posts\/7957","targetHints":{"allow":["GET"]}}],"collection":[{"href":"https:\/\/deportivadigital.com.ar\/v2\/wp-json\/wp\/v2\/posts"}],"about":[{"href":"https:\/\/deportivadigital.com.ar\/v2\/wp-json\/wp\/v2\/types\/post"}],"author":[{"embeddable":true,"href":"https:\/\/deportivadigital.com.ar\/v2\/wp-json\/wp\/v2\/users\/2"}],"replies":[{"embeddable":true,"href":"https:\/\/deportivadigital.com.ar\/v2\/wp-json\/wp\/v2\/comments?post=7957"}],"version-history":[{"count":0,"href":"https:\/\/deportivadigital.com.ar\/v2\/wp-json\/wp\/v2\/posts\/7957\/revisions"}],"wp:attachment":[{"href":"https:\/\/deportivadigital.com.ar\/v2\/wp-json\/wp\/v2\/media?parent=7957"}],"wp:term":[{"taxonomy":"category","embeddable":true,"href":"https:\/\/deportivadigital.com.ar\/v2\/wp-json\/wp\/v2\/categories?post=7957"},{"taxonomy":"post_tag","embeddable":true,"href":"https:\/\/deportivadigital.com.ar\/v2\/wp-json\/wp\/v2\/tags?post=7957"}],"curies":[{"name":"wp","href":"https:\/\/api.w.org\/{rel}","templated":true}]}}