{"id":7922,"date":"2014-09-22T20:33:09","date_gmt":"2014-09-22T23:33:09","guid":{"rendered":"https:\/\/deportivadigital.com.ar\/v2\/doble-liderazgo-en-la-super\/"},"modified":"2014-09-22T20:33:09","modified_gmt":"2014-09-22T23:33:09","slug":"doble-liderazgo-en-la-super","status":"publish","type":"post","link":"https:\/\/deportivadigital.com.ar\/v2\/doble-liderazgo-en-la-super\/","title":{"rendered":"Doble liderazgo en la S\u00faper"},"content":{"rendered":"<p><img decoding=\"async\" style=\"margin-right: 5px; float: left;\" src=\"images\/stories\/LdP\/A_2014\/12Abr\/SS\/04.jpg\" alt=\"04\" width=\"180\" height=\"135\" \/>La de este fin de semana fue una fecha at\u00edpica en la categor\u00eda S\u00faper Senior de la Liga Deportiva de Profesionales. Es que dos partidos no se pudieron jugar. El Intercategor\u00eda, porque se defin\u00eda el certamen Maxi; Y el que ganaban los Abogados.&nbsp;<\/p>\n<p>Si no se modifican los resultados, ahora son dos los punteros.<\/p>\n<p>&nbsp;<\/p>\n<p>  <!--more-->  <\/p>\n<p>&nbsp;<\/p>\n<table border=\"1\" cellspacing=\"2\" cellpadding=\"2\" align=\"center\">\n<tbody>\n<tr>\n<td style=\"text-align: center; background-color: #4682b4;\" colspan=\"2\"><span style=\"color: #ffffff;\"><strong>20 DE SEPTIEMBRE<\/strong><\/span><span style=\"color: #ffffff;\"><\/span><\/td>\n<\/tr>\n<tr>\n<td>\n<ul>\n<li>Docentes <span style=\"color: #3366ff;\"><strong>5<\/strong><\/span><\/li>\n<li>Arquitectos <span style=\"color: #3366ff;\"><strong>2<\/strong><\/span><\/li>\n<\/ul>\n<\/td>\n<td rowspan=\"5\">\n<p><strong>POSICIONES<\/strong><\/p>\n<ol>\n<li><span style=\"color: #339966;\"><strong>Abogados 15<\/strong><\/span><\/li>\n<li><span style=\"color: #339966;\"><strong>M\u00e9d-Cdores 15<\/strong><\/span><\/li>\n<li>Fus. Prof. A <strong>14<\/strong><\/li>\n<li>Docentes<strong> 14<\/strong><\/li>\n<li>Fus. Libres<strong> 11<\/strong><\/li>\n<li>Fus. Prof. B<strong> 9<\/strong><\/li>\n<li>Arquitectos<strong> 9<\/strong><\/li>\n<\/ol>\n<\/td>\n<\/tr>\n<tr>\n<td>\n<ul>\n<li>M\u00e9dicos-Contadores <span style=\"color: #3366ff;\"><strong>2<\/strong><\/span><\/li>\n<li>Fusi\u00f3n de Libres <span style=\"color: #3366ff;\"><strong>0<\/strong><\/span><\/li>\n<\/ul>\n<\/td>\n<\/tr>\n<tr>\n<td>\n<ul>\n<li>Abogados <span style=\"color: #3366ff;\"><strong>2<br \/><\/strong><\/span><\/li>\n<li>Fusi\u00f3n de Profesionales B <span style=\"color: #3366ff;\"><strong>0<br \/><\/strong><\/span><\/li>\n<\/ul>\n<\/td>\n<\/tr>\n<tr>\n<td style=\"background-color: #4682b4;\">\n<p style=\"text-align: center;\"><span style=\"color: #ffffff;\"><strong>INTERCATEGOR\u00cdA<em><br \/><\/em><\/strong><\/span><\/p>\n<\/td>\n<\/tr>\n<tr>\n<td>\n<p><em>Libre:<\/em> Fusi\u00f3n de Profesionales A<\/p>\n<\/td>\n<\/tr>\n<\/tbody>\n<\/table>\n","protected":false},"excerpt":{"rendered":"<p>La de este fin de semana fue una fecha at\u00edpica en la categor\u00eda S\u00faper Senior de la Liga Deportiva de Profesionales. Es que dos partidos no se pudieron jugar. El Intercategor\u00eda, porque se defin\u00eda el certamen Maxi; Y el que ganaban los Abogados.&nbsp; Si no se modifican los resultados, ahora son dos los punteros. &nbsp; &hellip;<\/p>\n","protected":false},"author":2,"featured_media":0,"comment_status":"open","ping_status":"open","sticky":false,"template":"","format":"standard","meta":{"_jetpack_memberships_contains_paid_content":false,"footnotes":""},"categories":[63],"tags":[],"class_list":["post-7922","post","type-post","status-publish","format-standard","hentry","category-liga-de-profesionales"],"jetpack_featured_media_url":"","jetpack_sharing_enabled":true,"_links":{"self":[{"href":"https:\/\/deportivadigital.com.ar\/v2\/wp-json\/wp\/v2\/posts\/7922","targetHints":{"allow":["GET"]}}],"collection":[{"href":"https:\/\/deportivadigital.com.ar\/v2\/wp-json\/wp\/v2\/posts"}],"about":[{"href":"https:\/\/deportivadigital.com.ar\/v2\/wp-json\/wp\/v2\/types\/post"}],"author":[{"embeddable":true,"href":"https:\/\/deportivadigital.com.ar\/v2\/wp-json\/wp\/v2\/users\/2"}],"replies":[{"embeddable":true,"href":"https:\/\/deportivadigital.com.ar\/v2\/wp-json\/wp\/v2\/comments?post=7922"}],"version-history":[{"count":0,"href":"https:\/\/deportivadigital.com.ar\/v2\/wp-json\/wp\/v2\/posts\/7922\/revisions"}],"wp:attachment":[{"href":"https:\/\/deportivadigital.com.ar\/v2\/wp-json\/wp\/v2\/media?parent=7922"}],"wp:term":[{"taxonomy":"category","embeddable":true,"href":"https:\/\/deportivadigital.com.ar\/v2\/wp-json\/wp\/v2\/categories?post=7922"},{"taxonomy":"post_tag","embeddable":true,"href":"https:\/\/deportivadigital.com.ar\/v2\/wp-json\/wp\/v2\/tags?post=7922"}],"curies":[{"name":"wp","href":"https:\/\/api.w.org\/{rel}","templated":true}]}}