{"id":7844,"date":"2014-09-09T23:11:16","date_gmt":"2014-09-10T02:11:16","guid":{"rendered":"https:\/\/deportivadigital.com.ar\/v2\/requien-para-un-arquero\/"},"modified":"2014-09-09T23:11:16","modified_gmt":"2014-09-10T02:11:16","slug":"requien-para-un-arquero","status":"publish","type":"post","link":"https:\/\/deportivadigital.com.ar\/v2\/requien-para-un-arquero\/","title":{"rendered":"Requien para un arquero"},"content":{"rendered":"<p><cite>No tuvo elecci\u00f3n y fue de prepo. Lo mandaron al arco por \u00abmadera\u00bb. Se fue titubeando, aceptando el reto indefenso sin guantes ni rodilleras.<\/cite><\/p>\n<p><cite>En el potrero a puro sol y revolcones se hizo autodidacta en la gramilla. En el recreo el delantal hizo girones por la de \u00abtrapo\u00bb, pel\u00f3 codos y sus rodillas.<\/cite><\/p>\n<p><cite>Cuando el honor del barrio se jugaba en pleno \u00abpicado\u00bb de hacha y tiza su \u00abvieja\u00bb lo llam\u00f3 bajo amenaza a los mandados, sino viene la paliza.<\/cite><\/p>\n<p><cite>Comenz\u00f3 a cobijarse en los tres palos, el area chica fue su amiga y confidente, por un error pas\u00f3 de h\u00e9roe a villano, y a la redonda le di\u00f3 sus manos mansamente.<\/cite><\/p>\n<p><cite>Al ponerse hoy los cortos a puro unguento ir\u00e1 calentando los recuerdos y al atar sus botines somnolientos el retiro, su \u00abesqueleto\u00bb est\u00e1 pidiendo.<\/cite><\/p>\n<p><cite>Cada gol un nudo desatado y su arco sin red est\u00e1 quedando. Se le cort\u00f3 el piol\u00edn y est\u00e1 pensndo de colgar sus guantes ya gastados.<\/cite><\/p>\n<p><cite>En su \u00faltimo partido seguramente no habr\u00e1 homenajes ni plaquetas. Habitar\u00e1 su lugar de grandes tardes un lagrim\u00f3n mojar\u00e1 su camiseta.<\/cite><\/p>\n<p><cite>Al s\u00e1bado siguientes cargar\u00e1 su bolso viejo por la sana costumbre, que le dieron los a\u00f1os y al mirar el arco quedar\u00e1 perplejo porque de su boca escapar\u00e1 un: \u00abTE EXTRA\u00d1O\u00bb.<\/cite><\/p>\n<p>Negro TEBE. 08\/14<\/p>\n","protected":false},"excerpt":{"rendered":"<p>No tuvo elecci\u00f3n y fue de prepo. Lo mandaron al arco por \u00abmadera\u00bb. Se fue titubeando, aceptando el reto indefenso sin guantes ni rodilleras. En el potrero a puro sol y revolcones se hizo autodidacta en la gramilla. En el recreo el delantal hizo girones por la de \u00abtrapo\u00bb, pel\u00f3 codos y sus rodillas. Cuando &hellip;<\/p>\n","protected":false},"author":2,"featured_media":0,"comment_status":"open","ping_status":"open","sticky":false,"template":"","format":"standard","meta":{"_jetpack_memberships_contains_paid_content":false,"footnotes":""},"categories":[63],"tags":[],"class_list":["post-7844","post","type-post","status-publish","format-standard","hentry","category-liga-de-profesionales"],"jetpack_featured_media_url":"","jetpack_sharing_enabled":true,"_links":{"self":[{"href":"https:\/\/deportivadigital.com.ar\/v2\/wp-json\/wp\/v2\/posts\/7844","targetHints":{"allow":["GET"]}}],"collection":[{"href":"https:\/\/deportivadigital.com.ar\/v2\/wp-json\/wp\/v2\/posts"}],"about":[{"href":"https:\/\/deportivadigital.com.ar\/v2\/wp-json\/wp\/v2\/types\/post"}],"author":[{"embeddable":true,"href":"https:\/\/deportivadigital.com.ar\/v2\/wp-json\/wp\/v2\/users\/2"}],"replies":[{"embeddable":true,"href":"https:\/\/deportivadigital.com.ar\/v2\/wp-json\/wp\/v2\/comments?post=7844"}],"version-history":[{"count":0,"href":"https:\/\/deportivadigital.com.ar\/v2\/wp-json\/wp\/v2\/posts\/7844\/revisions"}],"wp:attachment":[{"href":"https:\/\/deportivadigital.com.ar\/v2\/wp-json\/wp\/v2\/media?parent=7844"}],"wp:term":[{"taxonomy":"category","embeddable":true,"href":"https:\/\/deportivadigital.com.ar\/v2\/wp-json\/wp\/v2\/categories?post=7844"},{"taxonomy":"post_tag","embeddable":true,"href":"https:\/\/deportivadigital.com.ar\/v2\/wp-json\/wp\/v2\/tags?post=7844"}],"curies":[{"name":"wp","href":"https:\/\/api.w.org\/{rel}","templated":true}]}}