{"id":7793,"date":"2014-08-31T03:36:55","date_gmt":"2014-08-31T06:36:55","guid":{"rendered":"https:\/\/deportivadigital.com.ar\/v2\/los-profes-recuperaron-la-memoria\/"},"modified":"2014-08-31T03:36:55","modified_gmt":"2014-08-31T06:36:55","slug":"los-profes-recuperaron-la-memoria","status":"publish","type":"post","link":"https:\/\/deportivadigital.com.ar\/v2\/los-profes-recuperaron-la-memoria\/","title":{"rendered":"Los profes recuperaron la memoria"},"content":{"rendered":"<p><img decoding=\"async\" style=\"margin-right: 5px; float: left;\" src=\"images\/stories\/LdP\/A_2014\/03May\/JR\/05.jpg\" alt=\"05\" width=\"180\" height=\"135\" \/>Luego de la dura derrota de la fecha previa, este s\u00e1bado los Docentes B volvieron a jugar como es habitual en ellos y vencieron, c\u00f3modamente, a los Agr\u00f3nomos.<\/p>\n<p>Fue un 4 a 1, pero signific\u00f3 m\u00e1s que un mero triunfo.<\/p>\n<p>  <!--more-->  <\/p>\n<p>&nbsp;<\/p>\n<table border=\"1\" cellspacing=\"2\" cellpadding=\"2\" align=\"center\">\n<tbody>\n<tr>\n<td style=\"text-align: center; background-color: #4682b4;\" colspan=\"2\"><span style=\"color: #ffffff;\"><strong>5\u00aa FECHA &#8211; CLAUSURA 2014<\/strong><\/span><\/td>\n<\/tr>\n<tr>\n<td style=\"text-align: center; background-color: #4682b4;\" colspan=\"2\"><span style=\"color: #ffffff;\"><strong>ZONA CAMPEONATO<\/strong><\/span><\/td>\n<\/tr>\n<tr>\n<td>\n<ul>\n<li>Docentes B&nbsp;<span style=\"color: #3366ff;\"><strong>4 <\/strong><span style=\"color: #000000;\"><em>(Lichieri, Ledesma, Novillo y Rosatti)<\/em><\/span><\/span><\/li>\n<li>Agr\u00f3nomos <span style=\"color: #3366ff;\"><strong>1 <\/strong><span style=\"color: #000000;\"><em>(Bruera)<\/em><\/span><\/span><\/li>\n<\/ul>\n<\/td>\n<td rowspan=\"5\">\n<p><strong>POSICIONES<\/strong><\/p>\n<ol>\n<li><span style=\"color: #339966;\"><strong>Docentes B 12<\/strong><\/span><\/li>\n<li>M\u00e9dicos A <strong>11<\/strong><\/li>\n<li>CECIS<strong> 10<\/strong><\/li>\n<li>Vis. M\u00e9dicos <strong>9<\/strong><\/li>\n<li>Agr\u00f3nomos<strong> 8<\/strong><\/li>\n<li>Docentes A <strong>6<\/strong><\/li>\n<li>Fus. Libres B <strong>5<\/strong><\/li>\n<li>Judiciales <strong>4<\/strong><\/li>\n<li>Contadores A <strong>3<\/strong><\/li>\n<li>Bco. C\u00f3rdoba <strong>1<\/strong><\/li>\n<\/ol>\n<\/td>\n<\/tr>\n<tr>\n<td>\n<ul>\n<li>Visitadores M\u00e9dicos <span style=\"color: #3366ff;\"><strong>2 <\/strong><span style=\"color: #000000;\"><em>(De Benedetti y N\u00fa\u00f1ez)<\/em><\/span><\/span><em><span style=\"color: #3366ff;\"><strong><br \/><\/strong><\/span><\/em><\/li>\n<li>Contadores A <span style=\"color: #3366ff;\"><strong>1 <\/strong><span style=\"color: #000000;\"><em>(Maza)<\/em><\/span><\/span><em><span style=\"color: #3366ff;\"><strong><br \/><\/strong><\/span><\/em><\/li>\n<\/ul>\n<\/td>\n<\/tr>\n<tr>\n<td>\n<ul>\n<li>Fusi\u00f3n de Libres B <strong style=\"color: #3366ff;\">2 <\/strong><em>(Gallastegui y Pinto)<\/em><\/li>\n<li>Banco C\u00f3rdoba <span style=\"color: #3366ff;\"><strong>1 <\/strong><span style=\"color: #000000;\"><em>(Zamora)<\/em><\/span><\/span><\/li>\n<\/ul>\n<\/td>\n<\/tr>\n<tr>\n<td>\n<ul>\n<li>CECIS <span style=\"color: #3366ff;\"><strong>1 <\/strong><span style=\"color: #000000;\"><em>(Lopez x2, Cambr\u00eda y Corradi)<br \/><\/em><\/span><\/span><\/li>\n<li>Docentes A <span style=\"color: #3366ff;\"><span><strong>0<\/strong><span style=\"color: #000000;\"><\/span><\/span><\/span><\/li>\n<\/ul>\n<\/td>\n<\/tr>\n<tr>\n<td>\n<ul>\n<li>Judiciales <strong style=\"color: #3366ff;\">0<\/strong><\/li>\n<li>M\u00e9dicos A&nbsp;<span style=\"color: #3366ff;\"><strong>4 <\/strong><span style=\"color: #000000;\"><em>(Beraldi x2, Olivero y Picotto)<\/em><\/span><\/span><\/li>\n<\/ul>\n<\/td>\n<\/tr>\n<tr>\n<td style=\"text-align: center; background-color: #4682b4;\" colspan=\"2\"><span style=\"color: #ffffff;\"><strong>ZONA ASCENSO<\/strong><\/span><\/td>\n<\/tr>\n<tr>\n<td>\n<ul>\n<li>Banco Popular <span style=\"color: #3366ff;\"><span style=\"color: #3366ff;\"><strong>3 <\/strong><span style=\"color: #000000;\"><em>(Carra x2 y Quiroga)<\/em><\/span><\/span><span style=\"color: #000000;\"><\/span><\/span><\/li>\n<li>Periodistas <span style=\"color: #3366ff;\"><span><span style=\"color: #3366ff;\"><strong>1 <\/strong><span style=\"color: #000000;\"><em>(Marconi)<\/em><\/span><\/span><span style=\"color: #000000;\"><\/span><\/span><\/span><\/li>\n<\/ul>\n<\/td>\n<td rowspan=\"5\">\n<p><strong>POSICIONES<\/strong><\/p>\n<ol>\n<li><span style=\"color: #339966;\"><strong>Abogados A 13<\/strong><\/span><\/li>\n<li>Contadores B <strong>12<\/strong><\/li>\n<li><span><span style=\"color: #000000;\">Bco. Cuyo<strong> 10<\/strong><\/span><\/span><\/li>\n<li><span>Fus. Libres A<strong> 8<\/strong><\/span><\/li>\n<li>M\u00e9dicos B <strong>7<\/strong><\/li>\n<li>Bco. Poplaer<strong> 7<\/strong><\/li>\n<li>Bco. Popular<strong> 7<\/strong><\/li>\n<li>Arquitectos<strong> 6<\/strong><\/li>\n<li>Abogados B <strong>1<\/strong><\/li>\n<li>Comunicadores&nbsp;<strong>0<\/strong><\/li>\n<\/ol>\n<\/td>\n<\/tr>\n<tr>\n<td>\n<ul>\n<li>Fusi\u00f3n de Libres A <strong style=\"color: #3366ff;\">2 <\/strong><em>(Juy y L\u00f3pez)<\/em><span style=\"color: #3366ff;\"><span style=\"color: #000000;\"><strong><br \/><\/strong><\/span><\/span><\/li>\n<li>Arquitectos <span style=\"color: #3366ff;\"><strong>3 <\/strong><span style=\"color: #000000;\"><em>(Vel\u00e1zquez, Farrell y Nusbaum)<\/em><\/span><\/span><\/li>\n<\/ul>\n<\/td>\n<\/tr>\n<tr>\n<td>\n<ul>\n<li>Abogados B <strong style=\"color: #3366ff;\">1 <\/strong><em>(Bertoldi)<\/em><\/li>\n<li>M\u00e9dicos B <span style=\"color: #3366ff;\"><strong>1 <\/strong><span style=\"color: #000000;\"><em>(Bina)<\/em><\/span><\/span><\/li>\n<\/ul>\n<\/td>\n<\/tr>\n<tr>\n<td>\n<ul>\n<li>Banco Cuyo <strong style=\"color: #3366ff;\">0<\/strong><em><strong style=\"color: #3366ff;\"><br \/><\/strong><\/em><\/li>\n<li>Contadores B <span style=\"color: #3366ff;\"><strong>1 <\/strong><span style=\"color: #000000;\"><em>(Tobares)<\/em><\/span><\/span><em><strong style=\"color: #3366ff;\"><br \/><\/strong><\/em><\/li>\n<\/ul>\n<\/td>\n<\/tr>\n<tr>\n<td>\n<ul>\n<li>Abogados A <strong style=\"color: #3366ff;\">6<span style=\"color: #3366ff;\"><\/span><\/strong><span style=\"color: #3366ff;\"><span style=\"color: #000000;\"><em>(S\u00e1nchez x3, Saladino, Birri y S\u00e1nchez Malo)<\/em><\/span><\/span><\/li>\n<li>Comunicadores <span style=\"color: #3366ff;\"><strong>0<\/strong><\/span><em><strong style=\"color: #3366ff;\"><br \/><\/strong><\/em><\/li>\n<\/ul>\n<\/td>\n<\/tr>\n<\/tbody>\n<\/table>\n<p><span style=\"color: #339966;\"><strong>C\u00d3MO SIGUE<\/strong><\/span><br \/>Detallamos a continuaci\u00f3n el programa de partidos previstos para el s\u00e1bado 6 de septiembre, en el marco de la sexta fecha del Clausura Junior 2014:<\/p>\n<p><span style=\"color: #3366ff;\"><strong>Zona Campeonato&nbsp;<br \/><\/strong><\/span><\/p>\n<ul>\n<li>Docentes B&nbsp;<span style=\"color: #ff0000;\"><strong>vs.<\/strong><\/span> Contadores A<\/li>\n<li>Agr\u00f3nomos <span style=\"color: #ff0000;\"><strong>vs.<\/strong><\/span> Banco C\u00f3rdoba<\/li>\n<li>Visitadores M\u00e9dicos <span style=\"color: #ff0000;\"><strong>vs.<\/strong><\/span> Docentes A<\/li>\n<li>Fusi\u00f3n de Lubres B <span style=\"color: #ff0000;\"><strong>vs.<\/strong><\/span> M\u00e9dicos A<\/li>\n<li>CECIS <span style=\"color: #ff0000;\"><strong>vs.<\/strong><\/span> Judiciales<\/li>\n<\/ul>\n<p><span style=\"color: #3366ff;\"><strong>Zona Ascenso<br \/><\/strong><\/span><\/p>\n<ul>\n<li>Banco Popular <span style=\"color: #ff0000;\"><strong>vs.<\/strong><\/span> Arquitectos<\/li>\n<li>Periodistas <span style=\"color: #ff0000;\"><strong>vs.<\/strong><\/span> M\u00e9dicos B<\/li>\n<li>Fusi\u00f3n de Libres A <span style=\"color: #ff0000;\"><strong>vs.<\/strong><\/span> Contadores B<\/li>\n<li>Abogados B <span style=\"color: #ff0000;\"><strong>vs.<\/strong><\/span> Comunicadores<\/li>\n<li>Banco Cuyo <span style=\"color: #ff0000;\"><strong>vs.<\/strong><\/span> Abogados A<\/li>\n<\/ul>\n","protected":false},"excerpt":{"rendered":"<p>Luego de la dura derrota de la fecha previa, este s\u00e1bado los Docentes B volvieron a jugar como es habitual en ellos y vencieron, c\u00f3modamente, a los Agr\u00f3nomos. Fue un 4 a 1, pero signific\u00f3 m\u00e1s que un mero triunfo. &nbsp; 5\u00aa FECHA &#8211; CLAUSURA 2014 ZONA CAMPEONATO Docentes B&nbsp;4 (Lichieri, Ledesma, Novillo y Rosatti) &hellip;<\/p>\n","protected":false},"author":2,"featured_media":0,"comment_status":"open","ping_status":"open","sticky":false,"template":"","format":"standard","meta":{"_jetpack_memberships_contains_paid_content":false,"footnotes":""},"categories":[63],"tags":[],"class_list":["post-7793","post","type-post","status-publish","format-standard","hentry","category-liga-de-profesionales"],"jetpack_featured_media_url":"","jetpack_sharing_enabled":true,"_links":{"self":[{"href":"https:\/\/deportivadigital.com.ar\/v2\/wp-json\/wp\/v2\/posts\/7793","targetHints":{"allow":["GET"]}}],"collection":[{"href":"https:\/\/deportivadigital.com.ar\/v2\/wp-json\/wp\/v2\/posts"}],"about":[{"href":"https:\/\/deportivadigital.com.ar\/v2\/wp-json\/wp\/v2\/types\/post"}],"author":[{"embeddable":true,"href":"https:\/\/deportivadigital.com.ar\/v2\/wp-json\/wp\/v2\/users\/2"}],"replies":[{"embeddable":true,"href":"https:\/\/deportivadigital.com.ar\/v2\/wp-json\/wp\/v2\/comments?post=7793"}],"version-history":[{"count":0,"href":"https:\/\/deportivadigital.com.ar\/v2\/wp-json\/wp\/v2\/posts\/7793\/revisions"}],"wp:attachment":[{"href":"https:\/\/deportivadigital.com.ar\/v2\/wp-json\/wp\/v2\/media?parent=7793"}],"wp:term":[{"taxonomy":"category","embeddable":true,"href":"https:\/\/deportivadigital.com.ar\/v2\/wp-json\/wp\/v2\/categories?post=7793"},{"taxonomy":"post_tag","embeddable":true,"href":"https:\/\/deportivadigital.com.ar\/v2\/wp-json\/wp\/v2\/tags?post=7793"}],"curies":[{"name":"wp","href":"https:\/\/api.w.org\/{rel}","templated":true}]}}