{"id":7669,"date":"2014-08-03T05:41:00","date_gmt":"2014-08-03T08:41:00","guid":{"rendered":"https:\/\/deportivadigital.com.ar\/v2\/empezo-el-clausura-de-los-junior\/"},"modified":"2014-08-03T05:41:00","modified_gmt":"2014-08-03T08:41:00","slug":"empezo-el-clausura-de-los-junior","status":"publish","type":"post","link":"https:\/\/deportivadigital.com.ar\/v2\/empezo-el-clausura-de-los-junior\/","title":{"rendered":"Empez\u00f3 el Clausura de los Junior"},"content":{"rendered":"<p><img decoding=\"async\" style=\"margin-right: 5px; float: left;\" src=\"images\/stories\/LdP\/A_2014\/08Mar\/JR\/03.jpg\" alt=\"03\" width=\"180\" height=\"135\" \/>Con un soleado d\u00eda dio inicio este s\u00e1bado 2 de agosto el campeonato Clausura 2014 de la categor\u00eda Junior. Y repitiendo la historia, Docentes B arranc\u00f3 ganando.<\/p>\n<p>Esta es la informaci\u00f3n de los partidos jugados:<\/p>\n<p>  <!--more-->  <\/p>\n<table border=\"1\" cellspacing=\"2\" cellpadding=\"2\" align=\"center\">\n<tbody>\n<tr>\n<td style=\"text-align: center; background-color: #4682b4;\" colspan=\"2\"><span style=\"color: #ffffff;\"><strong>1\u00aa FECHA &#8211; CLAUSURA 2014<\/strong><\/span><\/td>\n<\/tr>\n<tr>\n<td style=\"text-align: center; background-color: #4682b4;\" colspan=\"2\"><span style=\"color: #ffffff;\"><strong>ZONA CAMPEONATO<\/strong><\/span><\/td>\n<\/tr>\n<tr>\n<td>\n<ul>\n<li>Docentes B&nbsp;<strong style=\"color: #3366ff;\">3&nbsp;<\/strong><span><em>(Siravegna, Aballay y P\u00e9rez)<\/em><\/span><\/li>\n<li>Judiciales&nbsp;<span style=\"color: #3366ff;\"><strong>1 <\/strong><span style=\"color: #000000;\"><em>(L\u00f3pez)<\/em><\/span><\/span><\/li>\n<\/ul>\n<\/td>\n<td rowspan=\"5\">\n<p><strong>POSICIONES<\/strong><\/p>\n<ol>\n<li><span style=\"color: #339966;\"><strong>Docentes B 3<\/strong><\/span><\/li>\n<li><span style=\"color: #339966;\"><strong>Vis. M\u00e9dicos 3<\/strong><\/span><\/li>\n<li><span style=\"color: #339966;\"><strong>Docentes A 3<\/strong><\/span><\/li>\n<li>M\u00e9dicos A<strong> 1<\/strong><\/li>\n<li>CECIS<strong> 1<\/strong><\/li>\n<li>Agr\u00f3nomos<strong> 1<\/strong><\/li>\n<li>Contadores A&nbsp;<strong>1<\/strong><\/li>\n<li>Fus. Libres B&nbsp;<strong>0<\/strong><\/li>\n<li>Judiciales&nbsp;<strong>0<\/strong><\/li>\n<li>Bco. C\u00f3rdoba&nbsp;<strong>0<\/strong><\/li>\n<\/ol>\n<\/td>\n<\/tr>\n<tr>\n<td>\n<ul>\n<li>M\u00e9dicos A&nbsp;<span style=\"color: #3366ff;\"><strong>1 <\/strong><span style=\"color: #000000;\"><em>(Beraldi)<\/em><\/span><\/span><em><span style=\"color: #3366ff;\"><strong><br \/><\/strong><\/span><\/em><\/li>\n<li>CECIS&nbsp;<span style=\"color: #3366ff;\"><strong>1 <\/strong><span style=\"color: #000000;\"><em>(Mu\u00f1oz)<\/em><\/span><\/span><em><span style=\"color: #3366ff;\"><strong><br \/><\/strong><\/span><\/em><\/li>\n<\/ul>\n<\/td>\n<\/tr>\n<tr>\n<td>\n<ul>\n<li>Docentes A <span style=\"color: #3366ff;\"><strong>3 <\/strong><span style=\"color: #000000;\"><em>(Oviedo, De Haes y Gonz\u00e1lez)<\/em><\/span><\/span><\/li>\n<li>Fusi\u00f3n de Libres B&nbsp;<strong style=\"color: #3366ff;\">2&nbsp;<\/strong><span><em>(Mendizabal x2)<\/em><\/span><\/li>\n<\/ul>\n<\/td>\n<\/tr>\n<tr>\n<td>\n<ul>\n<li>Banco C\u00f3rdoba&nbsp;<span style=\"color: #3366ff;\"><strong>1 <\/strong><span style=\"color: #000000;\"><em>(Arias)<\/em><\/span><\/span><\/li>\n<li>Visitadores M\u00e9dicos&nbsp;<span style=\"color: #3366ff;\"><span style=\"color: #3366ff;\"><strong>3 <\/strong><span style=\"color: #000000;\"><em>(Ghiano x2 y Balladares)<\/em><\/span><\/span><span style=\"color: #000000;\"><\/span><\/span><\/li>\n<\/ul>\n<\/td>\n<\/tr>\n<tr>\n<td>\n<ul>\n<li>Contadores A&nbsp;<span style=\"color: #3366ff;\"><strong>1 <\/strong><span style=\"color: #000000;\"><em>(Dodi)<\/em><\/span><\/span><\/li>\n<li>Agr\u00f3nomos&nbsp;<span style=\"color: #3366ff;\"><strong>1 <\/strong><span style=\"color: #000000;\"><em>(Bruera)<\/em><\/span><\/span><\/li>\n<\/ul>\n<\/td>\n<\/tr>\n<tr>\n<td style=\"text-align: center; background-color: #4682b4;\" colspan=\"2\"><span style=\"color: #ffffff;\"><strong>ZONA ASCENSO<\/strong><\/span><\/td>\n<\/tr>\n<tr>\n<td>\n<ul>\n<li>Banco Popular&nbsp;<span style=\"color: #3366ff;\"><strong>2 <\/strong><span style=\"color: #000000;\"><em>(P\u00e9rez y Carra)<\/em><\/span><\/span><\/li>\n<li>Abogados A&nbsp;<span style=\"color: #3366ff;\"><span style=\"color: #3366ff;\"><strong>3 <\/strong><span style=\"color: #000000;\"><em>(S\u00e1nchez y Cucchietti x2)<\/em><\/span><\/span><span style=\"color: #000000;\"><\/span><\/span><\/li>\n<\/ul>\n<\/td>\n<td rowspan=\"5\">\n<p><strong>POSICIONES<\/strong><\/p>\n<ol>\n<li><span style=\"color: #339966;\"><strong>Periodistas 3<\/strong><\/span><\/li>\n<li><span style=\"color: #339966;\"><strong>Bco. Cuyo 3<\/strong><\/span><\/li>\n<li><span style=\"color: #339966;\"><strong>Abogados A 3<\/strong><\/span><\/li>\n<li><span style=\"color: #339966;\"><strong>Fus. Libres A 3<\/strong><\/span><\/li>\n<li><span style=\"color: #000000;\">M\u00e9dicos B<strong> 0<\/strong><\/span><\/li>\n<li>Bco. Popular<strong> 0<\/strong><\/li>\n<li>Arquitectos<strong> 0<\/strong><\/li>\n<li>Comunicadores<strong> 0<\/strong><\/li>\n<li>Contadores B&nbsp;<strong>0<\/strong><\/li>\n<li>Abogados B&nbsp;<strong>0<\/strong><\/li>\n<\/ol>\n<\/td>\n<\/tr>\n<tr>\n<td>\n<ul>\n<li>Comunicadores&nbsp;<span style=\"color: #3366ff;\"><strong><\/strong><strong style=\"color: #3366ff;\">1 <\/strong><span style=\"color: #000000;\"><em>(Garc\u00eda)<\/em><strong><br \/><\/strong><\/span><\/span><\/li>\n<li>Banco Cuyo&nbsp;<span style=\"color: #3366ff;\"><strong>3 <\/strong><span style=\"color: #000000;\"><em>(Fern\u00e1ndez, L\u00f3pez y Savini)<\/em><\/span><\/span><\/li>\n<\/ul>\n<\/td>\n<\/tr>\n<tr>\n<td>\n<ul>\n<li>M\u00e9dicos B&nbsp;<span style=\"color: #3366ff;\"><strong>0<\/strong><span style=\"color: #000000;\"><\/span><\/span><\/li>\n<li>Fusi\u00f3n de Libres A&nbsp;<span style=\"color: #3366ff;\"><strong>1 <\/strong><span style=\"color: #000000;\"><em>(Aimar)<\/em><\/span><\/span><\/li>\n<\/ul>\n<\/td>\n<\/tr>\n<tr>\n<td>\n<ul>\n<li>Arquitectos <span style=\"color: #3366ff;\"><strong>0<\/strong><\/span><em><strong style=\"color: #3366ff;\"><br \/><\/strong><\/em><\/li>\n<li>Periodistas <span style=\"color: #3366ff;\"><strong>2 <\/strong><span style=\"color: #000000;\"><em>(Marconi x2)<\/em><\/span><\/span><em><strong style=\"color: #3366ff;\"><br \/><\/strong><\/em><\/li>\n<\/ul>\n<\/td>\n<\/tr>\n<tr>\n<td>\n<ul>\n<li>Contadores B&nbsp;<span style=\"color: #3366ff;\"><strong>Postergado<\/strong><span style=\"color: #000000;\"><\/span><\/span><\/li>\n<li>Abogados B&nbsp;<span style=\"color: #3366ff;\"><strong>Postergado<\/strong><\/span><em><strong style=\"color: #3366ff;\"><br \/><\/strong><\/em><\/li>\n<\/ul>\n<\/td>\n<\/tr>\n<\/tbody>\n<\/table>\n<p><span style=\"color: #339966;\"><strong>C\u00d3MO SIGUE<\/strong><\/span><br \/>En la reuni\u00f3n de Comit\u00e9 de la semana entrante se definir\u00e1 el fixture de la segunda fecha.<\/p>\n","protected":false},"excerpt":{"rendered":"<p>Con un soleado d\u00eda dio inicio este s\u00e1bado 2 de agosto el campeonato Clausura 2014 de la categor\u00eda Junior. Y repitiendo la historia, Docentes B arranc\u00f3 ganando. Esta es la informaci\u00f3n de los partidos jugados: 1\u00aa FECHA &#8211; CLAUSURA 2014 ZONA CAMPEONATO Docentes B&nbsp;3&nbsp;(Siravegna, Aballay y P\u00e9rez) Judiciales&nbsp;1 (L\u00f3pez) POSICIONES Docentes B 3 Vis. M\u00e9dicos &hellip;<\/p>\n","protected":false},"author":2,"featured_media":0,"comment_status":"open","ping_status":"open","sticky":false,"template":"","format":"standard","meta":{"_jetpack_memberships_contains_paid_content":false,"footnotes":""},"categories":[63],"tags":[],"class_list":["post-7669","post","type-post","status-publish","format-standard","hentry","category-liga-de-profesionales"],"jetpack_featured_media_url":"","jetpack_sharing_enabled":true,"_links":{"self":[{"href":"https:\/\/deportivadigital.com.ar\/v2\/wp-json\/wp\/v2\/posts\/7669","targetHints":{"allow":["GET"]}}],"collection":[{"href":"https:\/\/deportivadigital.com.ar\/v2\/wp-json\/wp\/v2\/posts"}],"about":[{"href":"https:\/\/deportivadigital.com.ar\/v2\/wp-json\/wp\/v2\/types\/post"}],"author":[{"embeddable":true,"href":"https:\/\/deportivadigital.com.ar\/v2\/wp-json\/wp\/v2\/users\/2"}],"replies":[{"embeddable":true,"href":"https:\/\/deportivadigital.com.ar\/v2\/wp-json\/wp\/v2\/comments?post=7669"}],"version-history":[{"count":0,"href":"https:\/\/deportivadigital.com.ar\/v2\/wp-json\/wp\/v2\/posts\/7669\/revisions"}],"wp:attachment":[{"href":"https:\/\/deportivadigital.com.ar\/v2\/wp-json\/wp\/v2\/media?parent=7669"}],"wp:term":[{"taxonomy":"category","embeddable":true,"href":"https:\/\/deportivadigital.com.ar\/v2\/wp-json\/wp\/v2\/categories?post=7669"},{"taxonomy":"post_tag","embeddable":true,"href":"https:\/\/deportivadigital.com.ar\/v2\/wp-json\/wp\/v2\/tags?post=7669"}],"curies":[{"name":"wp","href":"https:\/\/api.w.org\/{rel}","templated":true}]}}