{"id":7639,"date":"2014-07-24T13:48:03","date_gmt":"2014-07-24T16:48:03","guid":{"rendered":"https:\/\/deportivadigital.com.ar\/v2\/al-final-llego-la-invitacion\/"},"modified":"2014-07-24T13:48:03","modified_gmt":"2014-07-24T16:48:03","slug":"al-final-llego-la-invitacion","status":"publish","type":"post","link":"https:\/\/deportivadigital.com.ar\/v2\/al-final-llego-la-invitacion\/","title":{"rendered":"Al final, lleg\u00f3 la invitaci\u00f3n."},"content":{"rendered":"<p><img decoding=\"async\" style=\"margin: 5px; float: left;\" src=\"images\/stories\/futbol\/AtenasFesteja_CopaArgentina.jpg\" alt=\"AtenasFesteja CopaArgentina\" \/>Atenas debe comenzar a armar el plantel para la categor\u00eda. La noticia generaba fuerte expectativa en la instituci\u00f3n y fue confirmada en las \u00faltimas horas de ayer v\u00eda Liga Regional.<\/p>\n<p>Para destacar, en el pr\u00f3ximo torneo no habr\u00e1 descenso, lo que le permitir\u00e1 al \u00abAlbo\u00bb, armar un equipo con m\u00e1s tranquiilidad y sabiendo que aunque los resultados no le acompa\u00f1en, mantendr\u00e1 la categor\u00eda. Ampliaremos<\/p>\n","protected":false},"excerpt":{"rendered":"<p>Atenas debe comenzar a armar el plantel para la categor\u00eda. La noticia generaba fuerte expectativa en la instituci\u00f3n y fue confirmada en las \u00faltimas horas de ayer v\u00eda Liga Regional. Para destacar, en el pr\u00f3ximo torneo no habr\u00e1 descenso, lo que le permitir\u00e1 al \u00abAlbo\u00bb, armar un equipo con m\u00e1s tranquiilidad y sabiendo que aunque &hellip;<\/p>\n","protected":false},"author":2,"featured_media":0,"comment_status":"open","ping_status":"open","sticky":false,"template":"","format":"standard","meta":{"_jetpack_memberships_contains_paid_content":false,"footnotes":""},"categories":[98],"tags":[],"class_list":["post-7639","post","type-post","status-publish","format-standard","hentry","category-futbol"],"jetpack_featured_media_url":"","jetpack_sharing_enabled":true,"_links":{"self":[{"href":"https:\/\/deportivadigital.com.ar\/v2\/wp-json\/wp\/v2\/posts\/7639","targetHints":{"allow":["GET"]}}],"collection":[{"href":"https:\/\/deportivadigital.com.ar\/v2\/wp-json\/wp\/v2\/posts"}],"about":[{"href":"https:\/\/deportivadigital.com.ar\/v2\/wp-json\/wp\/v2\/types\/post"}],"author":[{"embeddable":true,"href":"https:\/\/deportivadigital.com.ar\/v2\/wp-json\/wp\/v2\/users\/2"}],"replies":[{"embeddable":true,"href":"https:\/\/deportivadigital.com.ar\/v2\/wp-json\/wp\/v2\/comments?post=7639"}],"version-history":[{"count":0,"href":"https:\/\/deportivadigital.com.ar\/v2\/wp-json\/wp\/v2\/posts\/7639\/revisions"}],"wp:attachment":[{"href":"https:\/\/deportivadigital.com.ar\/v2\/wp-json\/wp\/v2\/media?parent=7639"}],"wp:term":[{"taxonomy":"category","embeddable":true,"href":"https:\/\/deportivadigital.com.ar\/v2\/wp-json\/wp\/v2\/categories?post=7639"},{"taxonomy":"post_tag","embeddable":true,"href":"https:\/\/deportivadigital.com.ar\/v2\/wp-json\/wp\/v2\/tags?post=7639"}],"curies":[{"name":"wp","href":"https:\/\/api.w.org\/{rel}","templated":true}]}}