{"id":7613,"date":"2014-07-16T23:04:37","date_gmt":"2014-07-17T02:04:37","guid":{"rendered":"https:\/\/deportivadigital.com.ar\/v2\/atenas-al-federal-b-inminente-confirmacion\/"},"modified":"2014-07-16T23:04:37","modified_gmt":"2014-07-17T02:04:37","slug":"atenas-al-federal-b-inminente-confirmacion","status":"publish","type":"post","link":"https:\/\/deportivadigital.com.ar\/v2\/atenas-al-federal-b-inminente-confirmacion\/","title":{"rendered":"Atenas al Federal \u00abB\u00bb. Inminente confirmaci\u00f3n"},"content":{"rendered":"<p><img decoding=\"async\" style=\"margin: 5px; float: left;\" src=\"images\/stories\/instituciones\/AAE\/Centenario\/Isaguirre.jpg\" alt=\"Isaguirre\" width=\"104\" height=\"130\" \/>Despu\u00e9s de tanto <strong>\u00abrenegar\u00bb<\/strong> contra las invitaciones, hoy parece que el destino, o mejor, las decisiones del Comit\u00e9 Federal de AFA, Atenas podr\u00eda incursionar en el torneo<strong> Federal \u00abB\u00bb,<\/strong> acompa\u00f1ando a su eterno rival Estudiantes y Alianza de Moldes. &nbsp;<\/p>\n<p>Seg\u00fan las \u00faltimas novedades, el venidero viernes saldr\u00eda la invitaci\u00f3n oficial para \u00ablos albos\u00bb riocuartenses. Ampliaremos.<\/p>\n","protected":false},"excerpt":{"rendered":"<p>Despu\u00e9s de tanto \u00abrenegar\u00bb contra las invitaciones, hoy parece que el destino, o mejor, las decisiones del Comit\u00e9 Federal de AFA, Atenas podr\u00eda incursionar en el torneo Federal \u00abB\u00bb, acompa\u00f1ando a su eterno rival Estudiantes y Alianza de Moldes. &nbsp; Seg\u00fan las \u00faltimas novedades, el venidero viernes saldr\u00eda la invitaci\u00f3n oficial para \u00ablos albos\u00bb riocuartenses. &hellip;<\/p>\n","protected":false},"author":2,"featured_media":0,"comment_status":"open","ping_status":"open","sticky":false,"template":"","format":"standard","meta":{"_jetpack_memberships_contains_paid_content":false,"footnotes":""},"categories":[98],"tags":[],"class_list":["post-7613","post","type-post","status-publish","format-standard","hentry","category-futbol"],"jetpack_featured_media_url":"","jetpack_sharing_enabled":true,"_links":{"self":[{"href":"https:\/\/deportivadigital.com.ar\/v2\/wp-json\/wp\/v2\/posts\/7613","targetHints":{"allow":["GET"]}}],"collection":[{"href":"https:\/\/deportivadigital.com.ar\/v2\/wp-json\/wp\/v2\/posts"}],"about":[{"href":"https:\/\/deportivadigital.com.ar\/v2\/wp-json\/wp\/v2\/types\/post"}],"author":[{"embeddable":true,"href":"https:\/\/deportivadigital.com.ar\/v2\/wp-json\/wp\/v2\/users\/2"}],"replies":[{"embeddable":true,"href":"https:\/\/deportivadigital.com.ar\/v2\/wp-json\/wp\/v2\/comments?post=7613"}],"version-history":[{"count":0,"href":"https:\/\/deportivadigital.com.ar\/v2\/wp-json\/wp\/v2\/posts\/7613\/revisions"}],"wp:attachment":[{"href":"https:\/\/deportivadigital.com.ar\/v2\/wp-json\/wp\/v2\/media?parent=7613"}],"wp:term":[{"taxonomy":"category","embeddable":true,"href":"https:\/\/deportivadigital.com.ar\/v2\/wp-json\/wp\/v2\/categories?post=7613"},{"taxonomy":"post_tag","embeddable":true,"href":"https:\/\/deportivadigital.com.ar\/v2\/wp-json\/wp\/v2\/tags?post=7613"}],"curies":[{"name":"wp","href":"https:\/\/api.w.org\/{rel}","templated":true}]}}