{"id":7345,"date":"2014-05-13T14:04:31","date_gmt":"2014-05-13T17:04:31","guid":{"rendered":"https:\/\/deportivadigital.com.ar\/v2\/vuelve-un-festival-al-corsodromo\/"},"modified":"2014-05-13T14:04:31","modified_gmt":"2014-05-13T17:04:31","slug":"vuelve-un-festival-al-corsodromo","status":"publish","type":"post","link":"https:\/\/deportivadigital.com.ar\/v2\/vuelve-un-festival-al-corsodromo\/","title":{"rendered":"Vuelve un festival al cors\u00f3dromo"},"content":{"rendered":"<p><img decoding=\"async\" style=\"margin: 5px; float: left;\" src=\"images\/stories\/ciclismo\/Ilustra.jpg\" alt=\"Ilustra\" \/>El pr\u00f3ximo domingo 25 de mayo, se llevar\u00e1 a cabo en nuestra ciudad el gran premio de ciclismo \u00abMunicipalidad de R\u00edo Cuarto\u00bb.<br \/>El mismo es <strong>organizado por la agrupaci\u00f3n Ex Ciclistas de R\u00edo Cuarto<\/strong>, fiscalizado por la Asociaci\u00f3n Ciclista del Sur de C\u00f3rdoba y auspiciado por la <strong>Fundaci\u00f3n Deportiva Municipal.<\/strong><\/p>\n<p>  <!--more-->  <\/p>\n<p>Este gran premio se disputar\u00e1 en el <strong>circuito montado en el cors\u00f3dromo<\/strong> de nuestra ciudad, en un extensi\u00f3n de 1400 metros de distancia.<br \/>La prueba est\u00e1 reservada para corredores con licencia 2014, los cuales ser\u00e1n divididos en las siguientes categor\u00edas: Clase 97,98 y 99, Promocionales, Master C-D Damas, Especial Damas, Master A y B, Especial D y Especial B.<br \/>La<strong> entrada ser\u00e1 libre y gratuita<\/strong> y las competencias se pondr\u00e1n en marcha a las 14hs.<br \/>Por cualquier consulta o informaci\u00f3n, llamar al<strong> Sr. Ram\u00f3n Arias<\/strong> a los tel\u00e9fonos (0358)-4660059 o (0358) 154365615.<\/p>\n","protected":false},"excerpt":{"rendered":"<p>El pr\u00f3ximo domingo 25 de mayo, se llevar\u00e1 a cabo en nuestra ciudad el gran premio de ciclismo \u00abMunicipalidad de R\u00edo Cuarto\u00bb.El mismo es organizado por la agrupaci\u00f3n Ex Ciclistas de R\u00edo Cuarto, fiscalizado por la Asociaci\u00f3n Ciclista del Sur de C\u00f3rdoba y auspiciado por la Fundaci\u00f3n Deportiva Municipal. Este gran premio se disputar\u00e1 en &hellip;<\/p>\n","protected":false},"author":2,"featured_media":0,"comment_status":"open","ping_status":"open","sticky":false,"template":"","format":"standard","meta":{"_jetpack_memberships_contains_paid_content":false,"footnotes":""},"categories":[50],"tags":[],"class_list":["post-7345","post","type-post","status-publish","format-standard","hentry","category-ciclismo"],"jetpack_featured_media_url":"","jetpack_sharing_enabled":true,"_links":{"self":[{"href":"https:\/\/deportivadigital.com.ar\/v2\/wp-json\/wp\/v2\/posts\/7345","targetHints":{"allow":["GET"]}}],"collection":[{"href":"https:\/\/deportivadigital.com.ar\/v2\/wp-json\/wp\/v2\/posts"}],"about":[{"href":"https:\/\/deportivadigital.com.ar\/v2\/wp-json\/wp\/v2\/types\/post"}],"author":[{"embeddable":true,"href":"https:\/\/deportivadigital.com.ar\/v2\/wp-json\/wp\/v2\/users\/2"}],"replies":[{"embeddable":true,"href":"https:\/\/deportivadigital.com.ar\/v2\/wp-json\/wp\/v2\/comments?post=7345"}],"version-history":[{"count":0,"href":"https:\/\/deportivadigital.com.ar\/v2\/wp-json\/wp\/v2\/posts\/7345\/revisions"}],"wp:attachment":[{"href":"https:\/\/deportivadigital.com.ar\/v2\/wp-json\/wp\/v2\/media?parent=7345"}],"wp:term":[{"taxonomy":"category","embeddable":true,"href":"https:\/\/deportivadigital.com.ar\/v2\/wp-json\/wp\/v2\/categories?post=7345"},{"taxonomy":"post_tag","embeddable":true,"href":"https:\/\/deportivadigital.com.ar\/v2\/wp-json\/wp\/v2\/tags?post=7345"}],"curies":[{"name":"wp","href":"https:\/\/api.w.org\/{rel}","templated":true}]}}