{"id":7337,"date":"2014-05-11T21:00:37","date_gmt":"2014-05-12T00:00:37","guid":{"rendered":"https:\/\/deportivadigital.com.ar\/v2\/cuatro-arriba\/"},"modified":"2014-05-11T21:00:37","modified_gmt":"2014-05-12T00:00:37","slug":"cuatro-arriba","status":"publish","type":"post","link":"https:\/\/deportivadigital.com.ar\/v2\/cuatro-arriba\/","title":{"rendered":"Cuatro arriba"},"content":{"rendered":"<p><img decoding=\"async\" style=\"margin-right: 5px; float: left;\" src=\"images\/stories\/ET\/A_2013\/20Abr\/03.jpg\" alt=\"03\" width=\"180\" height=\"135\" \/>Se jug\u00f3 el s\u00e1bado la tercera fecha del nuevo certamen de la Liga de Veteranos El Talar. Los resultados determinaron que sean cuatro los equipos que comandan las posiciones.<\/p>\n<p>Esta es la informaci\u00f3n de la jornada:<\/p>\n<p>  <!--more-->  <\/p>\n<p>&nbsp;<\/p>\n<table style=\"color: #333333; font-family: Helvetica,Arial,FreeSans,sans-serif; font-size: 12px; line-height: 16px;\" border=\"1\" cellspacing=\"2\" cellpadding=\"2\" align=\"center\">\n<tbody>\n<tr>\n<td style=\"text-align: center; background-color: #4682b4;\" colspan=\"2\"><strong><span style=\"color: #ffffff;\">3\u00aa FECHA &#8211; 10 MAYO<br \/><\/span><\/strong><\/td>\n<\/tr>\n<tr>\n<td style=\"font-family: Helvetica,Arial,FreeSans,sans-serif;\">\n<ul>\n<li>Talleres <span style=\"color: #3366ff;\"><strong>1<\/strong><\/span><\/li>\n<li>Constructora Britos <span style=\"color: #3366ff;\"><strong>0<\/strong><\/span><\/li>\n<\/ul>\n<\/td>\n<td style=\"font-family: Helvetica,Arial,FreeSans,sans-serif;\" rowspan=\"4\"><strong>POSICIONES<\/strong><\/p>\n<ol style=\"color: #333333;\">\n<li><span style=\"color: #339966;\"><strong>Talleres 6<\/strong><\/span><\/li>\n<li><span style=\"color: #339966;\"><strong>Ur\u00fa Cur\u00e9 6<\/strong><\/span><\/li>\n<li><span style=\"color: #339966;\"><strong>Frenos W 6<\/strong><\/span><\/li>\n<li><span style=\"color: #339966;\"><strong>Atenas 6<\/strong><\/span><\/li>\n<li>Britos <strong>4<\/strong><\/li>\n<li>Ab. Imperio <strong>3<\/strong><\/li>\n<li>Est. Juncos <strong>2<\/strong><\/li>\n<li>Moreno <strong>2<\/strong><\/li>\n<\/ol>\n<\/td>\n<\/tr>\n<tr>\n<td>\n<ul>\n<li>Ur\u00fa Cur\u00e9 <strong><span style=\"color: #3366ff;\">2<\/span><\/strong><\/li>\n<li>Aberturas Imperio <span style=\"color: #3366ff;\"><strong>0<\/strong><\/span><\/li>\n<\/ul>\n<\/td>\n<\/tr>\n<tr>\n<td style=\"font-family: Helvetica,Arial,FreeSans,sans-serif;\">\n<ul>\n<li>Frenos W <span style=\"color: #3366ff;\"><strong>4<\/strong><\/span><\/li>\n<li>Moreno <span style=\"color: #3366ff;\"><strong>2<\/strong><\/span> <span style=\"font-family: verdana,geneva; font-size: 10pt;\"><span style=\"color: #3366ff;\"><strong><br \/><\/strong><\/span><\/span><\/li>\n<\/ul>\n<\/td>\n<\/tr>\n<tr>\n<td>\n<ul>\n<li>Estrucutras Juncos <span style=\"color: #3366ff;\"><strong>0<\/strong><\/span><\/li>\n<li>Atenas <span style=\"color: #3366ff;\"><strong>2<\/strong><\/span><\/li>\n<\/ul>\n<\/td>\n<\/tr>\n<\/tbody>\n<\/table>\n<p><span style=\"color: #339966;\"><strong>La cuarta<\/strong><\/span> <br \/>El s\u00e1bado 17 de mayo se jugar\u00e1 la cuarta fecha, y este ser\u00e1 el fixture:<\/p>\n<ul>\n<li>Ur\u00fa Cur\u00e9 <span style=\"color: #ff0000;\"><strong>vs.<\/strong><\/span> Talleres<\/li>\n<li>Frenos W <span style=\"color: #ff0000;\"><strong>vs.<\/strong><\/span> Constructora Britos<\/li>\n<li>Estructuras Juncos <span style=\"color: #ff0000;\"><strong>vs.<\/strong><\/span> Aberturas Imperio<\/li>\n<li>Atenas <span style=\"color: #ff0000;\"><strong>vs.<\/strong><\/span> Moreno<\/li>\n<\/ul>\n","protected":false},"excerpt":{"rendered":"<p>Se jug\u00f3 el s\u00e1bado la tercera fecha del nuevo certamen de la Liga de Veteranos El Talar. Los resultados determinaron que sean cuatro los equipos que comandan las posiciones. Esta es la informaci\u00f3n de la jornada: &nbsp; 3\u00aa FECHA &#8211; 10 MAYO Talleres 1 Constructora Britos 0 POSICIONES Talleres 6 Ur\u00fa Cur\u00e9 6 Frenos W &hellip;<\/p>\n","protected":false},"author":2,"featured_media":0,"comment_status":"open","ping_status":"open","sticky":false,"template":"","format":"standard","meta":{"_jetpack_memberships_contains_paid_content":false,"footnotes":""},"categories":[89],"tags":[],"class_list":["post-7337","post","type-post","status-publish","format-standard","hentry","category-liga-de-veteranos-el-talar"],"jetpack_featured_media_url":"","jetpack_sharing_enabled":true,"_links":{"self":[{"href":"https:\/\/deportivadigital.com.ar\/v2\/wp-json\/wp\/v2\/posts\/7337","targetHints":{"allow":["GET"]}}],"collection":[{"href":"https:\/\/deportivadigital.com.ar\/v2\/wp-json\/wp\/v2\/posts"}],"about":[{"href":"https:\/\/deportivadigital.com.ar\/v2\/wp-json\/wp\/v2\/types\/post"}],"author":[{"embeddable":true,"href":"https:\/\/deportivadigital.com.ar\/v2\/wp-json\/wp\/v2\/users\/2"}],"replies":[{"embeddable":true,"href":"https:\/\/deportivadigital.com.ar\/v2\/wp-json\/wp\/v2\/comments?post=7337"}],"version-history":[{"count":0,"href":"https:\/\/deportivadigital.com.ar\/v2\/wp-json\/wp\/v2\/posts\/7337\/revisions"}],"wp:attachment":[{"href":"https:\/\/deportivadigital.com.ar\/v2\/wp-json\/wp\/v2\/media?parent=7337"}],"wp:term":[{"taxonomy":"category","embeddable":true,"href":"https:\/\/deportivadigital.com.ar\/v2\/wp-json\/wp\/v2\/categories?post=7337"},{"taxonomy":"post_tag","embeddable":true,"href":"https:\/\/deportivadigital.com.ar\/v2\/wp-json\/wp\/v2\/tags?post=7337"}],"curies":[{"name":"wp","href":"https:\/\/api.w.org\/{rel}","templated":true}]}}