{"id":7020,"date":"2014-03-07T15:48:40","date_gmt":"2014-03-07T18:48:40","guid":{"rendered":"https:\/\/deportivadigital.com.ar\/v2\/los-super-tambien-juegan\/"},"modified":"2014-03-07T15:48:40","modified_gmt":"2014-03-07T18:48:40","slug":"los-super-tambien-juegan","status":"publish","type":"post","link":"https:\/\/deportivadigital.com.ar\/v2\/los-super-tambien-juegan\/","title":{"rendered":"Los S\u00faper tambi\u00e9n juegan"},"content":{"rendered":"<p><img decoding=\"async\" style=\"margin-right: 5px; float: left;\" src=\"images\/stories\/LdP\/A_2013\/06Abr\/SS\/03.jpg\" alt=\"03\" width=\"180\" height=\"135\" \/>Tal como anunciamos, este s\u00e1bado comienza el torneo oficial de la divisional S\u00faper Senior de la <strong>Liga de Profesionales,<\/strong> que se disputa en las canchas de Agrupaci\u00f3n Ranqueles.<\/p>\n<p>El fixture de laprimera fecha ser\u00e1 el siguiente:<\/p>\n<p>  <!--more-->  <\/p>\n<p>&nbsp;<\/p>\n<ul>\n<li>M\u00e9dicos-Contadores<span style=\"color: #ff0000;\"><strong> vs.<\/strong><\/span> Profesionales B<\/li>\n<li>Abogados <span style=\"color: #ff0000;\"><strong>vs.<\/strong><\/span> Docentes<\/li>\n<li>Profesionales A <span style=\"color: #ff0000;\"><strong>vs.<\/strong><\/span> Arquitectos<\/li>\n<li>Bancarios <span style=\"color: #ff0000;\"><strong>vs.<\/strong><\/span> Fusi\u00f3n de Libres (interzonal)<\/li>\n<\/ul>\n","protected":false},"excerpt":{"rendered":"<p>Tal como anunciamos, este s\u00e1bado comienza el torneo oficial de la divisional S\u00faper Senior de la Liga de Profesionales, que se disputa en las canchas de Agrupaci\u00f3n Ranqueles. El fixture de laprimera fecha ser\u00e1 el siguiente: &nbsp; M\u00e9dicos-Contadores vs. Profesionales B Abogados vs. Docentes Profesionales A vs. Arquitectos Bancarios vs. Fusi\u00f3n de Libres (interzonal)<\/p>\n","protected":false},"author":2,"featured_media":0,"comment_status":"open","ping_status":"open","sticky":false,"template":"","format":"standard","meta":{"_jetpack_memberships_contains_paid_content":false,"footnotes":""},"categories":[63],"tags":[],"class_list":["post-7020","post","type-post","status-publish","format-standard","hentry","category-liga-de-profesionales"],"jetpack_featured_media_url":"","jetpack_sharing_enabled":true,"_links":{"self":[{"href":"https:\/\/deportivadigital.com.ar\/v2\/wp-json\/wp\/v2\/posts\/7020","targetHints":{"allow":["GET"]}}],"collection":[{"href":"https:\/\/deportivadigital.com.ar\/v2\/wp-json\/wp\/v2\/posts"}],"about":[{"href":"https:\/\/deportivadigital.com.ar\/v2\/wp-json\/wp\/v2\/types\/post"}],"author":[{"embeddable":true,"href":"https:\/\/deportivadigital.com.ar\/v2\/wp-json\/wp\/v2\/users\/2"}],"replies":[{"embeddable":true,"href":"https:\/\/deportivadigital.com.ar\/v2\/wp-json\/wp\/v2\/comments?post=7020"}],"version-history":[{"count":0,"href":"https:\/\/deportivadigital.com.ar\/v2\/wp-json\/wp\/v2\/posts\/7020\/revisions"}],"wp:attachment":[{"href":"https:\/\/deportivadigital.com.ar\/v2\/wp-json\/wp\/v2\/media?parent=7020"}],"wp:term":[{"taxonomy":"category","embeddable":true,"href":"https:\/\/deportivadigital.com.ar\/v2\/wp-json\/wp\/v2\/categories?post=7020"},{"taxonomy":"post_tag","embeddable":true,"href":"https:\/\/deportivadigital.com.ar\/v2\/wp-json\/wp\/v2\/tags?post=7020"}],"curies":[{"name":"wp","href":"https:\/\/api.w.org\/{rel}","templated":true}]}}