{"id":6240,"date":"2013-09-01T06:24:35","date_gmt":"2013-09-01T09:24:35","guid":{"rendered":"https:\/\/deportivadigital.com.ar\/v2\/abogados-vencio-al-puntero-super-senior\/"},"modified":"2013-09-01T06:24:35","modified_gmt":"2013-09-01T09:24:35","slug":"abogados-vencio-al-puntero-super-senior","status":"publish","type":"post","link":"https:\/\/deportivadigital.com.ar\/v2\/abogados-vencio-al-puntero-super-senior\/","title":{"rendered":"Abogados venci\u00f3 al puntero S\u00faper Senior"},"content":{"rendered":"<p><span style=\"font-family: verdana,geneva; font-size: 10pt;\" data-mce-mark=\"1\"><img decoding=\"async\" style=\"margin-right: 5px; float: left;\" alt=\"10\" src=\"images\/stories\/LdP\/C_2013\/31Ago\/SS\/10.jpg\" height=\"135\" width=\"180\" \/>Podr\u00edamos decir que fue el resultado sorpresa de la tarde en las canchas de la Asocaci\u00f3n Regional Ranqueles. Es que los letrados se impusieron ante los profes, que a pesar de no sumar, siguen siendo los \u00fanicos l\u00edderes del certamen.<\/span><\/p>\n<p><span style=\"font-family: verdana,geneva; font-size: 10pt;\">Esta es la estad\u00edstica de la fecha:<\/span><\/p>\n<p> <!--more--> <\/p>\n<p style=\"margin-top: 10px; margin-bottom: 15px; font-family: Helvetica,Arial,FreeSans,sans-serif; line-height: 15.4545px;\"><span style=\"font-family: verdana,geneva; font-size: 10pt;\" data-mce-mark=\"1\"><\/span><\/p>\n<p style=\"margin-top: 10px; margin-bottom: 15px; font-family: Helvetica,Arial,FreeSans,sans-serif; line-height: 16px;\"><span style=\"font-family: verdana,geneva; font-size: 10pt;\" data-mce-mark=\"1\"><\/span><\/p>\n<table style=\"color: #333333; font-family: Helvetica,Arial,FreeSans,sans-serif; font-size: 12px; line-height: 16px;\" border=\"1\" cellpadding=\"1\" cellspacing=\"1\" align=\"center\">\n<tbody>\n<tr align=\"center\">\n<td style=\"font-family: Helvetica,Arial,FreeSans,sans-serif; background-color: #006699;\" colspan=\"2\"><span style=\"color: #ffffff; font-family: verdana,geneva; font-size: 10pt;\" data-mce-mark=\"1\"><strong>9\u00aa FECHA &#8211; CLAUSURA 2013<\/strong><\/span><\/td>\n<\/tr>\n<tr>\n<td style=\"font-family: Helvetica,Arial,FreeSans,sans-serif;\">\n<ul>\n<li><span style=\"font-family: verdana,geneva; font-size: 10pt;\" data-mce-mark=\"1\">Fusi\u00f3n Libre <span style=\"color: #3366ff;\" data-mce-mark=\"1\"><strong>3 <br \/><\/strong><\/span><\/span><\/li>\n<li><span style=\"font-family: verdana,geneva; font-size: 13.6364px;\" data-mce-mark=\"1\"><span style=\"color: #000000; font-family: verdana,geneva; font-size: 13.6364px; line-height: 15.9943px;\">Mutual M\u00e9dica<\/span> <\/span><span style=\"font-family: verdana,geneva; font-size: 13.6364px; color: #3366ff;\" data-mce-mark=\"1\"><strong>0<\/strong><\/span><\/li>\n<\/ul>\n<\/td>\n<td style=\"font-family: Helvetica,Arial,FreeSans,sans-serif;\" rowspan=\"5\">\n<p style=\"margin-top: 10px; margin-bottom: 15px;\"><span style=\"font-family: verdana,geneva; font-size: 10pt;\" data-mce-mark=\"1\"><strong>POSICIONES<\/strong><\/span><\/p>\n<ol>\n<li><span style=\"color: #339966;\"><strong><span style=\"font-family: verdana,geneva; font-size: 10pt;\" data-mce-mark=\"1\">Docentes 13<\/span><\/strong><\/span><\/li>\n<li><span style=\"font-family: verdana,geneva; font-size: 10pt;\" data-mce-mark=\"1\">Fus. Libre <strong>12<\/strong><br data-mce-bogus=\"1\" \/><\/span><\/li>\n<li><span style=\"font-family: verdana,geneva; font-size: 10pt;\" data-mce-mark=\"1\">Fus. Prof. A<\/span><strong><span style=\"font-family: verdana,geneva; font-size: 10pt;\" data-mce-mark=\"1\"><span data-mce-mark=\"1\">\u00a0<\/span><span data-mce-mark=\"1\">11<\/span><\/span><\/strong><\/li>\n<li><span style=\"font-family: verdana,geneva; font-size: 10pt;\"><span data-mce-mark=\"1\"><span data-mce-mark=\"1\">Arquitectos<\/span><\/span><span data-mce-mark=\"1\"><span data-mce-mark=\"1\"> <\/span><\/span><strong><span data-mce-mark=\"1\">11<\/span><\/strong><\/span><\/li>\n<li><span style=\"font-family: verdana,geneva; font-size: 10pt;\" data-mce-mark=\"1\"><span style=\"font-size: 10pt;\" data-mce-mark=\"1\">Abogados <\/span><strong>9<\/strong><\/span><\/li>\n<li><span style=\"font-family: verdana,geneva; font-size: 10pt;\" data-mce-mark=\"1\"><strong><\/strong><\/span><span style=\"font-family: verdana,geneva; font-size: 10pt;\" data-mce-mark=\"1\">M\u00e9d-Cdores<\/span><span style=\"font-family: verdana,geneva; font-size: 10pt;\" data-mce-mark=\"1\"> <\/span><strong style=\"font-family: verdana,geneva; font-size: 10pt;\">7<\/strong><\/li>\n<li><span style=\"font-family: verdana,geneva; font-size: 10pt;\" data-mce-mark=\"1\">Mut. M\u00e9dica\u00a0<strong>3<\/strong><\/span><\/li>\n<li><span style=\"font-family: verdana,geneva; font-size: 10pt;\" data-mce-mark=\"1\"><span style=\"font-size: 10pt;\" data-mce-mark=\"1\"><span style=\"font-size: 10pt;\" data-mce-mark=\"1\">Fus. Prof. B<\/span><span style=\"font-size: 10pt;\" data-mce-mark=\"1\">\u00a0<strong>2<\/strong>\u00a0<\/span><\/span><\/span><strong style=\"font-size: 10pt; line-height: 16px;\">\u00a0<\/strong><\/li>\n<\/ol>\n<\/td>\n<\/tr>\n<tr>\n<td style=\"font-family: Helvetica,Arial,FreeSans,sans-serif;\">\n<ul>\n<li><span style=\"font-family: verdana,geneva; font-size: 10pt;\" data-mce-mark=\"1\">M\u00e9dicos-Contadores <span style=\"color: #3366ff;\" data-mce-mark=\"1\"><strong>3 <br \/><\/strong><\/span><\/span><\/li>\n<li><span style=\"font-family: verdana,geneva; font-size: 10pt;\" data-mce-mark=\"1\"><span style=\"font-family: verdana,geneva; font-size: 10pt;\" data-mce-mark=\"1\"><span data-mce-mark=\"1\"><span style=\"color: #000000; font-family: verdana,geneva; font-size: 13.6364px; line-height: 15.9943px;\">Fusi\u00f3n de Profesionales A<\/span><\/span><\/span> <span style=\"color: #3366ff;\" data-mce-mark=\"1\"><strong>1<\/strong><\/span><\/span><\/li>\n<\/ul>\n<\/td>\n<\/tr>\n<tr>\n<td style=\"font-family: Helvetica,Arial,FreeSans,sans-serif;\">\n<ul>\n<li><span style=\"font-family: verdana,geneva; font-size: 10pt;\" data-mce-mark=\"1\">Arquitectos <span style=\"color: #3366ff;\" data-mce-mark=\"1\"><strong>3 <br \/><\/strong><\/span><\/span><\/li>\n<li><span style=\"font-family: verdana,geneva; font-size: 10pt;\" data-mce-mark=\"1\"><span data-mce-mark=\"1\"><span style=\"color: #000000; font-family: verdana,geneva; font-size: 13.6364px; line-height: 15.9943px;\">Fusi\u00f3n de Profesionales B<\/span> <\/span><span style=\"color: #3366ff;\" data-mce-mark=\"1\"><strong>0 <br \/><\/strong><\/span><\/span><\/li>\n<\/ul>\n<\/td>\n<\/tr>\n<tr>\n<td style=\"font-family: Helvetica,Arial,FreeSans,sans-serif;\">\n<ul>\n<li><span style=\"font-family: verdana,geneva; font-size: 10pt;\" data-mce-mark=\"1\">Abogados <span style=\"color: #3366ff;\" data-mce-mark=\"1\"><strong>1<\/strong>\u00a0 <\/span><span style=\"color: #3366ff;\" data-mce-mark=\"1\"><strong><br \/><\/strong><\/span><\/span><\/li>\n<li><span style=\"font-family: verdana,geneva; font-size: 10pt;\" data-mce-mark=\"1\"><span style=\"font-size: small;\" size=\"2\" data-mce-mark=\"1\"><span style=\"font-size: 13.6364px;\">Docentes <\/span><\/span><span data-mce-mark=\"1\"><strong><span style=\"color: #3366ff;\" data-mce-mark=\"1\"><span style=\"font-size: small;\" size=\"2\" data-mce-mark=\"1\">0<\/span> <br \/><\/span><\/strong><\/span><\/span><\/li>\n<\/ul>\n<\/td>\n<\/tr>\n<\/tbody>\n<\/table>\n<p><span style=\"color: #339966;\"><strong><span style=\"font-family: verdana,geneva; font-size: 10pt;\">GALER\u00cdA<\/span><\/strong><\/span><\/p>\n<p><span style=\"color: #339966;\"><strong><span style=\"font-family: verdana,geneva; font-size: 10pt;\">{besps}\/LdP\/C_2013\/31Ago\/SS{\/besps}<br data-mce-bogus=\"1\" \/><\/span><\/strong><\/span><\/p>\n","protected":false},"excerpt":{"rendered":"<p>Podr\u00edamos decir que fue el resultado sorpresa de la tarde en las canchas de la Asocaci\u00f3n Regional Ranqueles. Es que los letrados se impusieron ante los profes, que a pesar de no sumar, siguen siendo los \u00fanicos l\u00edderes del certamen. Esta es la estad\u00edstica de la fecha: 9\u00aa FECHA &#8211; CLAUSURA 2013 Fusi\u00f3n Libre 3 &hellip;<\/p>\n","protected":false},"author":2,"featured_media":0,"comment_status":"open","ping_status":"open","sticky":false,"template":"","format":"standard","meta":{"_jetpack_memberships_contains_paid_content":false,"footnotes":""},"categories":[63],"tags":[],"class_list":["post-6240","post","type-post","status-publish","format-standard","hentry","category-liga-de-profesionales"],"jetpack_featured_media_url":"","jetpack_sharing_enabled":true,"_links":{"self":[{"href":"https:\/\/deportivadigital.com.ar\/v2\/wp-json\/wp\/v2\/posts\/6240","targetHints":{"allow":["GET"]}}],"collection":[{"href":"https:\/\/deportivadigital.com.ar\/v2\/wp-json\/wp\/v2\/posts"}],"about":[{"href":"https:\/\/deportivadigital.com.ar\/v2\/wp-json\/wp\/v2\/types\/post"}],"author":[{"embeddable":true,"href":"https:\/\/deportivadigital.com.ar\/v2\/wp-json\/wp\/v2\/users\/2"}],"replies":[{"embeddable":true,"href":"https:\/\/deportivadigital.com.ar\/v2\/wp-json\/wp\/v2\/comments?post=6240"}],"version-history":[{"count":0,"href":"https:\/\/deportivadigital.com.ar\/v2\/wp-json\/wp\/v2\/posts\/6240\/revisions"}],"wp:attachment":[{"href":"https:\/\/deportivadigital.com.ar\/v2\/wp-json\/wp\/v2\/media?parent=6240"}],"wp:term":[{"taxonomy":"category","embeddable":true,"href":"https:\/\/deportivadigital.com.ar\/v2\/wp-json\/wp\/v2\/categories?post=6240"},{"taxonomy":"post_tag","embeddable":true,"href":"https:\/\/deportivadigital.com.ar\/v2\/wp-json\/wp\/v2\/tags?post=6240"}],"curies":[{"name":"wp","href":"https:\/\/api.w.org\/{rel}","templated":true}]}}