{"id":5993,"date":"2013-07-18T20:58:30","date_gmt":"2013-07-18T23:58:30","guid":{"rendered":"https:\/\/deportivadigital.com.ar\/v2\/atenas-jugara-el-torneo-del-interior\/"},"modified":"2013-07-18T20:58:30","modified_gmt":"2013-07-18T23:58:30","slug":"atenas-jugara-el-torneo-del-interior","status":"publish","type":"post","link":"https:\/\/deportivadigital.com.ar\/v2\/atenas-jugara-el-torneo-del-interior\/","title":{"rendered":"Atenas jugar\u00e1 el Torneo del interior"},"content":{"rendered":"<p style=\"text-align: left;\"><span style=\"font-family: verdana, geneva; font-size: 10pt;\"><img decoding=\"async\" src=\"images\/stories\/futbol\/Escudo_Atenas.jpg\" width=\"130\" height=\"147\" alt=\"Escudo Atenas\" style=\"margin-right: 5px; float: left;\" \/>Lo que desde hace un tiempo se tem\u00eda, se termin\u00f3 de confirmar. El Consejo Federal resolvi\u00f3 que los equipos descendidos no ser\u00e1n invitados para la pr\u00f3xima edici\u00f3n del torneo Argentino B. Es por ello que Atenas, deber\u00e1 jugar el pr\u00f3ximo Torneo del Interior.<\/span><\/p>\n<p style=\"text-align: left;\">\n<p><span style=\"font-family: verdana, geneva; font-size: 10pt;\"><\/span>Con esta resoluci\u00f3n a la vista, Asociaci\u00f3n Atl\u00e9tica Estudiantes y Alianza de Coronel Moldes son lo representantes de la Liga Regional que participar\u00e1n en la cuarta categor\u00eda del f\u00fatbol nacional. <!--more-->  <\/p>\n<p style=\"text-align: left;\"><span style=\"font-family: verdana, geneva; font-size: 10pt;\">Ayer se reuni\u00f3 la comisi\u00f3n de torneos, y si bien no hubo informaci\u00f3n oficial, trascendi\u00f3 que adem\u00e1s de los 43 convocados hasta el momento, se podr\u00eda invitar a otros equipos y que el plazo para contestar sobre si participar\u00e1n o no, vence el 31 del corriente.<\/span><\/p>\n<p style=\"text-align: left;\"><span style=\"font-family: verdana, geneva; font-size: 10pt;\">Tambi\u00e9n se supo que los futuros convocados pueden ser incluso equipos que no jugaron el \u00faltimo Torneo del Interior.<\/span><\/p>\n<p style=\"text-align: left;\"><span style=\"font-family: verdana, geneva; font-size: 10pt;\" data-mce-mark=\"1\">Trascendi\u00f3 que las invitaciones se continuar\u00e1n realizando al menos hasta dentro de diez d\u00edas.<\/span><br \/><span style=\"font-family: verdana, geneva; font-size: 10pt;\" data-mce-mark=\"1\">Todav\u00eda no se conoce la forma de disputa que tendr\u00e1 la competencia. Se pretende regionalizarlo lo m\u00e1s posible y se menciona la posibilidad de hacerlo en subzonas.\u00a0<\/span><span style=\"font-family: verdana, geneva; font-size: 10pt;\" data-mce-mark=\"1\">Con respecto a la fecha de inicio, todo parece indicar que ser\u00e1 el 8 de septiembre.<\/span><\/p>\n<p style=\"text-align: left;\"><span style=\"font-family: verdana, geneva; font-size: 10pt;\" data-mce-mark=\"1\">El venidero 8 de setiembre, se iniciar\u00eda el Argentino \u00abB\u00bb y podr\u00eda jugarse en subzonas, como se insinu\u00f3 desde AFA y uno de los que fueron protagonistas, no dar\u00e1 el presente. Sp. y B. Atenas, recordemos descendido recientemente, no ser\u00e1 invitado para este nuevo torneo. Ampliaremos.<\/span><\/p>\n<p><span style=\"font-family: verdana, geneva; font-size: 10pt; color: #000000;\"><\/span><\/p>\n","protected":false},"excerpt":{"rendered":"<p>Lo que desde hace un tiempo se tem\u00eda, se termin\u00f3 de confirmar. El Consejo Federal resolvi\u00f3 que los equipos descendidos no ser\u00e1n invitados para la pr\u00f3xima edici\u00f3n del torneo Argentino B. Es por ello que Atenas, deber\u00e1 jugar el pr\u00f3ximo Torneo del Interior. Con esta resoluci\u00f3n a la vista, Asociaci\u00f3n Atl\u00e9tica Estudiantes y Alianza de &hellip;<\/p>\n","protected":false},"author":2,"featured_media":0,"comment_status":"open","ping_status":"open","sticky":false,"template":"","format":"standard","meta":{"_jetpack_memberships_contains_paid_content":false,"footnotes":""},"categories":[98],"tags":[],"class_list":["post-5993","post","type-post","status-publish","format-standard","hentry","category-futbol"],"jetpack_featured_media_url":"","jetpack_sharing_enabled":true,"_links":{"self":[{"href":"https:\/\/deportivadigital.com.ar\/v2\/wp-json\/wp\/v2\/posts\/5993","targetHints":{"allow":["GET"]}}],"collection":[{"href":"https:\/\/deportivadigital.com.ar\/v2\/wp-json\/wp\/v2\/posts"}],"about":[{"href":"https:\/\/deportivadigital.com.ar\/v2\/wp-json\/wp\/v2\/types\/post"}],"author":[{"embeddable":true,"href":"https:\/\/deportivadigital.com.ar\/v2\/wp-json\/wp\/v2\/users\/2"}],"replies":[{"embeddable":true,"href":"https:\/\/deportivadigital.com.ar\/v2\/wp-json\/wp\/v2\/comments?post=5993"}],"version-history":[{"count":0,"href":"https:\/\/deportivadigital.com.ar\/v2\/wp-json\/wp\/v2\/posts\/5993\/revisions"}],"wp:attachment":[{"href":"https:\/\/deportivadigital.com.ar\/v2\/wp-json\/wp\/v2\/media?parent=5993"}],"wp:term":[{"taxonomy":"category","embeddable":true,"href":"https:\/\/deportivadigital.com.ar\/v2\/wp-json\/wp\/v2\/categories?post=5993"},{"taxonomy":"post_tag","embeddable":true,"href":"https:\/\/deportivadigital.com.ar\/v2\/wp-json\/wp\/v2\/tags?post=5993"}],"curies":[{"name":"wp","href":"https:\/\/api.w.org\/{rel}","templated":true}]}}