{"id":5834,"date":"2013-06-20T02:51:49","date_gmt":"2013-06-20T05:51:49","guid":{"rendered":"https:\/\/deportivadigital.com.ar\/v2\/en-juicio-sumario-perdieron-los-abogados\/"},"modified":"2013-06-20T02:51:49","modified_gmt":"2013-06-20T05:51:49","slug":"en-juicio-sumario-perdieron-los-abogados","status":"publish","type":"post","link":"https:\/\/deportivadigital.com.ar\/v2\/en-juicio-sumario-perdieron-los-abogados\/","title":{"rendered":"En juicio sumario perdieron los abogados"},"content":{"rendered":"<p><img decoding=\"async\" src=\"images\/stories\/LdP\/Ilustra_thumb.jpg\" width=\"145\" height=\"100\" alt=\"Ilustra thumb\" style=\"margin: 5px; float: left;\" \/>En partido jugado en la noche , a las 20,30 Hs., del mi\u00e9rcoles, por la divisi\u00f3n senior de la Liga Deportiva de Profesionales, el conjunto de Arquitectos \u00e9 Ingenieros \u00abB\u00bb derrotaron a su similar de Abogados 3 a 2.- Cabe destacar que el cotejo era uno pendiente de la programacio\u00f3n oficial, se disput\u00f3 en la cancha del predio de Judiciales. Por el frio reinante, ampliaremos a la brevedad.<span style=\"text-decoration: underline;\"> <strong>MUY<\/strong> <strong>IMPORTANTE<\/strong><\/span>, en la secci\u00f3n correspondiente de \u00e9ste encontrar\u00e1 la fecha completa, desdoblada entre jueves 20 y s\u00e1bado 22 del corriente.<\/p>\n","protected":false},"excerpt":{"rendered":"<p>En partido jugado en la noche , a las 20,30 Hs., del mi\u00e9rcoles, por la divisi\u00f3n senior de la Liga Deportiva de Profesionales, el conjunto de Arquitectos \u00e9 Ingenieros \u00abB\u00bb derrotaron a su similar de Abogados 3 a 2.- Cabe destacar que el cotejo era uno pendiente de la programacio\u00f3n oficial, se disput\u00f3 en la &hellip;<\/p>\n","protected":false},"author":2,"featured_media":0,"comment_status":"open","ping_status":"open","sticky":false,"template":"","format":"standard","meta":{"_jetpack_memberships_contains_paid_content":false,"footnotes":""},"categories":[63],"tags":[],"class_list":["post-5834","post","type-post","status-publish","format-standard","hentry","category-liga-de-profesionales"],"jetpack_featured_media_url":"","jetpack_sharing_enabled":true,"_links":{"self":[{"href":"https:\/\/deportivadigital.com.ar\/v2\/wp-json\/wp\/v2\/posts\/5834","targetHints":{"allow":["GET"]}}],"collection":[{"href":"https:\/\/deportivadigital.com.ar\/v2\/wp-json\/wp\/v2\/posts"}],"about":[{"href":"https:\/\/deportivadigital.com.ar\/v2\/wp-json\/wp\/v2\/types\/post"}],"author":[{"embeddable":true,"href":"https:\/\/deportivadigital.com.ar\/v2\/wp-json\/wp\/v2\/users\/2"}],"replies":[{"embeddable":true,"href":"https:\/\/deportivadigital.com.ar\/v2\/wp-json\/wp\/v2\/comments?post=5834"}],"version-history":[{"count":0,"href":"https:\/\/deportivadigital.com.ar\/v2\/wp-json\/wp\/v2\/posts\/5834\/revisions"}],"wp:attachment":[{"href":"https:\/\/deportivadigital.com.ar\/v2\/wp-json\/wp\/v2\/media?parent=5834"}],"wp:term":[{"taxonomy":"category","embeddable":true,"href":"https:\/\/deportivadigital.com.ar\/v2\/wp-json\/wp\/v2\/categories?post=5834"},{"taxonomy":"post_tag","embeddable":true,"href":"https:\/\/deportivadigital.com.ar\/v2\/wp-json\/wp\/v2\/tags?post=5834"}],"curies":[{"name":"wp","href":"https:\/\/api.w.org\/{rel}","templated":true}]}}