{"id":5570,"date":"2013-05-05T06:55:19","date_gmt":"2013-05-05T09:55:19","guid":{"rendered":"https:\/\/deportivadigital.com.ar\/v2\/los-libres-mandan-en-la-super-senior\/"},"modified":"2013-05-05T06:55:19","modified_gmt":"2013-05-05T09:55:19","slug":"los-libres-mandan-en-la-super-senior","status":"publish","type":"post","link":"https:\/\/deportivadigital.com.ar\/v2\/los-libres-mandan-en-la-super-senior\/","title":{"rendered":"Los Libres mandan en la S\u00faper Senior"},"content":{"rendered":"<p style=\"margin-top: 10px; margin-bottom: 15px; font-family: Helvetica, Arial, FreeSans, sans-serif; line-height: 15.454545021057129px;\"><span style=\"font-family: verdana, geneva; font-size: 10pt;\"><img decoding=\"async\" src=\"images\/stories\/LdP\/A_2013\/20Abr\/SS\/03.jpg\" width=\"180\" height=\"135\" alt=\"03\" style=\"margin-right: 5px; float: left;\" \/>Los resultados de los partidos de la s\u00e9ptima fecha del Apertura 2013 hicieron que quedara como \u00fanico l\u00edder del grupo la Fusi\u00f3n de Libres.<\/span><\/p>\n<p style=\"margin-top: 10px; margin-bottom: 15px; font-family: Helvetica, Arial, FreeSans, sans-serif; line-height: 15.454545021057129px;\"><span style=\"font-family: verdana, geneva; font-size: 10pt;\">Esta es la informaci\u00f3n de la jornada jugada en las siempre verdes canchas del predio Juan Carballo.\u00a0\u00a0<\/span><\/p>\n<p style=\"margin-top: 10px; margin-bottom: 15px; font-family: Helvetica, Arial, FreeSans, sans-serif; line-height: 15.454545021057129px;\">\n<p> <!--more-->  <\/p>\n<p style=\"margin-top: 10px; margin-bottom: 15px; font-family: Helvetica, Arial, FreeSans, sans-serif; line-height: 16px;\"><span data-mce-mark=\"1\" style=\"font-family: verdana, geneva; font-size: 10pt;\"><\/span><\/p>\n<table align=\"center\" border=\"1\" cellpadding=\"1\" cellspacing=\"1\" style=\"color: #333333; font-family: Helvetica, Arial, FreeSans, sans-serif; font-size: 12px; line-height: 16px;\">\n<tbody>\n<tr align=\"center\">\n<td colspan=\"2\" style=\"font-family: Helvetica, Arial, FreeSans, sans-serif; background-color: #006699;\"><span data-mce-mark=\"1\" style=\"color: #ffffff; font-family: verdana, geneva; font-size: 10pt;\"><strong>7\u00aa FECHA &#8211; APERTURA 2013<\/strong><\/span><\/td>\n<\/tr>\n<tr>\n<td style=\"font-family: Helvetica, Arial, FreeSans, sans-serif;\">\n<ul>\n<li><span data-mce-mark=\"1\" style=\"font-family: verdana, geneva; font-size: 10pt;\">Abogados\u00a0<span data-mce-mark=\"1\" style=\"color: #3366ff;\"><strong>2\u00a0<br \/><\/strong><\/span><\/span><\/li>\n<li><span data-mce-mark=\"1\" style=\"font-family: verdana, geneva; font-size: 10pt;\">Fusi\u00f3n de Profesionales B\u00a0<span data-mce-mark=\"1\" style=\"color: #3366ff;\"><strong>2\u00a0<\/strong><\/span><\/span><\/li>\n<\/ul>\n<\/td>\n<td rowspan=\"5\" style=\"font-family: Helvetica, Arial, FreeSans, sans-serif;\">\n<p style=\"margin-top: 10px; margin-bottom: 15px;\"><span data-mce-mark=\"1\" style=\"font-family: verdana, geneva; font-size: 10pt;\"><strong>POSICIONES<\/strong><\/span><\/p>\n<ol>\n<li><strong style=\"font-family: Verdana, Arial, Helvetica, sans-serif; font-size: 11px; line-height: 16px;\"><span style=\"color: #339966; font-family: verdana, geneva; font-size: 10pt;\">Fus. Libres 13<\/span><\/strong><\/li>\n<li><span data-mce-mark=\"1\" style=\"font-family: verdana, geneva; font-size: 10pt; color: #000000;\"><span data-mce-mark=\"1\" style=\"font-family: verdana, geneva; font-size: 10pt;\">Docentes<\/span><strong style=\"color: #000000; font-family: Helvetica, Arial, FreeSans, sans-serif; font-size: 10.909090995788574px; line-height: 15.994318008422852px;\"><span data-mce-mark=\"1\" style=\"font-family: verdana, geneva; font-size: 10pt;\"> 12<\/span><\/strong><\/span><\/li>\n<li><span data-mce-mark=\"1\" style=\"font-family: verdana, geneva; font-size: 10pt;\">Fus. Prof. A<\/span><strong style=\"font-family: Verdana, Arial, Helvetica, sans-serif;\"><span data-mce-mark=\"1\" style=\"font-family: verdana, geneva; font-size: 10pt;\">\u00a09<\/span><\/strong><\/li>\n<li><span data-mce-mark=\"1\" style=\"font-family: verdana, geneva; font-size: 10pt;\"><span data-mce-mark=\"1\"><span data-mce-mark=\"1\" style=\"font-size: 10pt;\">Mutual M\u00e9dica<\/span><strong style=\"font-family: Helvetica, Arial, FreeSans, sans-serif; font-size: 10.909090995788574px;\"><span data-mce-mark=\"1\" style=\"font-family: verdana, geneva; font-size: 10pt;\">\u00a07<\/span><\/strong><\/span><\/span><\/li>\n<li><span data-mce-mark=\"1\" style=\"font-family: verdana, geneva; font-size: 10pt;\"><span data-mce-mark=\"1\">Abogados\u00a0<\/span><strong>7<\/strong><\/span><\/li>\n<li><span data-mce-mark=\"1\" style=\"font-family: verdana, geneva; font-size: 10pt;\"><span data-mce-mark=\"1\" style=\"color: #000000; line-height: 15.994318008422852px; font-family: verdana, geneva; font-size: 10pt;\">Fus. Prof. B\u00a0<\/span><strong style=\"color: #000000; line-height: 15.994318008422852px; font-family: verdana, geneva; font-size: 10pt;\">5\u00a0<\/strong><strong style=\"color: #000000; line-height: 16px; font-family: verdana, geneva; font-size: 10pt;\"><\/strong><\/span><\/li>\n<li><span style=\"font-family: verdana, geneva; font-size: 10pt;\">Arquitectos\u00a0<strong>3<\/strong><\/span><\/li>\n<li><span data-mce-mark=\"1\" style=\"font-family: verdana, geneva; font-size: 10pt;\"><span data-mce-mark=\"1\" style=\"font-size: 13px; line-height: 16px;\">M\u00e9d-Cdores.<\/span><strong><span data-mce-mark=\"1\" style=\"font-size: 13px; line-height: 16px;\">\u00a0<\/span><\/strong><strong style=\"font-size: 13px; line-height: 16px;\">2<\/strong><\/span><\/li>\n<\/ol>\n<\/td>\n<\/tr>\n<tr>\n<td style=\"font-family: Helvetica, Arial, FreeSans, sans-serif;\">\n<ul>\n<li><span data-mce-mark=\"1\" style=\"font-family: verdana, geneva; font-size: 10pt;\">Fusi\u00f3n de Libres\u00a0<span data-mce-mark=\"1\" style=\"color: #3366ff;\"><strong>2\u00a0<br \/><\/strong><\/span><\/span><\/li>\n<li><span data-mce-mark=\"1\" style=\"font-family: verdana, geneva; font-size: 10pt;\">Mutual M\u00e9dica\u00a0<span data-mce-mark=\"1\" style=\"color: #3366ff;\"><strong>0<\/strong><\/span><\/span><\/li>\n<\/ul>\n<\/td>\n<\/tr>\n<tr>\n<td style=\"font-family: Helvetica, Arial, FreeSans, sans-serif;\">\n<ul>\n<li><span data-mce-mark=\"1\" style=\"font-family: verdana, geneva; font-size: 10pt;\">Arquitectos\u00a0<span data-mce-mark=\"1\" style=\"color: #3366ff;\"><strong>2\u00a0<br \/><\/strong><\/span><\/span><\/li>\n<li><span data-mce-mark=\"1\" style=\"font-family: verdana, geneva; font-size: 10pt;\">M\u00e9dicos-Contadores\u00a0<span data-mce-mark=\"1\" style=\"color: #3366ff;\"><strong>4\u00a0<br \/><\/strong><\/span><\/span><\/li>\n<\/ul>\n<\/td>\n<\/tr>\n<tr>\n<td style=\"font-family: Helvetica, Arial, FreeSans, sans-serif;\">\n<ul>\n<li><span data-mce-mark=\"1\" style=\"font-family: verdana, geneva; font-size: 10pt;\"><span style=\"color: #000000; font-family: verdana, geneva; font-size: 13.63636302947998px; line-height: 15.994318008422852px;\">Fusi\u00f3n de Profesionales A<\/span>\u00a0<span data-mce-mark=\"1\" style=\"color: #3366ff;\"><strong>1\u00a0<br \/><\/strong><\/span><\/span><\/li>\n<li><span data-mce-mark=\"1\" style=\"font-family: verdana, geneva; font-size: 10pt;\"><span size=\"2\" data-mce-mark=\"1\" style=\"font-size: small;\">Docentes\u00a0<\/span><span data-mce-mark=\"1\"><strong><span data-mce-mark=\"1\" style=\"color: #3366ff;\"><span size=\"2\" data-mce-mark=\"1\" style=\"font-size: small;\">1<\/span>\u00a0<br \/><\/span><\/strong><\/span><\/span><\/li>\n<\/ul>\n<\/td>\n<\/tr>\n<\/tbody>\n<\/table>\n<p style=\"margin-top: 10px; margin-bottom: 15px; font-family: Helvetica, Arial, FreeSans, sans-serif; line-height: 15.454545021057129px;\"><strong style=\"font-size: 10pt;\"><span data-mce-mark=\"1\" style=\"font-family: verdana, geneva; font-size: 10pt;\"><span data-mce-mark=\"1\" style=\"color: #339966;\"><span face=\"Helvetica, Arial, FreeSans, sans-serif\" data-mce-mark=\"1\" style=\"font-family: Helvetica, Arial, FreeSans, sans-serif;\">P<\/span><\/span><span face=\"verdana, geneva\" data-mce-mark=\"1\"><span data-mce-mark=\"1\" style=\"color: #339966;\">r\u00f3xima fecha<\/span><br \/><\/span><\/span><\/strong><span data-mce-mark=\"1\" style=\"font-family: verdana, geneva; font-size: 10pt;\">Estos son los partidos que se jugar\u00e1n la semana que viene, correspondientes a la octava fecha del Apertura 2013:<\/span><\/p>\n<ul style=\"font-family: Helvetica, Arial, FreeSans, sans-serif; line-height: 15.454545021057129px;\">\n<li><span data-mce-mark=\"1\" style=\"font-family: verdana, geneva; font-size: 10pt;\">M\u00e9dicos-Contadores\u00a0<span data-mce-mark=\"1\" style=\"color: #ff0000;\"><strong>vs.<\/strong><\/span>\u00a0Mutual M\u00e9dica<\/span><\/li>\n<li><span data-mce-mark=\"1\" style=\"font-family: verdana, geneva; font-size: 10pt;\"><span data-mce-mark=\"1\">Fusi\u00f3n de Libres<\/span>\u00a0<span data-mce-mark=\"1\" style=\"color: #ff0000;\"><strong>vs.<\/strong><\/span>\u00a0<span data-mce-mark=\"1\" style=\"line-height: 15.440340995788574px;\">Fusi\u00f3n de Profesionales B<\/span><\/span><\/li>\n<li><span data-mce-mark=\"1\" style=\"font-family: verdana, geneva; font-size: 10pt;\"><span data-mce-mark=\"1\" style=\"font-size: 14px; line-height: 15.453125px;\">Abogados<\/span>\u00a0<span data-mce-mark=\"1\" style=\"color: #ff0000;\"><strong>vs.<\/strong><\/span>\u00a0<span style=\"font-family: verdana, geneva; font-size: 13.63636302947998px; line-height: 15.440340995788574px;\">Fusi\u00f3n de Profesionales A<\/span><\/span><\/li>\n<li><span data-mce-mark=\"1\" style=\"font-family: verdana, geneva; font-size: 10pt;\">Docentes\u00a0<span data-mce-mark=\"1\" style=\"color: #ff0000;\"><strong>vs.<\/strong><\/span>\u00a0Arquitectos<\/span><\/li>\n<\/ul>\n","protected":false},"excerpt":{"rendered":"<p>Los resultados de los partidos de la s\u00e9ptima fecha del Apertura 2013 hicieron que quedara como \u00fanico l\u00edder del grupo la Fusi\u00f3n de Libres. Esta es la informaci\u00f3n de la jornada jugada en las siempre verdes canchas del predio Juan Carballo.\u00a0\u00a0 7\u00aa FECHA &#8211; APERTURA 2013 Abogados\u00a02\u00a0 Fusi\u00f3n de Profesionales B\u00a02\u00a0 POSICIONES Fus. Libres 13 &hellip;<\/p>\n","protected":false},"author":2,"featured_media":0,"comment_status":"open","ping_status":"open","sticky":false,"template":"","format":"standard","meta":{"_jetpack_memberships_contains_paid_content":false,"footnotes":""},"categories":[63],"tags":[],"class_list":["post-5570","post","type-post","status-publish","format-standard","hentry","category-liga-de-profesionales"],"jetpack_featured_media_url":"","jetpack_sharing_enabled":true,"_links":{"self":[{"href":"https:\/\/deportivadigital.com.ar\/v2\/wp-json\/wp\/v2\/posts\/5570","targetHints":{"allow":["GET"]}}],"collection":[{"href":"https:\/\/deportivadigital.com.ar\/v2\/wp-json\/wp\/v2\/posts"}],"about":[{"href":"https:\/\/deportivadigital.com.ar\/v2\/wp-json\/wp\/v2\/types\/post"}],"author":[{"embeddable":true,"href":"https:\/\/deportivadigital.com.ar\/v2\/wp-json\/wp\/v2\/users\/2"}],"replies":[{"embeddable":true,"href":"https:\/\/deportivadigital.com.ar\/v2\/wp-json\/wp\/v2\/comments?post=5570"}],"version-history":[{"count":0,"href":"https:\/\/deportivadigital.com.ar\/v2\/wp-json\/wp\/v2\/posts\/5570\/revisions"}],"wp:attachment":[{"href":"https:\/\/deportivadigital.com.ar\/v2\/wp-json\/wp\/v2\/media?parent=5570"}],"wp:term":[{"taxonomy":"category","embeddable":true,"href":"https:\/\/deportivadigital.com.ar\/v2\/wp-json\/wp\/v2\/categories?post=5570"},{"taxonomy":"post_tag","embeddable":true,"href":"https:\/\/deportivadigital.com.ar\/v2\/wp-json\/wp\/v2\/tags?post=5570"}],"curies":[{"name":"wp","href":"https:\/\/api.w.org\/{rel}","templated":true}]}}