{"id":4347,"date":"2012-07-15T03:55:17","date_gmt":"2012-07-15T06:55:17","guid":{"rendered":"https:\/\/deportivadigital.com.ar\/v2\/lencina-grito-icampeon\/"},"modified":"2012-07-15T03:55:17","modified_gmt":"2012-07-15T06:55:17","slug":"lencina-grito-icampeon","status":"publish","type":"post","link":"https:\/\/deportivadigital.com.ar\/v2\/lencina-grito-icampeon\/","title":{"rendered":"Lencina grit\u00f3 \u00a1Campe\u00f3n!"},"content":{"rendered":"<p style=\"color: #333333; font-family: Helvetica, Arial, FreeSans, sans-serif;\"><span style=\"font-family: verdana, geneva; font-size: 10pt;\"><span style=\"font-family: verdana, geneva;\"><img data-recalc-dims=\"1\" decoding=\"async\" class=\" alignleft size-full wp-image-3413\" style=\"margin-right: 5px; float: left;\" src=\"https:\/\/i0.wp.com\/deportivadigital.com.ar\/v2\/wp-content\/uploads\/2012\/02\/08.jpg?resize=160%2C120&#038;ssl=1\" alt=\"08\" width=\"160\" height=\"120\" \/>Finalmente, luego de un comienzo algo err\u00e1tico,&nbsp;<\/span><strong style=\"font-family: verdana, geneva;\">Construcciones Lencina<\/strong><span style=\"font-family: verdana, geneva;\">&nbsp;pudo derrotar a Membranas Megaflex y sum\u00f3 los puntos necesarios para consagrarse campe\u00f3n del torneo Apertura 2012 de la Liga Seminario, ya que el pr\u00f3ximo fin de semana el escolta, Banda Norte, tiene fecha libre. <em>\u00a1Felicitaciones, campeones!<\/em><\/span><\/span><\/p>\n<p style=\"color: #333333; font-family: Helvetica, Arial, FreeSans, sans-serif;\"><span style=\"font-family: verdana, geneva; font-size: 10pt;\">Presentamos los resultados de la fecha, las posiciones y el fixture de la \u00faltima fecha. <\/span><\/p>\n<p> <!--more--> <\/p>\n<p>\u00a0<\/p>\n<p style=\"color: #333333; font-family: Helvetica, Arial, FreeSans, sans-serif;\"><span style=\"font-family: verdana, geneva; font-size: 10pt;\"> <\/span><\/p>\n<p style=\"color: #333333; font-family: Helvetica, Arial, FreeSans, sans-serif;\"><span style=\"font-family: verdana, geneva; font-size: 10pt;\"> <\/span><\/p>\n<p style=\"color: #333333; font-family: Helvetica, Arial, FreeSans, sans-serif;\"><span style=\"font-family: verdana, geneva; font-size: 13px;\"> <\/span><\/p>\n<p style=\"color: #333333; font-family: Helvetica, Arial, FreeSans, sans-serif;\"><span style=\"font-family: verdana, geneva; font-size: 13px;\"> <\/span><\/p>\n<p style=\"color: #333333; font-family: Helvetica, Arial, FreeSans, sans-serif;\"><span style=\"font-family: verdana, geneva; font-size: 13px;\"> <\/span><\/p>\n<p style=\"color: #333333; font-family: Helvetica, Arial, FreeSans, sans-serif;\"><span style=\"font-family: verdana, geneva; font-size: 13px;\"> <\/span><\/p>\n<p style=\"color: #333333; font-family: Helvetica, Arial, FreeSans, sans-serif;\"><span style=\"font-family: verdana, geneva; font-size: 13px;\"> <\/span><\/p>\n<p style=\"color: #333333; font-family: Helvetica, Arial, FreeSans, sans-serif;\"><span style=\"font-family: verdana, geneva; font-size: 13px;\"> <\/span><\/p>\n<p style=\"color: #333333; font-family: Helvetica, Arial, FreeSans, sans-serif;\"><span style=\"font-family: verdana, geneva; font-size: 13px;\"><em> <\/em><\/span><\/p>\n<p style=\"color: #333333; font-family: Helvetica, Arial, FreeSans, sans-serif;\"><em> <\/em><\/p>\n<p style=\"color: #333333; font-family: Helvetica, Arial, FreeSans, sans-serif;\"><em> <\/em><\/p>\n<p style=\"color: #333333; font-family: Helvetica, Arial, FreeSans, sans-serif;\"><span style=\"font-family: verdana, geneva; font-size: 13px;\"> <\/span><\/p>\n<p style=\"color: #333333; font-family: Helvetica, Arial, FreeSans, sans-serif;\"><span style=\"font-family: verdana, geneva; font-size: 10pt;\"> <\/span><\/p>\n<p style=\"color: #333333; font-family: Helvetica, Arial, FreeSans, sans-serif;\"><span style=\"font-family: verdana, geneva; font-size: 13px;\"> <\/span><\/p>\n<p style=\"color: #333333; font-family: Helvetica, Arial, FreeSans, sans-serif;\"><span style=\"font-family: verdana, geneva; font-size: 10pt;\"> <\/span><\/p>\n<table style=\"color: #333333; font-family: Helvetica, Arial, FreeSans, sans-serif; font-size: 12px; line-height: 16px;\" border=\"1\" cellspacing=\"1\" cellpadding=\"1\" align=\"center\">\n<tbody>\n<tr align=\"center\">\n<td style=\"font-family: Helvetica, Arial, FreeSans, sans-serif; background-color: #006699;\" colspan=\"2\"><span style=\"color: #ffffff; font-family: verdana, geneva; font-size: 10pt;\"><strong>21\u00aa FECHA &#8211; APERTURA<\/strong><\/span><\/td>\n<\/tr>\n<tr>\n<td style=\"font-family: Helvetica, Arial, FreeSans, sans-serif;\">\n<ul>\n<li><span style=\"font-family: verdana, geneva; font-size: 10pt;\">Don Mart\u00edn&nbsp;<span style=\"color: #3366ff;\"><strong>3<\/strong><\/span><\/span><\/li>\n<li><span style=\"font-family: verdana, geneva; font-size: 10pt;\">Autoservicio Lubich&nbsp;<span style=\"color: #3366ff;\"><strong>1<\/strong><\/span><\/span><\/li>\n<\/ul>\n<\/td>\n<td style=\"font-family: Helvetica, Arial, FreeSans, sans-serif;\" rowspan=\"5\">\n<p><span style=\"font-family: verdana, geneva; font-size: 10pt;\"><strong>POSICIONES<\/strong><\/span><\/p>\n<ol>\n<li><strong style=\"color: #ff0000;\"><span style=\"font-family: verdana, geneva; font-size: 13px;\">Const. Lencina 41<\/span><\/strong><\/li>\n<li><span style=\"font-family: verdana, geneva; font-size: 10pt;\">Banda Norte<\/span><strong><span style=\"font-family: verdana, geneva; font-size: 10pt;\"> 38<\/span><\/strong><\/li>\n<li><span style=\"font-family: verdana, geneva; font-size: 10pt;\">Los Mercedarios&nbsp;<strong>36<\/strong><\/span><\/li>\n<li><span style=\"font-family: verdana, geneva; font-size: 10pt;\">Los Ranqueles <\/span><strong><span style=\"font-family: verdana, geneva; font-size: 10pt;\">30<\/span><\/strong><\/li>\n<li><span style=\"color: #333333; font-family: verdana, geneva; font-size: 13px;\">Don Mart\u00edn&nbsp;<\/span><strong style=\"color: #333333; font-family: verdana, geneva; font-size: 13px;\">20<\/strong><\/li>\n<li><span style=\"color: #333333; font-family: verdana, geneva; font-size: 13px;\">Pinturer\u00eda Central <\/span><strong style=\"color: #333333; font-family: verdana, geneva; font-size: 13px;\">18<\/strong><\/li>\n<li><span style=\"font-family: verdana, geneva; font-size: 13px; color: #333333;\">Autoserv. Lubich&nbsp;<strong>17<\/strong><\/span><\/li>\n<li><span style=\"font-family: verdana, geneva; font-size: 13px; color: #333333;\">Superprecios&nbsp;<\/span><strong style=\"font-family: verdana, geneva; font-size: 13px; color: #333333;\">16<\/strong><\/li>\n<li><span style=\"font-family: verdana, geneva; font-size: 13px; color: #333333;\">Orense FC&nbsp;<strong>15<\/strong><\/span><\/li>\n<li><span style=\"font-family: verdana, geneva; font-size: 13px; color: #333333;\">Membranas Megaflex <\/span><strong style=\"font-family: verdana, geneva; font-size: 13px; color: #333333;\">12<\/strong><\/li>\n<\/ol>\n<\/td>\n<\/tr>\n<tr>\n<td style=\"font-family: Helvetica, Arial, FreeSans, sans-serif;\">\n<ul>\n<li><span style=\"font-family: verdana, geneva; font-size: 10pt;\">Const. Lencina&nbsp;<span style=\"color: #3366ff;\"><strong>4<\/strong><\/span><\/span><\/li>\n<li><span style=\"font-family: verdana, geneva; font-size: 10pt;\">Membranas Megaflex&nbsp;<span style=\"color: #3366ff;\"><strong>0<\/strong><\/span><\/span><\/li>\n<\/ul>\n<\/td>\n<\/tr>\n<tr>\n<td style=\"font-family: Helvetica, Arial, FreeSans, sans-serif;\">\n<ul>\n<li><span style=\"font-family: verdana, geneva; font-size: 10pt;\">Los Ranqueles&nbsp;<span style=\"color: #3366ff;\"><strong>3<\/strong><\/span><\/span><\/li>\n<li><span style=\"font-family: verdana, geneva; font-size: 10pt;\">Superprecios&nbsp;<span style=\"color: #3366ff;\"><strong>1<\/strong><\/span><\/span><\/li>\n<\/ul>\n<\/td>\n<\/tr>\n<tr>\n<td style=\"font-family: Helvetica, Arial, FreeSans, sans-serif;\">\n<ul>\n<li><span style=\"font-family: verdana, geneva; font-size: 10pt;\">Los Mercedarios&nbsp;<span style=\"color: #3366ff;\"><strong>0<\/strong><\/span><\/span><\/li>\n<li><span style=\"font-family: verdana, geneva; font-size: 10pt;\">Banda Norte&nbsp;<span style=\"color: #3366ff;\"><strong>0<\/strong><\/span><\/span><\/li>\n<\/ul>\n<\/td>\n<\/tr>\n<tr>\n<td style=\"font-family: Helvetica, Arial, FreeSans, sans-serif;\"><span style=\"font-family: verdana, geneva; font-size: small; color: #333333;\"><em>Libres:<br \/>Pinturer\u00eda Central<\/em> y&nbsp;<em>Orense FC<\/em><\/span><\/td>\n<\/tr>\n<\/tbody>\n<\/table>\n<p style=\"color: #333333; font-family: Helvetica, Arial, FreeSans, sans-serif;\"><span style=\"font-family: verdana, geneva; font-size: 10pt; color: #339966;\"><strong>LA \u00daLTIMA<br \/><\/strong><\/span><span style=\"font-family: verdana, geneva; font-size: 10pt;\">El s\u00e1bado 21 de julio se jugar\u00e1n los partidos de la 22\u00aa y \u00faltima fecha del Apertura 2012. El fixture ser\u00e1 el siguiente:<\/span><\/p>\n<ul style=\"color: #333333; font-family: Helvetica, Arial, FreeSans, sans-serif;\">\n<li><span style=\"font-family: verdana, geneva; font-size: 10pt;\">Membranas Megaflex&nbsp;<span style=\"color: #ff0000;\"><strong>vs.<\/strong><\/span> Los Ranqueles<\/span><\/li>\n<li><span style=\"font-family: verdana, geneva; font-size: 10pt;\">Superprecios&nbsp;<span style=\"color: #ff0000;\"><strong>vs.<\/strong><\/span> Construcciones Lencina<\/span><\/li>\n<li><span style=\"font-family: verdana, geneva; font-size: 10pt;\">Autoservicio Lubich&nbsp;<span style=\"color: #ff0000;\"><strong>vs.<\/strong><\/span> Los Mercedarios<\/span><\/li>\n<li><span style=\"font-family: verdana, geneva; font-size: 10pt;\">Orense FC&nbsp;<span style=\"color: #ff0000;\"><strong>vs.<\/strong><\/span> Pinturer\u00eda Central<\/span><\/li>\n<li><em><span style=\"font-family: verdana, geneva; font-size: 10pt;\">Libres: Don Mart\u00edn y Banda Norte<\/span><\/em><\/li>\n<\/ul>\n<p><span style=\"font-family: verdana, geneva; font-size: 10pt; color: #339966;\"><strong>GALER\u00cdA<\/strong><\/span><\/p>\n<p><span style=\"font-family: verdana, geneva; font-size: 10pt;\">{besps}\/LS\/A_2012\/14Jul{\/besps}<\/span><\/p>\n<p><span style=\"font-family: verdana, geneva; font-size: 10pt;\">Este gol fue anulado debido al offside marcado por el l\u00ednea. Pero fue un claro anticipo de lo que vendr\u00eda luego en el cruce entre Construcciones Lencina y Membranas Megaflex, por la 21\u00aa fecha del Apertura 2012 de la Liga Seminario.<\/span><\/p>\n<p><span style=\"font-family: verdana, geneva; font-size: 10pt;\">{source}<span style=\"font-family: courier new, courier, monospace;\"><br \/><span>&lt;<\/span>iframe width=\u00bb640&#8243; height=\u00bb360&#8243; src=\u00bbhttp:\/\/www.youtube.com\/embed\/uEQJPo-kFHE?rel=0&#8243; frameborder=\u00bb0&#8243; allowfullscreen<span>&gt;<\/span><span>&lt;<\/span>\/iframe<span>&gt;<\/span><br \/><\/span>{\/source}<br \/><\/span><\/p>\n","protected":false},"excerpt":{"rendered":"<p>Finalmente, luego de un comienzo algo err\u00e1tico,&nbsp;Construcciones Lencina&nbsp;pudo derrotar a Membranas Megaflex y sum\u00f3 los puntos necesarios para consagrarse campe\u00f3n del torneo Apertura 2012 de la Liga Seminario, ya que el pr\u00f3ximo fin de semana el escolta, Banda Norte, tiene fecha libre. \u00a1Felicitaciones, campeones! Presentamos los resultados de la fecha, las posiciones y el fixture &hellip;<\/p>\n","protected":false},"author":2,"featured_media":3413,"comment_status":"open","ping_status":"open","sticky":false,"template":"","format":"standard","meta":{"_jetpack_memberships_contains_paid_content":false,"footnotes":""},"categories":[69],"tags":[],"class_list":["post-4347","post","type-post","status-publish","format-standard","has-post-thumbnail","hentry","category-liga-seminario"],"jetpack_featured_media_url":"https:\/\/i0.wp.com\/deportivadigital.com.ar\/v2\/wp-content\/uploads\/2012\/02\/08.jpg?fit=640%2C480&ssl=1","jetpack_sharing_enabled":true,"_links":{"self":[{"href":"https:\/\/deportivadigital.com.ar\/v2\/wp-json\/wp\/v2\/posts\/4347","targetHints":{"allow":["GET"]}}],"collection":[{"href":"https:\/\/deportivadigital.com.ar\/v2\/wp-json\/wp\/v2\/posts"}],"about":[{"href":"https:\/\/deportivadigital.com.ar\/v2\/wp-json\/wp\/v2\/types\/post"}],"author":[{"embeddable":true,"href":"https:\/\/deportivadigital.com.ar\/v2\/wp-json\/wp\/v2\/users\/2"}],"replies":[{"embeddable":true,"href":"https:\/\/deportivadigital.com.ar\/v2\/wp-json\/wp\/v2\/comments?post=4347"}],"version-history":[{"count":0,"href":"https:\/\/deportivadigital.com.ar\/v2\/wp-json\/wp\/v2\/posts\/4347\/revisions"}],"wp:featuredmedia":[{"embeddable":true,"href":"https:\/\/deportivadigital.com.ar\/v2\/wp-json\/wp\/v2\/media\/3413"}],"wp:attachment":[{"href":"https:\/\/deportivadigital.com.ar\/v2\/wp-json\/wp\/v2\/media?parent=4347"}],"wp:term":[{"taxonomy":"category","embeddable":true,"href":"https:\/\/deportivadigital.com.ar\/v2\/wp-json\/wp\/v2\/categories?post=4347"},{"taxonomy":"post_tag","embeddable":true,"href":"https:\/\/deportivadigital.com.ar\/v2\/wp-json\/wp\/v2\/tags?post=4347"}],"curies":[{"name":"wp","href":"https:\/\/api.w.org\/{rel}","templated":true}]}}