{"id":4277,"date":"2012-07-07T03:43:06","date_gmt":"2012-07-07T06:43:06","guid":{"rendered":"https:\/\/deportivadigital.com.ar\/v2\/llego-la-hora-de-las-definiciones\/"},"modified":"2012-07-07T03:43:06","modified_gmt":"2012-07-07T06:43:06","slug":"llego-la-hora-de-las-definiciones","status":"publish","type":"post","link":"https:\/\/deportivadigital.com.ar\/v2\/llego-la-hora-de-las-definiciones\/","title":{"rendered":"Lleg\u00f3 la hora de las definiciones"},"content":{"rendered":"<p style=\"text-align: left;\"><span style=\"font-size: 10pt; font-family: verdana, geneva; color: #000000;\"><img data-recalc-dims=\"1\" decoding=\"async\" class=\" alignleft size-full wp-image-4276\" style=\"margin-right: 5px; float: left;\" title=\"Seguramente las tribunas estar\u00e1n llenas de expectantes espectadores.\" src=\"https:\/\/i0.wp.com\/deportivadigital.com.ar\/v2\/wp-content\/uploads\/2012\/07\/Tribuna.jpg?resize=180%2C108&#038;ssl=1\" alt=\"Tribuna\" width=\"180\" height=\"108\" srcset=\"https:\/\/i0.wp.com\/deportivadigital.com.ar\/v2\/wp-content\/uploads\/2012\/07\/Tribuna.jpg?w=500&amp;ssl=1 500w, https:\/\/i0.wp.com\/deportivadigital.com.ar\/v2\/wp-content\/uploads\/2012\/07\/Tribuna.jpg?resize=300%2C180&amp;ssl=1 300w\" sizes=\"(max-width: 180px) 100vw, 180px\" \/>Finalmente lleg\u00f3 el d\u00eda. Este s\u00e1bado, 7 de julio, se disputar\u00e1n los partidos correspondientes\u00a0a\u00a0la 18\u00aa y \u00faltima fecha del torneo Apertura 2012 de la divisi\u00f3n Senior de\u00a0la Liga Deportiva de Profesionales. Una fecha para el infarto, en la que habr\u00e1 que seguir cada marcador muy de cerca para saber quien ser\u00e1 el campe\u00f3n de cada zona.\u00a0<\/span><\/p>\n<p style=\"text-align: left;\"><span style=\"font-size: 10pt; font-family: verdana, geneva; color: #000000;\">El fixture qued\u00f3 as\u00ed: <\/span><\/p>\n<p> <!--more--> <\/p>\n<p>\u00a0<\/p>\n<p style=\"color: #333333; font-family: Helvetica, Arial, FreeSans, sans-serif;\"><strong style=\"color: #3366ff;\"><span style=\"font-family: verdana, geneva; font-size: 10pt;\">Cancha 1 de Abogados<\/span><\/strong><\/p>\n<ul style=\"color: #333333; font-family: Helvetica, Arial, FreeSans, sans-serif;\">\n<li><span style=\"font-family: verdana, geneva; font-size: 13px;\">12.50 = Periodistas\u00a0<strong><span style=\"color: #ff0000;\">vs.<\/span><\/strong><\/span><span style=\"font-family: verdana, geneva; font-size: 13px;\"> Banco C\u00f3rdoba<\/span><\/li>\n<li><span style=\"font-family: verdana, geneva; font-size: 10pt;\">14.10 = DGI\u00a0<span style=\"color: #ff0000;\"><strong>vs. <\/strong><\/span>Previsionales<\/span><\/li>\n<li><span style=\"font-family: verdana, geneva; font-size: 13px;\">15.30 = Abogados\u00a0<strong><span style=\"color: #ff0000;\">vs. <\/span><\/strong><\/span><span style=\"font-family: verdana, geneva; font-size: 13px;\">Judiciales<\/span><\/li>\n<li><span style=\"font-family: verdana, geneva; font-size: 13px;\">16.50 = Contadores B\u00a0<strong><span style=\"color: #ff0000;\">vs. <\/span><\/strong><\/span><span style=\"font-family: verdana, geneva; font-size: 13px;\">Fusi\u00f3n de Profesionales<\/span><\/li>\n<\/ul>\n<p style=\"color: #333333; font-family: Helvetica, Arial, FreeSans, sans-serif;\"><span style=\"color: #3366ff;\"><strong><span style=\"font-family: verdana, geneva; font-size: 10pt;\">Cancha 2 de Abogados<\/span><\/strong><\/span><\/p>\n<ul style=\"color: #333333; font-family: Helvetica, Arial, FreeSans, sans-serif;\">\n<li><span style=\"font-family: verdana, geneva; font-size: 10pt;\">14.10 = Profesionales de Achiras\u00a0<strong><span style=\"color: #ff0000;\">vs.<\/span><\/strong> Arquitectos<\/span><\/li>\n<li><span style=\"font-family: verdana, geneva; font-size: 10pt;\">15.30 = Arquitectos B\u00a0<strong><span style=\"color: #ff0000;\">vs.<\/span><\/strong> Banco Popular<\/span><\/li>\n<li><span style=\"font-family: verdana, geneva; font-size: 10pt;\">16.50 = Docentes\u00a0<strong><span style=\"color: #ff0000;\">vs.<\/span><\/strong> Contadores<\/span><\/li>\n<\/ul>\n<p style=\"color: #333333; font-family: Helvetica, Arial, FreeSans, sans-serif;\"><span style=\"color: #3366ff;\"><strong><span style=\"font-family: verdana, geneva; font-size: 10pt;\">Cancha de M\u00e9dicos<\/span><\/strong><\/span><\/p>\n<ul style=\"color: #333333; font-family: Helvetica, Arial, FreeSans, sans-serif;\">\n<li><span style=\"font-family: verdana, geneva; font-size: 10pt;\">14.10 = Agr\u00f3nomos\u00a0<strong><span style=\"color: #ff0000;\">vs.<\/span><\/strong> Visitadores M\u00e9dicos<\/span><\/li>\n<li><span style=\"font-family: verdana, geneva; font-size: 13px;\">15.30 = M\u00e9dicos\u00a0<strong><span style=\"color: #ff0000;\">vs.<\/span><\/strong> Profesionales de Sampacho<\/span><\/li>\n<li><span style=\"font-size: 13px;\"><span style=\"font-family: verdana, geneva;\">16.50 = Fusi\u00f3n de Libres\u00a0<strong><span style=\"color: #ff0000;\">vs.<\/span><\/strong><\/span><\/span><span style=\"font-size: 13px;\"><span style=\"font-family: verdana, geneva;\"> Comunicadores<\/span><\/span><\/li>\n<\/ul>\n<p><span style=\"color: #339966;\"><strong><span style=\"font-family: verdana, geneva; font-size: 10pt;\">SIN PENDIENTE<\/span><\/strong><\/span><br \/><span style=\"font-family: verdana, geneva; font-size: 10pt;\">El partido pendiente de la 16\u00aa fecha entre <strong>Abogados<\/strong> y <strong>Contadores<\/strong>\u00a0se disput\u00f3 en el predio de M\u00e9dicos y el resultado fue favorable a los letrados por <span style=\"color: #3366ff;\"><strong>7<\/strong><\/span> a <span style=\"color: #3366ff;\"><strong>0<\/strong><\/span>.<\/span><\/p>\n<p><span style=\"font-size: 10pt; font-family: Tahoma, sans-serif;\"><span style=\"font-family: verdana, geneva;\"> Spataro convirti\u00f3 en 3 oportunidades, Yoma hizo dos goles mientras que Herrera y Carranza anotaron uno cada uno en la goleada.<\/span>\u00a0<br \/> <\/span><\/p>\n","protected":false},"excerpt":{"rendered":"<p>Finalmente lleg\u00f3 el d\u00eda. Este s\u00e1bado, 7 de julio, se disputar\u00e1n los partidos correspondientes\u00a0a\u00a0la 18\u00aa y \u00faltima fecha del torneo Apertura 2012 de la divisi\u00f3n Senior de\u00a0la Liga Deportiva de Profesionales. Una fecha para el infarto, en la que habr\u00e1 que seguir cada marcador muy de cerca para saber quien ser\u00e1 el campe\u00f3n de cada &hellip;<\/p>\n","protected":false},"author":2,"featured_media":4276,"comment_status":"open","ping_status":"open","sticky":false,"template":"","format":"standard","meta":{"_jetpack_memberships_contains_paid_content":false,"footnotes":""},"categories":[63],"tags":[],"class_list":["post-4277","post","type-post","status-publish","format-standard","has-post-thumbnail","hentry","category-liga-de-profesionales"],"jetpack_featured_media_url":"https:\/\/i0.wp.com\/deportivadigital.com.ar\/v2\/wp-content\/uploads\/2012\/07\/Tribuna.jpg?fit=500%2C300&ssl=1","jetpack_sharing_enabled":true,"_links":{"self":[{"href":"https:\/\/deportivadigital.com.ar\/v2\/wp-json\/wp\/v2\/posts\/4277","targetHints":{"allow":["GET"]}}],"collection":[{"href":"https:\/\/deportivadigital.com.ar\/v2\/wp-json\/wp\/v2\/posts"}],"about":[{"href":"https:\/\/deportivadigital.com.ar\/v2\/wp-json\/wp\/v2\/types\/post"}],"author":[{"embeddable":true,"href":"https:\/\/deportivadigital.com.ar\/v2\/wp-json\/wp\/v2\/users\/2"}],"replies":[{"embeddable":true,"href":"https:\/\/deportivadigital.com.ar\/v2\/wp-json\/wp\/v2\/comments?post=4277"}],"version-history":[{"count":0,"href":"https:\/\/deportivadigital.com.ar\/v2\/wp-json\/wp\/v2\/posts\/4277\/revisions"}],"wp:featuredmedia":[{"embeddable":true,"href":"https:\/\/deportivadigital.com.ar\/v2\/wp-json\/wp\/v2\/media\/4276"}],"wp:attachment":[{"href":"https:\/\/deportivadigital.com.ar\/v2\/wp-json\/wp\/v2\/media?parent=4277"}],"wp:term":[{"taxonomy":"category","embeddable":true,"href":"https:\/\/deportivadigital.com.ar\/v2\/wp-json\/wp\/v2\/categories?post=4277"},{"taxonomy":"post_tag","embeddable":true,"href":"https:\/\/deportivadigital.com.ar\/v2\/wp-json\/wp\/v2\/tags?post=4277"}],"curies":[{"name":"wp","href":"https:\/\/api.w.org\/{rel}","templated":true}]}}