{"id":3788,"date":"2012-04-22T08:38:09","date_gmt":"2012-04-22T11:38:09","guid":{"rendered":"https:\/\/deportivadigital.com.ar\/v2\/doble-punta-compartida\/"},"modified":"2012-04-22T08:38:09","modified_gmt":"2012-04-22T11:38:09","slug":"doble-punta-compartida","status":"publish","type":"post","link":"https:\/\/deportivadigital.com.ar\/v2\/doble-punta-compartida\/","title":{"rendered":"Doble punta compartida"},"content":{"rendered":"<p style=\"color: #333333; font-family: Helvetica, Arial, FreeSans, sans-serif;\"><span style=\"font-family: verdana, geneva; font-size: x-small;\"><span style=\"font-size: 10pt;\"><img data-recalc-dims=\"1\" decoding=\"async\" class=\" alignleft size-full wp-image-220\" style=\"float: left; margin-right: 5px;\" src=\"https:\/\/i0.wp.com\/deportivadigital.com.ar\/v2\/wp-content\/uploads\/2010\/05\/Ilustra.jpg?resize=180%2C130&#038;ssl=1\" alt=\"Ilustra\" width=\"180\" height=\"130\" \/>La categor\u00eda Junior de la Liga Deportiva de Profesionales vivi\u00f3 este s\u00e1bado la sexta fecha de su torneo Apertura. Y los resultados dejaron a dos punteros en cada zona. <strong>Docentes B<\/strong> y <strong>CECIS<\/strong> en la Campeonato; Mientras que en el Ascenso la punta es bancaria, compartida por el <strong>C\u00f3rdoba<\/strong> y el <strong>Popular<\/strong>.<\/span><\/span><\/p>\n<p> <!--more--> <\/p>\n<p style=\"color: #333333; font-family: Helvetica, Arial, FreeSans, sans-serif;\"><span style=\"font-family: verdana, geneva; font-size: 13px;\"> <\/span><\/p>\n<p style=\"color: #333333; font-family: Helvetica, Arial, FreeSans, sans-serif;\"><span style=\"font-family: verdana, geneva; font-size: 10pt;\"> <\/span><\/p>\n<p style=\"color: #333333; font-family: Helvetica, Arial, FreeSans, sans-serif;\"><span style=\"font-family: verdana, geneva; font-size: 10pt;\"> <\/span><\/p>\n<p style=\"color: #333333; font-family: Helvetica, Arial, FreeSans, sans-serif;\"><span style=\"font-family: verdana, geneva; font-size: 10pt;\"> <\/span><\/p>\n<p style=\"color: #333333; font-family: Helvetica, Arial, FreeSans, sans-serif;\"><span style=\"font-family: verdana, geneva; font-size: 10pt;\"> <\/span><\/p>\n<p style=\"color: #333333; font-family: Helvetica, Arial, FreeSans, sans-serif;\"><span style=\"font-family: verdana, geneva; font-size: 13px;\"> <\/span><\/p>\n<p style=\"color: #333333; font-family: Helvetica, Arial, FreeSans, sans-serif;\"><span style=\"font-family: verdana, geneva; font-size: 13px;\"> <\/span><\/p>\n<p style=\"color: #333333; font-family: Helvetica, Arial, FreeSans, sans-serif;\"><span style=\"font-family: verdana, geneva; font-size: 10pt;\"> <\/span><\/p>\n<table style=\"color: #333333; font-family: Helvetica, Arial, FreeSans, sans-serif; font-size: 12px; line-height: 16px;\" border=\"1\" cellspacing=\"1\" cellpadding=\"1\" align=\"center\">\n<tbody>\n<tr align=\"center\">\n<td style=\"font-family: Helvetica, Arial, FreeSans, sans-serif; background-color: #006699;\" colspan=\"2\"><span style=\"color: #ffffff; font-family: verdana, geneva; font-size: 10pt;\"><strong>ZONA CAMPEONATO<\/strong> <\/span><\/td>\n<\/tr>\n<tr>\n<td style=\"font-family: Helvetica, Arial, FreeSans, sans-serif;\">\n<ul>\n<li><span style=\"font-family: verdana, geneva; font-size: 10pt;\">M\u00e9dicos A&nbsp;<span style=\"color: #3366ff;\"><strong>0<\/strong><\/span><\/span><\/li>\n<li><span style=\"font-family: verdana, geneva; font-size: 10pt;\">Banco Cuyo&nbsp;<span style=\"color: #3366ff;\"><strong>1 <\/strong><span style=\"color: #000000;\"><em>(Bertaina)<\/em><\/span><\/span><\/span><\/li>\n<\/ul>\n<\/td>\n<td style=\"font-family: Helvetica, Arial, FreeSans, sans-serif;\" rowspan=\"5\">\n<p><span style=\"font-family: verdana, geneva; font-size: 10pt;\"><strong>P<\/strong><strong>OSICIONES<\/strong><\/span><\/p>\n<ol>\n<li><strong style=\"color: #ff0000; font-family: verdana, geneva; font-size: 10pt;\">Docentes B 13<\/strong><\/li>\n<li><strong style=\"color: #ff0000; font-family: verdana, geneva; font-size: 10pt;\">CECIS 11<\/strong><\/li>\n<li><span style=\"font-family: verdana, geneva; font-size: 10pt;\">Abogados A&nbsp;<strong>10<\/strong><\/span><\/li>\n<li><span style=\"font-family: verdana, geneva; font-size: 10pt;\">M\u00e9dicos A&nbsp;<strong>8<\/strong><\/span><\/li>\n<li><span style=\"font-family: verdana, geneva; font-size: 10pt; color: #333333;\">Banco Cuyo&nbsp;<\/span><strong style=\"font-family: verdana, geneva; font-size: 10pt; color: #333333;\">8<\/strong><\/li>\n<li><span style=\"font-family: verdana, geneva; font-size: 10pt;\">Docentes A&nbsp;<strong>8<\/strong><\/span><\/li>\n<li><span style=\"font-family: verdana, geneva; font-size: 10pt;\">Agr\u00f3nomos&nbsp;<strong>7<\/strong><\/span><\/li>\n<li><span style=\"font-family: verdana, geneva; font-size: 10pt;\">Fus. Libres A&nbsp;<strong>5<\/strong><\/span><\/li>\n<li><span style=\"font-family: verdana, geneva; font-size: 10pt; color: #333333;\">Contadores A <\/span><strong style=\"font-family: verdana, geneva; font-size: 10pt; color: #333333;\">5<\/strong><\/li>\n<li><span style=\"font-family: verdana, geneva; font-size: 10pt;\">Fus. Libres B&nbsp;<strong>4<\/strong><\/span><\/li>\n<\/ol>\n<\/td>\n<\/tr>\n<tr>\n<td style=\"font-family: Helvetica, Arial, FreeSans, sans-serif;\">\n<ul>\n<li><span style=\"font-family: verdana, geneva; font-size: 10pt;\">CECIS&nbsp;<span style=\"color: #3366ff;\"><strong>1 <\/strong><span style=\"color: #000000;\"><em>(Mart\u00ednez)<\/em><\/span><\/span><\/span><\/li>\n<li><span style=\"font-family: verdana, geneva; font-size: 10pt;\">Fus. Libres B<span style=\"color: #3366ff;\"><strong> 1 <\/strong><span style=\"color: #000000;\"><em>(Vicent\u00edn)<\/em><\/span><\/span><\/span><\/li>\n<\/ul>\n<\/td>\n<\/tr>\n<tr>\n<td style=\"font-family: Helvetica, Arial, FreeSans, sans-serif;\">\n<ul>\n<li><span style=\"font-family: verdana, geneva; font-size: 10pt;\">Abogados A&nbsp;<span style=\"color: #3366ff;\"><strong>2 <\/strong><span style=\"color: #000000;\"><em>(Cuesta y Llamosas)<\/em><\/span><\/span><\/span><\/li>\n<li><span style=\"font-family: verdana, geneva; font-size: 10pt;\">Docentes A&nbsp;<span style=\"color: #3366ff;\"><strong>2 <\/strong><span style=\"color: #000000;\"><em>(Lascos y Laspina)<\/em><\/span><\/span><\/span><\/li>\n<\/ul>\n<\/td>\n<\/tr>\n<tr>\n<td style=\"font-family: Helvetica, Arial, FreeSans, sans-serif;\">\n<ul>\n<li><span style=\"font-family: verdana, geneva; font-size: 10pt;\">Fus. Libres A&nbsp;<span style=\"color: #3366ff;\"><strong>0<\/strong><\/span><\/span><\/li>\n<li><span style=\"font-family: verdana, geneva; font-size: 10pt;\">Contadores A&nbsp;<span style=\"color: #3366ff;\"><strong>0<\/strong><\/span><\/span><\/li>\n<\/ul>\n<\/td>\n<\/tr>\n<tr>\n<td style=\"font-family: Helvetica, Arial, FreeSans, sans-serif;\">\n<ul>\n<li><span style=\"font-family: verdana, geneva; font-size: 10pt;\">Agr\u00f3nomos&nbsp;<span style=\"color: #3366ff;\"><strong>1 <\/strong><span style=\"color: #000000;\"><em>(Dolso)<\/em><\/span><\/span><\/span><\/li>\n<li><span style=\"font-family: verdana, geneva; font-size: 10pt;\">Docentes B&nbsp;<span style=\"color: #3366ff;\"><strong>3 <\/strong><span style=\"color: #000000;\"><em>(Novillo, Gabosi y Cabrera)<\/em><\/span><\/span><\/span><\/li>\n<\/ul>\n<\/td>\n<\/tr>\n<tr align=\"center\">\n<td style=\"font-family: Helvetica, Arial, FreeSans, sans-serif; background-color: #006699;\" colspan=\"2\"><span style=\"color: #ffffff; font-family: verdana, geneva; font-size: 10pt;\"><strong>ZONA ASCENSO <\/strong><\/span><\/td>\n<\/tr>\n<tr>\n<td style=\"font-family: Helvetica, Arial, FreeSans, sans-serif;\">\n<ul>\n<li><span style=\"font-family: verdana, geneva; font-size: 10pt;\">M\u00e9dicos B&nbsp;<span style=\"color: #3366ff;\"><strong>0<\/strong><\/span><\/span><\/li>\n<li><span style=\"font-family: verdana, geneva; font-size: 10pt;\">Contadores B&nbsp;<span style=\"color: #3366ff;\"><strong>1 <\/strong><span style=\"color: #000000;\"><em>(Falcone)<\/em><\/span><\/span><\/span><\/li>\n<\/ul>\n<\/td>\n<td style=\"font-family: Helvetica, Arial, FreeSans, sans-serif;\" rowspan=\"5\">\n<p><span style=\"font-family: verdana, geneva; font-size: 10pt;\"><strong>POSICIONES<\/strong><\/span><\/p>\n<ol>\n<li><strong style=\"color: #ff0000; font-family: verdana, geneva; font-size: 10pt;\">Banco C\u00f3rdoba 13<\/strong><\/li>\n<li><span style=\"color: #ff0000;\"><strong><span style=\"font-family: verdana, geneva; font-size: 10pt;\">Banco Popular&nbsp;13<\/span><\/strong><\/span><\/li>\n<li><span style=\"font-family: verdana, geneva; font-size: 10pt;\">Judiciales&nbsp;<strong>12<\/strong><\/span><\/li>\n<li><span style=\"font-family: verdana, geneva; font-size: 10pt;\">M\u00e9dicos B&nbsp;<strong>9<\/strong><\/span><\/li>\n<li><span style=\"font-family: verdana, geneva; font-size: 10pt;\">Contadores B&nbsp;<strong>9<\/strong><\/span><\/li>\n<li><span style=\"font-family: verdana, geneva; font-size: 13px;\">Vis. M\u00e9dicos&nbsp;<strong>7<\/strong><\/span><\/li>\n<li><span style=\"font-family: verdana, geneva; font-size: 10pt;\">Arquitectos&nbsp;<strong>6<\/strong><\/span><\/li>\n<li><span style=\"font-family: verdana, geneva; font-size: 10pt;\">Periodistas&nbsp;<strong>6<\/strong><\/span><\/li>\n<li><span style=\"font-family: verdana, geneva; font-size: 10pt;\">Comunicadores&nbsp;<strong>6<\/strong><\/span><\/li>\n<li><span style=\"font-family: verdana, geneva; font-size: 10pt;\">Abogados B&nbsp;<strong>4<\/strong><\/span><\/li>\n<\/ol>\n<\/td>\n<\/tr>\n<tr>\n<td style=\"font-family: Helvetica, Arial, FreeSans, sans-serif;\">\n<ul>\n<li><span style=\"font-family: verdana, geneva; font-size: 10pt;\">Abogados B&nbsp;<span style=\"color: #3366ff;\"><strong>3 <\/strong><span style=\"color: #000000;\"><em>(Bertoldi x2 y Alonso)<\/em><\/span><\/span><\/span><\/li>\n<li><span style=\"font-family: verdana, geneva; font-size: 10pt;\">Vis. M\u00e9dicos&nbsp;<span style=\"color: #3366ff;\"><strong>2 <\/strong><span style=\"color: #000000;\"><em>(Coronel x2)<\/em><\/span><\/span><\/span><\/li>\n<\/ul>\n<\/td>\n<\/tr>\n<tr>\n<td style=\"font-family: Helvetica, Arial, FreeSans, sans-serif;\">\n<ul>\n<li><span style=\"font-family: verdana, geneva; font-size: 10pt;\">Judiciales&nbsp;<span style=\"color: #3366ff;\"><strong>2 <\/strong><span style=\"color: #000000;\"><em>(Ollero y Brizuela)<\/em><\/span><\/span><\/span><\/li>\n<li><span style=\"font-family: verdana, geneva; font-size: 10pt;\">Periodistas&nbsp;<span style=\"color: #3366ff;\"><strong>1 <\/strong><span style=\"color: #000000;\"><em>(T\u00e1rtara)<\/em><\/span><\/span><\/span><\/li>\n<\/ul>\n<\/td>\n<\/tr>\n<tr>\n<td style=\"font-family: Helvetica, Arial, FreeSans, sans-serif;\">\n<ul>\n<li><span style=\"font-family: verdana, geneva; font-size: 10pt;\">Banco Popular&nbsp;<span style=\"color: #3366ff;\"><strong>2 <\/strong><span style=\"color: #000000;\"><em>(Carra y Almendra)<\/em><\/span><\/span><\/span><\/li>\n<li><span style=\"font-family: verdana, geneva; font-size: 10pt;\">Comunicadores&nbsp;<span style=\"color: #3366ff;\"><strong>1 <\/strong><span style=\"color: #000000;\"><em>(Larrea)<\/em><\/span><\/span><\/span><\/li>\n<\/ul>\n<\/td>\n<\/tr>\n<tr>\n<td style=\"font-family: Helvetica, Arial, FreeSans, sans-serif;\">\n<ul>\n<li><span style=\"font-family: verdana, geneva; font-size: small;\">Arquitectos&nbsp;<span style=\"color: #3366ff;\"><strong>0<\/strong><\/span><\/span><\/li>\n<li><span style=\"font-family: verdana, geneva; font-size: small;\">Banco C\u00f3rdoba&nbsp;<\/span><span style=\"color: #3366ff; font-family: verdana, geneva; font-size: 10pt;\"><strong>1 <\/strong><span style=\"color: #000000;\"><em>(Roggero)<\/em><\/span><\/span><\/li>\n<\/ul>\n<\/td>\n<\/tr>\n<\/tbody>\n<\/table>\n<p style=\"color: #333333; font-family: Helvetica, Arial, FreeSans, sans-serif;\"><span style=\"font-family: verdana, geneva; font-size: 13px;\"><strong><br \/><span style=\"color: #339966;\">PR\u00d3XIMA FECHA<\/span><br \/><\/strong>La s\u00e9ptima fecha del Apertura Junior tendr\u00e1 como partido destacado al cl\u00e1sico entre Docentes. El fixture completo ser\u00e1 el siguiente:<\/span><\/p>\n<p style=\"color: #333333; font-family: Helvetica, Arial, FreeSans, sans-serif;\"><span style=\"color: #ff9900;\"><strong><span style=\"font-family: verdana, geneva; font-size: 10pt;\">Zona Campeonato<\/span><\/strong><\/span><\/p>\n<ul style=\"color: #333333; font-family: Helvetica, Arial, FreeSans, sans-serif;\">\n<li><span style=\"font-family: verdana, geneva; font-size: 13px;\">M\u00e9dicos A&nbsp;<strong><span style=\"color: #ff0000;\">vs.<\/span><\/strong><\/span><span style=\"font-family: verdana, geneva; font-size: 13px;\"> Fusi\u00f3n de Libres B&nbsp;<\/span><\/li>\n<li><span style=\"font-family: verdana, geneva; font-size: 10pt;\">Banco Cuyo&nbsp;<span style=\"color: #ff0000;\"><strong>vs. <\/strong><\/span>Abogados A<\/span><\/li>\n<li><span style=\"font-family: verdana, geneva; font-size: 13px;\">CECIS&nbsp;<strong><span style=\"color: #ff0000;\">vs. <\/span><\/strong><\/span><span style=\"font-family: verdana, geneva; font-size: 13px;\">Contadores A<\/span><\/li>\n<li><span style=\"font-family: verdana, geneva; font-size: 13px;\">Docentes A&nbsp;<span style=\"color: #ff0000;\"><strong>vs.<\/strong><\/span> Docentes B<\/span><\/li>\n<li><span style=\"font-family: verdana, geneva; font-size: 10pt;\">Fusi\u00f3n de Libres A&nbsp;<\/span><strong style=\"font-family: verdana, geneva; font-size: 10pt;\"><span style=\"color: #ff0000;\">vs.<\/span><\/strong><span style=\"font-family: verdana, geneva; font-size: 10pt;\"> Agr\u00f3nomos<\/span><\/li>\n<\/ul>\n<p style=\"color: #333333; font-family: Helvetica, Arial, FreeSans, sans-serif;\"><span style=\"color: #ff9900;\"><strong><span style=\"font-family: verdana, geneva; font-size: 10pt;\">Zona Acenso<\/span><\/strong><\/span><\/p>\n<ul style=\"color: #333333; font-family: Helvetica, Arial, FreeSans, sans-serif;\">\n<li><span style=\"font-family: verdana, geneva; font-size: 10pt;\">M\u00e9dicos B&nbsp;<strong><span style=\"color: #ff0000;\">vs.<\/span><\/strong> Abogados B<\/span><\/li>\n<li><span style=\"font-family: verdana, geneva; font-size: 13px;\">Contadores B&nbsp;<strong><span style=\"color: #ff0000;\">vs.<\/span><\/strong> Periodistas<\/span><\/li>\n<li><span style=\"font-size: 13px;\"><span style=\"font-family: verdana, geneva;\">Visitadores M\u00e9dicos&nbsp;<strong><span style=\"color: #ff0000;\">vs.<\/span><\/strong><\/span><\/span><span style=\"font-size: 13px;\"><span style=\"font-family: verdana, geneva;\"> Comunicadores<\/span><\/span><\/li>\n<li><span style=\"font-family: verdana, geneva; font-size: 10pt;\">Judiciales&nbsp;<\/span><strong style=\"font-family: verdana, geneva; font-size: 10pt;\"><span style=\"color: #ff0000;\">vs.<\/span><\/strong><span style=\"font-family: verdana, geneva; font-size: 10pt;\"> Banco C\u00f3rdoba<\/span><\/li>\n<li><span style=\"font-family: verdana, geneva; font-size: 13px;\">Banco Popular&nbsp;<\/span><strong style=\"font-family: verdana, geneva; font-size: 13px;\"><span style=\"color: #ff0000;\">vs.<\/span><\/strong><span style=\"font-family: verdana, geneva; font-size: 13px;\"> Arquitectos<\/span><\/li>\n<\/ul>\n<p style=\"color: #333333; font-family: Helvetica, Arial, FreeSans, sans-serif;\"><span style=\"color: #339966; font-family: verdana, geneva; font-size: 10pt;\"><strong>LA ENTREVISTA<br \/><\/strong><span style=\"color: #000000;\">Ni bien finalizaba el partido entre Judiciales y Periodistas, dialogamos con Jorge Diez, uno de los pilares del equipo dirigido por Gerardo Cafaratti:<\/span><\/span><\/p>\n<p style=\"color: #333333; font-family: Helvetica, Arial, FreeSans, sans-serif; text-align: center;\"><span style=\"color: #339966; font-family: verdana, geneva; font-size: 10pt;\"><span style=\"color: #000000;\">{mp3}\/LdP\/A_2012\/21Abr\/Diez-Judiciales{\/mp3}&nbsp;<\/span><\/span><\/p>\n<p style=\"color: #333333; font-family: Helvetica, Arial, FreeSans, sans-serif;\"><span style=\"color: #339966; font-family: verdana, geneva; font-size: 10pt;\"><strong>GALER\u00cdA<\/strong><\/span><\/p>\n<p style=\"text-align: center;\"><span style=\"font-family: verdana, geneva; font-size: 10pt;\">{rokbox title=| Con mucho trabajo :: Esta es una muestra de todo lo que tuvo que trabajar el arquero de M\u00e9dicos B.| thumb=|images\/stories\/LdP\/A_2012\/21Abr\/JR\/Trabajo.jpg| }images\/stories\/LdP\/A_2012\/21Abr\/JR\/Trabajo.flv {\/rokbox}<\/span><\/p>\n<p style=\"text-align: center;\"><span style=\"font-family: verdana, geneva; font-size: 10pt; color: #000000;\"><span style=\"font-family: verdana, geneva;\">{becssg}\/LdP\/A_2012\/21Abr\/JR\/galeria{\/becssg}<\/span><\/span><\/p>\n","protected":false},"excerpt":{"rendered":"<p>La categor\u00eda Junior de la Liga Deportiva de Profesionales vivi\u00f3 este s\u00e1bado la sexta fecha de su torneo Apertura. Y los resultados dejaron a dos punteros en cada zona. Docentes B y CECIS en la Campeonato; Mientras que en el Ascenso la punta es bancaria, compartida por el C\u00f3rdoba y el Popular. ZONA CAMPEONATO M\u00e9dicos &hellip;<\/p>\n","protected":false},"author":2,"featured_media":220,"comment_status":"open","ping_status":"open","sticky":false,"template":"","format":"standard","meta":{"_jetpack_memberships_contains_paid_content":false,"footnotes":""},"categories":[63],"tags":[],"class_list":["post-3788","post","type-post","status-publish","format-standard","has-post-thumbnail","hentry","category-liga-de-profesionales"],"jetpack_featured_media_url":"https:\/\/i0.wp.com\/deportivadigital.com.ar\/v2\/wp-content\/uploads\/2010\/05\/Ilustra.jpg?fit=180%2C132&ssl=1","jetpack_sharing_enabled":true,"_links":{"self":[{"href":"https:\/\/deportivadigital.com.ar\/v2\/wp-json\/wp\/v2\/posts\/3788","targetHints":{"allow":["GET"]}}],"collection":[{"href":"https:\/\/deportivadigital.com.ar\/v2\/wp-json\/wp\/v2\/posts"}],"about":[{"href":"https:\/\/deportivadigital.com.ar\/v2\/wp-json\/wp\/v2\/types\/post"}],"author":[{"embeddable":true,"href":"https:\/\/deportivadigital.com.ar\/v2\/wp-json\/wp\/v2\/users\/2"}],"replies":[{"embeddable":true,"href":"https:\/\/deportivadigital.com.ar\/v2\/wp-json\/wp\/v2\/comments?post=3788"}],"version-history":[{"count":0,"href":"https:\/\/deportivadigital.com.ar\/v2\/wp-json\/wp\/v2\/posts\/3788\/revisions"}],"wp:featuredmedia":[{"embeddable":true,"href":"https:\/\/deportivadigital.com.ar\/v2\/wp-json\/wp\/v2\/media\/220"}],"wp:attachment":[{"href":"https:\/\/deportivadigital.com.ar\/v2\/wp-json\/wp\/v2\/media?parent=3788"}],"wp:term":[{"taxonomy":"category","embeddable":true,"href":"https:\/\/deportivadigital.com.ar\/v2\/wp-json\/wp\/v2\/categories?post=3788"},{"taxonomy":"post_tag","embeddable":true,"href":"https:\/\/deportivadigital.com.ar\/v2\/wp-json\/wp\/v2\/tags?post=3788"}],"curies":[{"name":"wp","href":"https:\/\/api.w.org\/{rel}","templated":true}]}}