{"id":3626,"date":"2012-03-25T22:59:06","date_gmt":"2012-03-26T01:59:06","guid":{"rendered":"https:\/\/deportivadigital.com.ar\/v2\/el-clasico-fue-empate\/"},"modified":"2012-03-25T22:59:06","modified_gmt":"2012-03-26T01:59:06","slug":"el-clasico-fue-empate","status":"publish","type":"post","link":"https:\/\/deportivadigital.com.ar\/v2\/el-clasico-fue-empate\/","title":{"rendered":"El cl\u00e1sico fue empate"},"content":{"rendered":"<p style=\"color: #333333; font-family: Helvetica, Arial, FreeSans, sans-serif;\"><span style=\"font-family: verdana, geneva; font-size: 10pt;\"><img data-recalc-dims=\"1\" decoding=\"async\" class=\" alignleft size-full wp-image-1812\" style=\"float: left; margin-right: 5px;\" src=\"https:\/\/i0.wp.com\/deportivadigital.com.ar\/v2\/wp-content\/uploads\/2011\/05\/02.jpg?resize=180%2C135&#038;ssl=1\" alt=\"02\" width=\"180\" height=\"135\" \/>Este s\u00e1bado se jugaron los partidos correspondientes a la segunda fecha del torneo Apertura 2012 de la Liga El Talar. Se destac\u00f3 el cl\u00e1sico entre <strong>Atenas<\/strong> y <strong>Moreno<\/strong>, que finaliz\u00f3 empatado en <strong><span style=\"color: #3366ff;\">0<\/span><\/strong>.<\/span><\/p>\n<p style=\"color: #333333; font-family: Helvetica, Arial, FreeSans, sans-serif;\"><span style=\"font-family: verdana, geneva; font-size: 10pt;\">A continuaci\u00f3n detallamos los resultados, las posiciones y el fixture de la pr\u00f3xima fecha. Adem\u00e1s, entrevista y fotos de la jornada.<\/span><\/p>\n<p style=\"color: #333333; font-family: Helvetica, Arial, FreeSans, sans-serif;\"><span style=\"font-family: verdana, geneva; font-size: 10pt;\"> <\/span><\/p>\n<p> <!--more--> <\/p>\n<p>\u00a0<\/p>\n<p style=\"color: #333333; font-family: Helvetica, Arial, FreeSans, sans-serif;\"><span style=\"font-family: verdana, geneva; font-size: 13px;\"> <\/span><\/p>\n<p style=\"color: #333333; font-family: Helvetica, Arial, FreeSans, sans-serif;\"><span style=\"font-family: verdana, geneva; font-size: 10pt;\"> <\/span><\/p>\n<p style=\"color: #333333; font-family: Helvetica, Arial, FreeSans, sans-serif;\"><span style=\"font-family: verdana, geneva; font-size: 13px;\"> <\/span><\/p>\n<p style=\"color: #333333; font-family: Helvetica, Arial, FreeSans, sans-serif;\"><span style=\"font-family: verdana, geneva; font-size: 10pt;\"> <\/span><\/p>\n<p style=\"color: #333333; font-family: Helvetica, Arial, FreeSans, sans-serif;\"><span style=\"font-family: verdana, geneva; font-size: 10pt;\"> <\/span><\/p>\n<table style=\"color: #333333; font-family: Helvetica, Arial, FreeSans, sans-serif; font-size: 12px; line-height: 16px;\" border=\"1\" cellspacing=\"2\" cellpadding=\"2\" align=\"center\">\n<tbody>\n<tr>\n<td style=\"font-family: Helvetica, Arial, FreeSans, sans-serif; background-color: #006699; text-align: center;\" colspan=\"2\"><span style=\"color: #ffffff; font-family: verdana, geneva; font-size: 8pt;\"><strong>2\u00aa FECHA APERTURA<\/strong><\/span><\/td>\n<\/tr>\n<tr>\n<td style=\"font-family: Helvetica, Arial, FreeSans, sans-serif;\">\n<ul>\n<li><span style=\"font-family: verdana, geneva; font-size: 10pt;\">Frenos W&nbsp;<span style=\"color: #3366ff;\"><strong>0<\/strong><strong> <\/strong><\/span><\/span><\/li>\n<li><span style=\"font-family: verdana, geneva; font-size: 10pt;\">Constructora Britos&nbsp;<span style=\"color: #3366ff;\"><strong>3<\/strong><\/span><\/span><\/li>\n<\/ul>\n<\/td>\n<td style=\"font-family: Helvetica, Arial, FreeSans, sans-serif;\" rowspan=\"5\">\n<p style=\"color: #333333;\"><strong><span style=\"font-family: verdana, geneva; font-size: 10pt;\">POSICIONES<\/span><\/strong><\/p>\n<ol style=\"color: #333333;\">\n<li style=\"font-family: Helvetica, Arial, FreeSans, sans-serif;\"><span style=\"color: #ff0000;\"><strong><span style=\"font-size: 10pt;\"><span style=\"font-family: verdana, geneva;\">Atenas 3<\/span><\/span><\/strong><\/span><\/li>\n<li style=\"font-family: Helvetica, Arial, FreeSans, sans-serif;\"><strong style=\"color: #ff0000; font-size: 12px;\"><span style=\"font-size: 10pt;\"><span style=\"font-family: verdana, geneva;\">Moreno 3<\/span><\/span><\/strong><\/li>\n<li style=\"font-family: Helvetica, Arial, FreeSans, sans-serif;\"><strong style=\"color: #ff0000; font-size: 12px;\"><span style=\"font-size: 10pt;\"><span style=\"font-family: verdana, geneva;\">Talleres 3<\/span><\/span><\/strong><\/li>\n<li style=\"font-family: Helvetica, Arial, FreeSans, sans-serif;\"><span style=\"font-family: verdana, geneva; font-size: 10pt;\">Ur\u00fa Cur\u00e9&nbsp;<\/span><strong style=\"font-family: verdana, geneva; font-size: 10pt;\">2<\/strong><\/li>\n<li style=\"font-family: Helvetica, Arial, FreeSans, sans-serif;\"><span style=\"font-family: Verdana, Arial, Helvetica, sans-serif; font-size: 10pt;\">Cons. Britos <\/span><strong style=\"font-family: Verdana, Arial, Helvetica, sans-serif; font-size: 10pt;\">2<\/strong><\/li>\n<li style=\"font-family: Helvetica, Arial, FreeSans, sans-serif;\"><span style=\"font-family: Verdana, Arial, Helvetica, sans-serif; font-size: 10pt;\">Frenos W <strong>2<\/strong><\/span><\/li>\n<li style=\"font-family: Helvetica, Arial, FreeSans, sans-serif;\"><span style=\"font-family: Verdana, Arial, Helvetica, sans-serif; font-size: 10pt;\">Aberturas Imperio <\/span><strong style=\"font-family: Verdana, Arial, Helvetica, sans-serif; font-size: 10pt;\">1<\/strong><\/li>\n<li style=\"font-family: Helvetica, Arial, FreeSans, sans-serif;\"><span style=\"font-size: 10pt;\"><span style=\"font-family: verdana, geneva;\">Estructuras Juncos&nbsp;<\/span><\/span><strong style=\"font-size: 12px;\"><span style=\"font-size: 10pt;\"><span style=\"font-family: verdana, geneva;\">0<\/span><\/span><\/strong><\/li>\n<li style=\"font-family: Helvetica, Arial, FreeSans, sans-serif;\"><span style=\"font-family: verdana, geneva; font-size: 10pt;\">Municipal&nbsp;<\/span><strong style=\"font-family: verdana, geneva; font-size: 10pt;\">0<\/strong><\/li>\n<\/ol>\n<\/td>\n<\/tr>\n<tr>\n<td style=\"font-family: Helvetica, Arial, FreeSans, sans-serif;\">\n<ul>\n<li><span style=\"font-family: verdana, geneva; font-size: 10pt;\">Atenas&nbsp;<span style=\"color: #3366ff;\"><strong>0<\/strong><\/span><\/span><\/li>\n<li><span style=\"font-family: verdana, geneva; font-size: 10pt;\">Moreno&nbsp;<span style=\"color: #3366ff;\"><strong>0<\/strong><\/span><\/span><\/li>\n<\/ul>\n<\/td>\n<\/tr>\n<tr>\n<td style=\"font-family: Helvetica, Arial, FreeSans, sans-serif;\">\n<ul>\n<li><span style=\"font-family: verdana, geneva; font-size: 10pt;\">Talleres&nbsp;<span style=\"color: #3366ff;\"><strong>0<\/strong><\/span><\/span><\/li>\n<li><span style=\"font-family: verdana, geneva; font-size: 10pt;\">Aberturas Imperio&nbsp;<span style=\"color: #3366ff;\"><strong>0<\/strong><\/span><\/span><\/li>\n<\/ul>\n<\/td>\n<\/tr>\n<tr>\n<td style=\"font-family: Helvetica, Arial, FreeSans, sans-serif;\">\n<ul>\n<li><span style=\"font-family: verdana, geneva; font-size: 10pt;\">Estructuras Juncos&nbsp;<span style=\"color: #3366ff;\"><strong>1<\/strong><\/span><\/span><\/li>\n<li><span style=\"font-family: verdana, geneva; font-size: 10pt;\">Ur\u00fa Cur\u00e9&nbsp;<span style=\"color: #3366ff;\"><strong>3<\/strong><\/span><\/span><\/li>\n<\/ul>\n<\/td>\n<\/tr>\n<tr>\n<td style=\"font-family: Helvetica, Arial, FreeSans, sans-serif;\"><span style=\"font-family: verdana, geneva; font-size: 10pt;\"><em><strong>Libre:<\/strong><\/em> Municipal<\/span><\/td>\n<\/tr>\n<\/tbody>\n<\/table>\n<p style=\"color: #333333; font-family: Helvetica, Arial, FreeSans, sans-serif;\"><span style=\"color: #339966;\"><strong><span style=\"font-family: verdana, geneva; font-size: 10pt;\">PR\u00d3XIMA FECHA<\/span><\/strong><\/span><br \/><span style=\"font-family: verdana, geneva; font-size: 10pt;\">La 3\u00aa fecha del Apertura se ha programado para el s\u00e1bado 31 de marzo, con este fixture:<\/span><\/p>\n<ul style=\"color: #333333; font-family: Helvetica, Arial, FreeSans, sans-serif;\">\n<li><span style=\"font-family: verdana, geneva; font-size: 13px;\">Moreno&nbsp;<span style=\"color: #ff0000;\"><strong>vs.<\/strong><\/span> Frenos W<\/span><\/li>\n<li><span style=\"font-family: verdana, geneva; font-size: 13px;\">Talleres&nbsp;<span style=\"color: #ff0000;\"><strong>vs.<\/strong><\/span> Constructora Britos<\/span><\/li>\n<li><span style=\"font-family: verdana, geneva; font-size: 13px;\">Estructuras Juncos&nbsp;<span style=\"color: #ff0000;\"><strong>vs.<\/strong><\/span> Atenas<\/span><\/li>\n<li><span style=\"font-family: verdana, geneva; font-size: 13px;\">Municipal&nbsp;<span style=\"color: #ff0000;\"><strong>vs.<\/strong><\/span> Aberturas Imperio<\/span><\/li>\n<li><span style=\"font-family: verdana, geneva; font-size: 13px;\"><em>Libre: Ur\u00fa Cur\u00e9<\/em><\/span><\/li>\n<\/ul>\n<p><span style=\"color: #339966;\"><strong><span style=\"font-family: verdana, geneva; font-size: 10pt;\">LA ENTREVISTA<\/span><\/strong><\/span><br \/><span style=\"font-family: verdana, geneva; font-size: 10pt;\">Dialogamos con Claudio Molina, tesorero de la Liga. Esto nos dec\u00eda:<\/span><\/p>\n<p style=\"text-align: center;\"><span style=\"font-family: verdana, geneva; font-size: 10pt;\">{mp3}\/ET\/Molina-Tesorero{\/mp3}<\/span>&nbsp;<\/p>\n<p><span style=\"color: #339966; font-family: verdana, geneva; font-size: 10pt;\"><strong>GALER\u00cdA<\/strong><\/span><\/p>\n<p style=\"text-align: center;\"><span style=\"font-family: verdana, geneva; font-size: 10pt;\">{rokbox title=| Llegada :: Una de las tantas llegadas de Talleres al arco de Aberturas Imperio.| thumb=|images\/stories\/ET\/A_2012\/24Mar\/Ataque_Talleres.jpg|}\/images\/stories\/ET\/A_2012\/24Mar\/Ataque_Talleres.flv {\/rokbox}<\/span><\/p>\n<p style=\"text-align: center;\"><span style=\"font-family: verdana, geneva; font-size: 10pt;\">{becssg}\/ET\/A_2012\/24Mar\/galeria{\/becssg}<\/span><\/p>\n","protected":false},"excerpt":{"rendered":"<p>Este s\u00e1bado se jugaron los partidos correspondientes a la segunda fecha del torneo Apertura 2012 de la Liga El Talar. Se destac\u00f3 el cl\u00e1sico entre Atenas y Moreno, que finaliz\u00f3 empatado en 0. A continuaci\u00f3n detallamos los resultados, las posiciones y el fixture de la pr\u00f3xima fecha. Adem\u00e1s, entrevista y fotos de la jornada. \u00a0 &hellip;<\/p>\n","protected":false},"author":2,"featured_media":1812,"comment_status":"open","ping_status":"open","sticky":false,"template":"","format":"standard","meta":{"_jetpack_memberships_contains_paid_content":false,"footnotes":""},"categories":[89],"tags":[],"class_list":["post-3626","post","type-post","status-publish","format-standard","has-post-thumbnail","hentry","category-liga-de-veteranos-el-talar"],"jetpack_featured_media_url":"https:\/\/i0.wp.com\/deportivadigital.com.ar\/v2\/wp-content\/uploads\/2011\/05\/02.jpg?fit=400%2C300&ssl=1","jetpack_sharing_enabled":true,"_links":{"self":[{"href":"https:\/\/deportivadigital.com.ar\/v2\/wp-json\/wp\/v2\/posts\/3626","targetHints":{"allow":["GET"]}}],"collection":[{"href":"https:\/\/deportivadigital.com.ar\/v2\/wp-json\/wp\/v2\/posts"}],"about":[{"href":"https:\/\/deportivadigital.com.ar\/v2\/wp-json\/wp\/v2\/types\/post"}],"author":[{"embeddable":true,"href":"https:\/\/deportivadigital.com.ar\/v2\/wp-json\/wp\/v2\/users\/2"}],"replies":[{"embeddable":true,"href":"https:\/\/deportivadigital.com.ar\/v2\/wp-json\/wp\/v2\/comments?post=3626"}],"version-history":[{"count":0,"href":"https:\/\/deportivadigital.com.ar\/v2\/wp-json\/wp\/v2\/posts\/3626\/revisions"}],"wp:featuredmedia":[{"embeddable":true,"href":"https:\/\/deportivadigital.com.ar\/v2\/wp-json\/wp\/v2\/media\/1812"}],"wp:attachment":[{"href":"https:\/\/deportivadigital.com.ar\/v2\/wp-json\/wp\/v2\/media?parent=3626"}],"wp:term":[{"taxonomy":"category","embeddable":true,"href":"https:\/\/deportivadigital.com.ar\/v2\/wp-json\/wp\/v2\/categories?post=3626"},{"taxonomy":"post_tag","embeddable":true,"href":"https:\/\/deportivadigital.com.ar\/v2\/wp-json\/wp\/v2\/tags?post=3626"}],"curies":[{"name":"wp","href":"https:\/\/api.w.org\/{rel}","templated":true}]}}