{"id":3502,"date":"2012-02-29T23:37:34","date_gmt":"2012-03-01T02:37:34","guid":{"rendered":"https:\/\/deportivadigital.com.ar\/v2\/arranques-oficiales\/"},"modified":"2012-02-29T23:37:34","modified_gmt":"2012-03-01T02:37:34","slug":"arranques-oficiales","status":"publish","type":"post","link":"https:\/\/deportivadigital.com.ar\/v2\/arranques-oficiales\/","title":{"rendered":"Arranques oficiales"},"content":{"rendered":"<p><img data-recalc-dims=\"1\" decoding=\"async\" class=\" alignleft size-full wp-image-220\" style=\"float: left; margin-right: 5px;\" src=\"https:\/\/i0.wp.com\/deportivadigital.com.ar\/v2\/wp-content\/uploads\/2010\/05\/Ilustra.jpg?resize=150%2C116&#038;ssl=1\" alt=\"Ilustra\" width=\"150\" height=\"116\" \/><\/p>\n<p><span style=\"line-height: 115%; font-family: Verdana, sans-serif; font-size: 10pt;\" lang=\"ES-AR\">Finalmente termin\u00f3 la espera. Las dos categor\u00edas de la Liga Deportiva de Profesionales empezar\u00e1n sus respectivos torneos Apertura 2012 durante marzo.<\/span><\/p>\n<p><span style=\"font-family: verdana, geneva; font-size: 10pt;\">La Senior lo har\u00e1 este s\u00e1bado 3, mientras que los Junior reci\u00e9n empezar\u00e1n el 10.<\/span><\/p>\n<p><span style=\"line-height: 115%; font-family: Verdana, sans-serif; font-size: 10pt;\" lang=\"ES-AR\"> <\/span><\/p>\n<p> <!--more--> <\/p>\n<p><strong style=\"font-family: Verdana, sans-serif; font-size: 9pt; line-height: 115%;\"><span style=\"color: #339966;\">Junior<br \/><\/span><\/strong><span style=\"font-family: Verdana, sans-serif; line-height: 115%; font-size: 10pt;\">Los delegados de la m\u00e1s joven de las categor\u00edas decidieron postergar una semana el comienzo de la temporada oficial. Y para ello, el lunes 5 sortear\u00e1n el fixture.<\/span><\/p>\n<p><span style=\"font-size: 10pt;\"><span style=\"font-family: Verdana, sans-serif; line-height: 115%;\">Ese mismo d\u00eda los equipos deber\u00e1n presentar las planillas de altas y bajas con la documentaci\u00f3n requerida, para poder aprobar las listas de buena fe.<\/span><\/span><\/p>\n<p><span style=\"font-family: Verdana, sans-serif; line-height: 115%; font-size: 10pt;\"><span style=\"color: #339966;\"><strong>Senior<\/strong><\/span><br \/>Los pibes de la Senior s\u00ed empezar\u00e1n a jugar el Apertura 2012 este s\u00e1bado, 3 de marzo. El fixture oficial ser\u00e1 el siguiente:<\/span><\/p>\n<p><span style=\"font-family: Verdana, sans-serif; line-height: 115%; font-size: 10pt;\"> <\/span><\/p>\n<p><span style=\"color: #3366ff;\"><strong><span style=\"font-family: verdana, geneva; font-size: 10pt;\">Cancha de M\u00e9dicos<\/span><\/strong><\/span><\/p>\n<ul>\n<li><span style=\"font-family: verdana, geneva; font-size: 10pt;\">14.00 = Judiciales <\/span><span style=\"color: #ff0000;\"><strong style=\"font-family: verdana, geneva; font-size: 10pt;\">vs.<\/strong><\/span><span style=\"font-family: verdana, geneva; font-size: 10pt;\"> Docentes<\/span><\/li>\n<li><span style=\"font-family: verdana, geneva; font-size: 10pt;\">15.20 = Arquitectos <\/span><strong style=\"font-family: verdana, geneva; font-size: 10pt;\">vs.<\/strong><span style=\"font-family: verdana, geneva; font-size: 10pt;\"> Previsionales<\/span><\/li>\n<li><span style=\"font-family: verdana, geneva; font-size: 10pt;\">16.40 = Profesionales de &nbsp;Sampacho <\/span><span style=\"color: #ff0000;\"><strong style=\"font-family: verdana, geneva; font-size: 10pt;\">vs.<\/strong><\/span><span style=\"font-family: verdana, geneva; font-size: 10pt;\"> Arquitectos B<\/span><\/li>\n<li><span style=\"font-family: verdana, geneva; font-size: 10pt;\">18.00 = M\u00e9dicos <\/span><span style=\"color: #ff0000;\"><strong style=\"font-family: verdana, geneva; font-size: 10pt;\">vs.<\/strong><\/span><span style=\"font-family: verdana, geneva; font-size: 10pt;\"> Fusi\u00f3n de Profesionales<\/span><\/li>\n<\/ul>\n<p><span style=\"color: #3366ff;\"><strong><span style=\"font-family: verdana, geneva; font-size: 10pt;\">Cancha 1 de Abogados<\/span><\/strong><\/span><\/p>\n<ul>\n<li><span style=\"font-family: verdana, geneva; font-size: 10pt;\">14.30 = DGI <\/span><span style=\"color: #ff0000;\"><strong style=\"font-family: verdana, geneva; font-size: 10pt;\">vs.<\/strong><\/span><span style=\"font-family: verdana, geneva; font-size: 10pt;\"> Periodistas<\/span><\/li>\n<li><span style=\"font-family: verdana, geneva; font-size: 10pt;\">16.00 = Contadores <\/span><span style=\"color: #ff0000;\"><strong style=\"font-family: verdana, geneva; font-size: 10pt;\">vs.<\/strong><\/span><span style=\"font-family: verdana, geneva; font-size: 10pt;\"> Banco Popular<\/span><\/li>\n<li><span style=\"font-family: verdana, geneva; font-size: 10pt;\">17.30 = &nbsp;Abogados <\/span><span style=\"color: #ff0000;\"><strong style=\"font-family: verdana, geneva; font-size: 10pt;\">vs.<\/strong><\/span><span style=\"font-family: verdana, geneva; font-size: 10pt;\"> Contadores B<\/span><\/li>\n<\/ul>\n<p><span style=\"color: #3366ff;\"><strong><span style=\"font-family: verdana, geneva; font-size: 10pt;\">Cancha 2 de Abogados<\/span><\/strong><\/span><\/p>\n<ul>\n<li><span style=\"font-family: verdana, geneva; font-size: 10pt;\">14.30 = Visitadores M\u00e9dicos <\/span><span style=\"color: #ff0000;\"><strong style=\"font-family: verdana, geneva; font-size: 10pt;\">vs.<\/strong><\/span><span style=\"font-family: verdana, geneva; font-size: 10pt;\"> Profesionales de Achiras<\/span><\/li>\n<li><span style=\"font-family: verdana, geneva; font-size: 10pt;\">16.00 = Fusi\u00f3n de Libres <\/span><span style=\"color: #ff0000;\"><strong style=\"font-family: verdana, geneva; font-size: 10pt;\">vs.<\/strong><\/span><span style=\"font-family: verdana, geneva; font-size: 10pt;\"> Banco C\u00f3rdoba<\/span><\/li>\n<li><span style=\"font-family: verdana, geneva; font-size: 10pt;\">17.30 = Agr\u00f3nomos <\/span><span style=\"color: #ff0000;\"><strong style=\"font-family: verdana, geneva; font-size: 10pt;\">vs.<\/strong><\/span><span style=\"font-family: verdana, geneva; font-size: 10pt;\"> Comunicadores<\/span><\/li>\n<\/ul>\n<p><span style=\"font-size: 9pt; line-height: 115%; font-family: Verdana, sans-serif;\" lang=\"ES-AR\"> <\/span><\/p>\n","protected":false},"excerpt":{"rendered":"<p>Finalmente termin\u00f3 la espera. Las dos categor\u00edas de la Liga Deportiva de Profesionales empezar\u00e1n sus respectivos torneos Apertura 2012 durante marzo. La Senior lo har\u00e1 este s\u00e1bado 3, mientras que los Junior reci\u00e9n empezar\u00e1n el 10. JuniorLos delegados de la m\u00e1s joven de las categor\u00edas decidieron postergar una semana el comienzo de la temporada oficial. &hellip;<\/p>\n","protected":false},"author":2,"featured_media":220,"comment_status":"open","ping_status":"open","sticky":false,"template":"","format":"standard","meta":{"_jetpack_memberships_contains_paid_content":false,"footnotes":""},"categories":[63],"tags":[],"class_list":["post-3502","post","type-post","status-publish","format-standard","has-post-thumbnail","hentry","category-liga-de-profesionales"],"jetpack_featured_media_url":"https:\/\/i0.wp.com\/deportivadigital.com.ar\/v2\/wp-content\/uploads\/2010\/05\/Ilustra.jpg?fit=180%2C132&ssl=1","jetpack_sharing_enabled":true,"_links":{"self":[{"href":"https:\/\/deportivadigital.com.ar\/v2\/wp-json\/wp\/v2\/posts\/3502","targetHints":{"allow":["GET"]}}],"collection":[{"href":"https:\/\/deportivadigital.com.ar\/v2\/wp-json\/wp\/v2\/posts"}],"about":[{"href":"https:\/\/deportivadigital.com.ar\/v2\/wp-json\/wp\/v2\/types\/post"}],"author":[{"embeddable":true,"href":"https:\/\/deportivadigital.com.ar\/v2\/wp-json\/wp\/v2\/users\/2"}],"replies":[{"embeddable":true,"href":"https:\/\/deportivadigital.com.ar\/v2\/wp-json\/wp\/v2\/comments?post=3502"}],"version-history":[{"count":0,"href":"https:\/\/deportivadigital.com.ar\/v2\/wp-json\/wp\/v2\/posts\/3502\/revisions"}],"wp:featuredmedia":[{"embeddable":true,"href":"https:\/\/deportivadigital.com.ar\/v2\/wp-json\/wp\/v2\/media\/220"}],"wp:attachment":[{"href":"https:\/\/deportivadigital.com.ar\/v2\/wp-json\/wp\/v2\/media?parent=3502"}],"wp:term":[{"taxonomy":"category","embeddable":true,"href":"https:\/\/deportivadigital.com.ar\/v2\/wp-json\/wp\/v2\/categories?post=3502"},{"taxonomy":"post_tag","embeddable":true,"href":"https:\/\/deportivadigital.com.ar\/v2\/wp-json\/wp\/v2\/tags?post=3502"}],"curies":[{"name":"wp","href":"https:\/\/api.w.org\/{rel}","templated":true}]}}