{"id":3373,"date":"2012-02-05T05:21:33","date_gmt":"2012-02-05T08:21:33","guid":{"rendered":"https:\/\/deportivadigital.com.ar\/v2\/empezaron-a-moverse\/"},"modified":"2012-02-05T05:21:33","modified_gmt":"2012-02-05T08:21:33","slug":"empezaron-a-moverse","status":"publish","type":"post","link":"https:\/\/deportivadigital.com.ar\/v2\/empezaron-a-moverse\/","title":{"rendered":"Empezaron a moverse"},"content":{"rendered":"<p><span style=\"font-family: verdana, geneva; font-size: 10pt;\"><img data-recalc-dims=\"1\" decoding=\"async\" class=\" alignleft size-full wp-image-2884\" style=\"float: left; margin-right: 5px;\" src=\"https:\/\/i0.wp.com\/deportivadigital.com.ar\/v2\/wp-content\/uploads\/2011\/10\/05.jpg?resize=180%2C135&#038;ssl=1\" alt=\"05\" width=\"180\" height=\"135\" \/>Los muchachos del torneo Maxisenior empezaron a ponerse en movimiento, de cara al inminente inicio del campeonato. Este s\u00e1bado por la tarde jugaron una serie de amistoso en el predio <em>Juan Carballo<\/em> de la Asociaci\u00f3n Ranqueles.<\/span><\/p>\n<p><span style=\"font-family: verdana, geneva; font-size: 10pt;\">A continuaci\u00f3n, algunas im\u00e1genes de la tarde. <\/span><\/p>\n<p> <!--more--> <\/p>\n<p>\u00a0<\/p>\n<p style=\"text-align: center;\">\u00a0<\/p>\n<p style=\"text-align: center;\">\u00a0<\/p>\n<p style=\"text-align: center;\"><span style=\"font-family: verdana, geneva; font-size: 10pt;\">{becssg}\/MS\/2012\/Amistosos{\/becssg}<\/span><\/p>\n","protected":false},"excerpt":{"rendered":"<p>Los muchachos del torneo Maxisenior empezaron a ponerse en movimiento, de cara al inminente inicio del campeonato. Este s\u00e1bado por la tarde jugaron una serie de amistoso en el predio Juan Carballo de la Asociaci\u00f3n Ranqueles. A continuaci\u00f3n, algunas im\u00e1genes de la tarde. \u00a0 \u00a0 \u00a0 {becssg}\/MS\/2012\/Amistosos{\/becssg}<\/p>\n","protected":false},"author":2,"featured_media":2884,"comment_status":"open","ping_status":"open","sticky":false,"template":"","format":"standard","meta":{"_jetpack_memberships_contains_paid_content":false,"footnotes":""},"categories":[63],"tags":[],"class_list":["post-3373","post","type-post","status-publish","format-standard","has-post-thumbnail","hentry","category-liga-de-profesionales"],"jetpack_featured_media_url":"https:\/\/i0.wp.com\/deportivadigital.com.ar\/v2\/wp-content\/uploads\/2011\/10\/05.jpg?fit=640%2C480&ssl=1","jetpack_sharing_enabled":true,"_links":{"self":[{"href":"https:\/\/deportivadigital.com.ar\/v2\/wp-json\/wp\/v2\/posts\/3373","targetHints":{"allow":["GET"]}}],"collection":[{"href":"https:\/\/deportivadigital.com.ar\/v2\/wp-json\/wp\/v2\/posts"}],"about":[{"href":"https:\/\/deportivadigital.com.ar\/v2\/wp-json\/wp\/v2\/types\/post"}],"author":[{"embeddable":true,"href":"https:\/\/deportivadigital.com.ar\/v2\/wp-json\/wp\/v2\/users\/2"}],"replies":[{"embeddable":true,"href":"https:\/\/deportivadigital.com.ar\/v2\/wp-json\/wp\/v2\/comments?post=3373"}],"version-history":[{"count":0,"href":"https:\/\/deportivadigital.com.ar\/v2\/wp-json\/wp\/v2\/posts\/3373\/revisions"}],"wp:featuredmedia":[{"embeddable":true,"href":"https:\/\/deportivadigital.com.ar\/v2\/wp-json\/wp\/v2\/media\/2884"}],"wp:attachment":[{"href":"https:\/\/deportivadigital.com.ar\/v2\/wp-json\/wp\/v2\/media?parent=3373"}],"wp:term":[{"taxonomy":"category","embeddable":true,"href":"https:\/\/deportivadigital.com.ar\/v2\/wp-json\/wp\/v2\/categories?post=3373"},{"taxonomy":"post_tag","embeddable":true,"href":"https:\/\/deportivadigital.com.ar\/v2\/wp-json\/wp\/v2\/tags?post=3373"}],"curies":[{"name":"wp","href":"https:\/\/api.w.org\/{rel}","templated":true}]}}