{"id":3369,"date":"2012-02-04T04:08:21","date_gmt":"2012-02-04T07:08:21","guid":{"rendered":"https:\/\/deportivadigital.com.ar\/v2\/segunda-del-preliminar\/"},"modified":"2012-02-04T04:08:21","modified_gmt":"2012-02-04T07:08:21","slug":"segunda-del-preliminar","status":"publish","type":"post","link":"https:\/\/deportivadigital.com.ar\/v2\/segunda-del-preliminar\/","title":{"rendered":"Segunda del Preliminar"},"content":{"rendered":"<p><span style=\"font-family: verdana, geneva; font-size: 10pt;\"><img data-recalc-dims=\"1\" decoding=\"async\" class=\" alignleft size-full wp-image-220\" style=\"float: left; margin-right: 5px;\" src=\"https:\/\/i0.wp.com\/deportivadigital.com.ar\/v2\/wp-content\/uploads\/2010\/05\/Ilustra.jpg?resize=180%2C108&#038;ssl=1\" alt=\"Ilustra\" width=\"180\" height=\"108\" \/>Este s\u00e1bado se jugar\u00e1n, a partir de las 17, los partidos de la segunda fecha del Torneo Preliminar de la categor\u00eda Senior de la Liga.&nbsp;<\/span><\/p>\n<p><span style=\"font-family: verdana, geneva; font-size: 10pt;\">Ambos encuentros se jugar\u00e1n, nuevamente, en la cancha de Banco Popular. El fixture ser\u00e1 el siguiente:<\/span><\/p>\n<p><span style=\"font-family: verdana, geneva; font-size: 10pt;\"><br \/><\/span><\/p>\n<p> <!--more--> <\/p>\n<ul>\n<li><span style=\"font-family: verdana, geneva; font-size: 10pt;\"><span style=\"color: #000000;\"><strong>17.00 =<\/strong> <\/span>Arquitectos e Ingenieros<span style=\"color: #ff0000;\"> <strong>vs.<\/strong><\/span> Fusi\u00f3n de Libres<\/span><\/li>\n<li><span style=\"font-family: verdana, geneva; font-size: 10pt;\"><span style=\"color: #000000;\"><strong>18.00 =<\/strong> <\/span>Fusi\u00f3n de Profesionales <span style=\"color: #ff0000;\"><strong>vs.<\/strong><\/span> Fusi\u00f3n de Comunicadores<\/span><\/li>\n<\/ul>\n<p><span style=\"font-family: verdana, geneva; font-size: 10pt;\"><strong>Resultados de la primera<\/strong><\/span><br \/><span style=\"font-family: verdana, geneva; font-size: 10pt;\">El s\u00e1bado anterior se jugaron los partidos de la primera fecha, con estos resultados:&nbsp;<\/span><\/p>\n<ul>\n<li><span style=\"font-family: verdana, geneva;\">Fusi\u00f3n de Profesionales <span style=\"color: #3366ff;\"><strong>1 <span style=\"color: #ff0000;\">vs. <\/span><\/strong><\/span>Fusi\u00f3n de Libres <span style=\"color: #3366ff;\"><strong>2<\/strong><\/span><\/span><\/li>\n<li><span style=\"font-family: verdana, geneva;\">Fusi\u00f3n de Comunicadores <span style=\"color: #3366ff;\"><strong>2 <span style=\"color: #ff0000;\">vs.<\/span> <\/strong><span style=\"color: #000000;\">A<\/span><\/span>rquitectos e ingenieros <span style=\"color: #3366ff;\"><strong>1<\/strong><\/span><\/span><\/li>\n<\/ul>\n<p><span style=\"font-family: verdana, geneva; font-size: 10pt;\"><strong>FOTOGALER\u00cdA <em>(pulse sobre la imagen para ampliarla)<\/em><\/strong><\/span><\/p>\n<p><span style=\"font-family: verdana, geneva; font-size: 10pt;\">{rokbox title=| Fusi\u00f3n de Libres :: &nbsp;|}images\/stories\/LdP\/Preliminar\/01\/Fus_Libres.jpg{\/rokbox}&nbsp;{rokbox title=| Fusi\u00f3n de Profesionales :: &nbsp;|}images\/stories\/LdP\/Preliminar\/01\/Fus_Profesionales.jpg{\/rokbox}<\/span><\/p>\n<p><strong><em><br \/><\/em><\/strong><\/p>\n","protected":false},"excerpt":{"rendered":"<p>Este s\u00e1bado se jugar\u00e1n, a partir de las 17, los partidos de la segunda fecha del Torneo Preliminar de la categor\u00eda Senior de la Liga.&nbsp; Ambos encuentros se jugar\u00e1n, nuevamente, en la cancha de Banco Popular. El fixture ser\u00e1 el siguiente: 17.00 = Arquitectos e Ingenieros vs. Fusi\u00f3n de Libres 18.00 = Fusi\u00f3n de Profesionales &hellip;<\/p>\n","protected":false},"author":2,"featured_media":220,"comment_status":"open","ping_status":"open","sticky":false,"template":"","format":"standard","meta":{"_jetpack_memberships_contains_paid_content":false,"footnotes":""},"categories":[63],"tags":[],"class_list":["post-3369","post","type-post","status-publish","format-standard","has-post-thumbnail","hentry","category-liga-de-profesionales"],"jetpack_featured_media_url":"https:\/\/i0.wp.com\/deportivadigital.com.ar\/v2\/wp-content\/uploads\/2010\/05\/Ilustra.jpg?fit=180%2C132&ssl=1","jetpack_sharing_enabled":true,"_links":{"self":[{"href":"https:\/\/deportivadigital.com.ar\/v2\/wp-json\/wp\/v2\/posts\/3369","targetHints":{"allow":["GET"]}}],"collection":[{"href":"https:\/\/deportivadigital.com.ar\/v2\/wp-json\/wp\/v2\/posts"}],"about":[{"href":"https:\/\/deportivadigital.com.ar\/v2\/wp-json\/wp\/v2\/types\/post"}],"author":[{"embeddable":true,"href":"https:\/\/deportivadigital.com.ar\/v2\/wp-json\/wp\/v2\/users\/2"}],"replies":[{"embeddable":true,"href":"https:\/\/deportivadigital.com.ar\/v2\/wp-json\/wp\/v2\/comments?post=3369"}],"version-history":[{"count":0,"href":"https:\/\/deportivadigital.com.ar\/v2\/wp-json\/wp\/v2\/posts\/3369\/revisions"}],"wp:featuredmedia":[{"embeddable":true,"href":"https:\/\/deportivadigital.com.ar\/v2\/wp-json\/wp\/v2\/media\/220"}],"wp:attachment":[{"href":"https:\/\/deportivadigital.com.ar\/v2\/wp-json\/wp\/v2\/media?parent=3369"}],"wp:term":[{"taxonomy":"category","embeddable":true,"href":"https:\/\/deportivadigital.com.ar\/v2\/wp-json\/wp\/v2\/categories?post=3369"},{"taxonomy":"post_tag","embeddable":true,"href":"https:\/\/deportivadigital.com.ar\/v2\/wp-json\/wp\/v2\/tags?post=3369"}],"curies":[{"name":"wp","href":"https:\/\/api.w.org\/{rel}","templated":true}]}}