{"id":3171,"date":"2011-12-09T02:34:39","date_gmt":"2011-12-09T05:34:39","guid":{"rendered":"https:\/\/deportivadigital.com.ar\/v2\/hasta-el-ano-que-viene-seniors\/"},"modified":"2011-12-09T02:34:39","modified_gmt":"2011-12-09T05:34:39","slug":"hasta-el-ano-que-viene-seniors","status":"publish","type":"post","link":"https:\/\/deportivadigital.com.ar\/v2\/hasta-el-ano-que-viene-seniors\/","title":{"rendered":"Hasta el a\u00f1o que viene, Seniors"},"content":{"rendered":"<p><span style=\"font-family: verdana, geneva; font-size: 10pt;\"><img data-recalc-dims=\"1\" decoding=\"async\" class=\" alignleft size-full wp-image-220\" style=\"float: left; margin-right: 5px;\" title=\"Docentes festej\u00f3 el t\u00edtulo obtenido.\" src=\"https:\/\/i0.wp.com\/deportivadigital.com.ar\/v2\/wp-content\/uploads\/2010\/05\/Ilustra.jpg?resize=180%2C107&#038;ssl=1\" alt=\"Ilustra\" width=\"180\" height=\"107\" \/>En la calurosa tarde de este jueves se disputaron los partidos correspondientes a la 18\u00aa y \u00faltima fecha del torneo Clausura 2011 de los Senior. <strong>Docentes <\/strong>y <strong>Fusi\u00f3n de Profesionales<\/strong> recibieron sus copas y estrenaron sus t\u00edtulos con sendas goleadas de <span style=\"color: #3366ff;\"><strong>6 <\/strong><\/span>a <strong><span style=\"color: #3366ff;\">0<\/span><\/strong>.&nbsp;<\/span><\/p>\n<p><span style=\"font-family: verdana, geneva; font-size: 10pt;\">Previsionales y Visitadores M\u00e9dicos descendieron. Y el partido de Promoci\u00f3n lo protagonizar\u00e1n <strong>Profesionales de Achiras<\/strong> y <strong>Contadores<\/strong>.<\/span><\/p>\n<p> <!--more--> <\/p>\n<p>\u00a0<\/p>\n<p style=\"color: #333333; font-family: Helvetica, Arial, FreeSans, sans-serif;\"><span style=\"font-family: verdana, geneva; font-size: 13px;\"> <\/span><\/p>\n<p style=\"color: #333333; font-family: Helvetica, Arial, FreeSans, sans-serif;\"><span style=\"font-family: verdana, geneva; font-size: 13px;\"> <\/span><\/p>\n<p style=\"color: #333333; font-family: Helvetica, Arial, FreeSans, sans-serif;\"><span style=\"font-family: verdana, geneva; font-size: 13px;\"> <\/span><\/p>\n<p style=\"color: #333333; font-family: Helvetica, Arial, FreeSans, sans-serif;\"><span style=\"font-family: verdana, geneva; font-size: 13px;\"> <\/span><\/p>\n<p style=\"color: #333333; font-family: Helvetica, Arial, FreeSans, sans-serif;\"><span style=\"font-family: verdana, geneva; font-size: 13px;\"> <\/span><\/p>\n<table style=\"color: #333333; font-family: Helvetica, Arial, FreeSans, sans-serif; font-size: 12px; line-height: 16px;\" border=\"1\" cellspacing=\"1\" cellpadding=\"1\" align=\"center\">\n<tbody>\n<tr align=\"center\">\n<td style=\"background-color: #006699;\" colspan=\"2\"><span style=\"color: #ffffff; font-family: verdana, geneva; font-size: 10pt;\"><strong>ZONA CAMPEONATO <\/strong><\/span><\/td>\n<\/tr>\n<tr>\n<td>\n<ul style=\"font-family: Helvetica, Arial, FreeSans, sans-serif;\">\n<li><span style=\"font-family: verdana, geneva; font-size: 10pt;\">Abogados <span style=\"color: #3366ff;\"><strong>7 <\/strong><span style=\"color: #000000;\"><em>(U. Rodr\u00edguez x4, Pressacco x2 y Herrera)<\/em><\/span><\/span><\/span><\/li>\n<li><span style=\"font-family: verdana, geneva; font-size: 10pt;\">Vis. M\u00e9dicos&nbsp;<span style=\"color: #3366ff;\"><strong>1 <\/strong><span style=\"color: #000000;\"><em>(Rojo)<\/em><\/span><\/span><\/span><\/li>\n<\/ul>\n<\/td>\n<td rowspan=\"6\">\n<p style=\"font-family: Helvetica, Arial, FreeSans, sans-serif;\"><span style=\"font-family: verdana, geneva; font-size: 10pt;\"><strong>POSICIONES<\/strong><\/span><\/p>\n<ol>\n<li style=\"font-family: Helvetica, Arial, FreeSans, sans-serif;\"><span style=\"font-size: 13px;\"><strong><span style=\"font-family: verdana, geneva; color: #ff0000;\">Docentes 30<\/span><\/strong><\/span><\/li>\n<li style=\"font-family: Helvetica, Arial, FreeSans, sans-serif;\"><span style=\"font-family: verdana, geneva; font-size: 13px;\">M\u00e9dicos&nbsp;<strong>24<\/strong><\/span><\/li>\n<li style=\"font-family: Helvetica, Arial, FreeSans, sans-serif;\"><span style=\"font-family: verdana, geneva; font-size: 13px;\">Prof. Sampacho&nbsp;<strong>24<\/strong><\/span><\/li>\n<li style=\"font-family: Helvetica, Arial, FreeSans, sans-serif;\"><span style=\"font-family: verdana, geneva; font-size: 13px;\">Arquitectos B&nbsp;<strong>23<\/strong><\/span><\/li>\n<li style=\"font-family: Helvetica, Arial, FreeSans, sans-serif;\"><span style=\"font-family: verdana, geneva; font-size: 13px;\">Contadores B&nbsp;<strong>20<\/strong><\/span><\/li>\n<li style=\"font-family: Helvetica, Arial, FreeSans, sans-serif;\"><span style=\"font-family: verdana, geneva; font-size: 13px;\">Judiciales&nbsp;<strong>19<\/strong><\/span><\/li>\n<li style=\"font-family: Helvetica, Arial, FreeSans, sans-serif;\"><span style=\"font-family: verdana, geneva; font-size: 13px;\">Abogados<strong> 17<\/strong><\/span><\/li>\n<li style=\"font-family: Helvetica, Arial, FreeSans, sans-serif;\"><span style=\"font-family: verdana, geneva; font-size: 13px;\">Prof. Achiras&nbsp;<strong>14<\/strong><\/span><\/li>\n<li style=\"font-family: Helvetica, Arial, FreeSans, sans-serif;\"><span style=\"font-family: verdana, geneva; font-size: 13px;\">Previsionales&nbsp;<strong>6<\/strong><\/span><\/li>\n<li style=\"font-family: Helvetica, Arial, FreeSans, sans-serif;\"><span style=\"font-family: verdana, geneva; font-size: 13px;\">Vis. M\u00e9dicos&nbsp;<strong>3<\/strong><\/span><\/li>\n<\/ol>\n<\/td>\n<\/tr>\n<tr>\n<td>\n<ul>\n<li><span style=\"font-family: verdana, geneva; font-size: 10pt;\">Docentes <span style=\"color: #3366ff;\"><strong>6 <\/strong><span style=\"color: #000000;\"><em>(Dom\u00ednguez x3, Oviedo x2 y Manara)<\/em><\/span><\/span><\/span><\/li>\n<li><span style=\"font-family: verdana, geneva; font-size: 10pt;\">Previsionales&nbsp;<span style=\"color: #3366ff;\"><strong>0<\/strong><\/span><\/span><\/li>\n<\/ul>\n<\/td>\n<\/tr>\n<tr>\n<td>\n<ul>\n<li><span style=\"font-family: verdana, geneva; font-size: 10pt;\">Prof. Sampacho&nbsp;<span style=\"color: #3366ff;\"><strong>2 <\/strong><span style=\"color: #000000;\"><em>(Cruce\u00f1o y Ju\u00e1rez)<\/em><\/span><\/span><\/span><\/li>\n<li><span style=\"font-family: verdana, geneva; font-size: 10pt;\">Arquitectos B&nbsp;<span style=\"color: #3366ff;\"><strong>2 <\/strong><span style=\"color: #000000;\"><em>(Burki x2)<\/em><\/span><\/span><\/span><\/li>\n<\/ul>\n<\/td>\n<\/tr>\n<tr>\n<td>\n<ul>\n<li><span style=\"font-family: verdana, geneva; font-size: 10pt;\">Prof. Achiras&nbsp;<span style=\"color: #3366ff;\"><strong>1 <\/strong><span style=\"color: #000000;\"><em>(Garayalde)<\/em><\/span><\/span><\/span><\/li>\n<li><span style=\"font-family: verdana, geneva; font-size: 10pt;\">Judiciales&nbsp;<span style=\"color: #3366ff;\"><strong>2 <\/strong><span style=\"color: #000000;\"><em>(Rodr\u00edguez y Airola)<\/em><\/span><\/span><\/span><\/li>\n<\/ul>\n<\/td>\n<\/tr>\n<tr>\n<td>\n<ul>\n<li><span style=\"font-family: verdana, geneva; font-size: 10pt;\">M\u00e9dicos&nbsp;<span style=\"color: #3366ff;\"><strong>4 <\/strong><span style=\"color: #000000;\"><em>(Miranda x2, Palacios y Flores)<\/em><\/span><\/span><\/span><\/li>\n<li><span style=\"font-family: verdana, geneva; font-size: 10pt;\">Contadores B&nbsp;<span style=\"color: #3366ff;\"><strong>3 <\/strong><span style=\"color: #000000;\"><em>(Salvai x2 y Rivera)<\/em><\/span><\/span><\/span><\/li>\n<\/ul>\n<\/td>\n<\/tr>\n<tr align=\"center\">\n<td style=\"background-color: #006699;\" colspan=\"2\"><span style=\"color: #ffffff; font-family: verdana, geneva; font-size: 10pt;\"><strong>ZONA ASCENSO<\/strong> <\/span><\/td>\n<\/tr>\n<tr>\n<td>\n<ul>\n<li><span style=\"font-family: verdana, geneva; font-size: 10pt;\">Comunicadores&nbsp;<span style=\"color: #3366ff;\"><strong>0<\/strong><\/span><\/span><\/li>\n<li><span style=\"font-family: verdana, geneva; font-size: 10pt;\">Fus. Profesionales&nbsp;<span style=\"color: #3366ff;\"><strong>6 <\/strong><span style=\"color: #000000; font-size: 8pt;\"><em>(Marcial x2, Fabbroni, Peralta, Roccia y Alzugaray)<\/em><\/span><\/span><\/span><\/li>\n<\/ul>\n<\/td>\n<td rowspan=\"5\">\n<p style=\"font-family: Helvetica, Arial, FreeSans, sans-serif;\"><span style=\"font-family: verdana, geneva; font-size: 8pt;\"><strong>POSICIONES<\/strong><\/span><\/p>\n<ol>\n<li style=\"font-family: Helvetica, Arial, FreeSans, sans-serif;\"><span style=\"color: #ff0000; font-family: verdana, geneva; font-size: 10pt;\"><strong>Fus. Profesionales 28<\/strong><\/span><\/li>\n<li style=\"font-family: Helvetica, Arial, FreeSans, sans-serif;\"><span style=\"font-family: verdana, geneva; font-size: 13px;\">Banco Popular&nbsp;<strong>25<\/strong><\/span><\/li>\n<li style=\"font-family: Helvetica, Arial, FreeSans, sans-serif;\"><span style=\"font-family: verdana, geneva; font-size: 13px;\">Contadores&nbsp;<strong>21<\/strong><\/span><\/li>\n<li style=\"font-family: Helvetica, Arial, FreeSans, sans-serif;\"><span style=\"font-family: verdana, geneva; font-size: 13px;\">Fus. Libres&nbsp;<strong>19<\/strong><\/span><\/li>\n<li style=\"font-family: Helvetica, Arial, FreeSans, sans-serif;\"><span style=\"font-family: verdana, geneva; font-size: 13px;\">Banco C\u00f3rdoba&nbsp;<strong>19<\/strong><\/span><\/li>\n<li style=\"font-family: Helvetica, Arial, FreeSans, sans-serif;\"><span style=\"font-family: verdana, geneva; font-size: 13px;\">Periodistas&nbsp;<strong>18<\/strong><\/span><\/li>\n<li style=\"font-family: Helvetica, Arial, FreeSans, sans-serif;\"><span style=\"font-family: verdana, geneva; font-size: 10pt;\">Agr\u00f3nomos&nbsp;<strong>18<\/strong><\/span><\/li>\n<li style=\"font-family: Helvetica, Arial, FreeSans, sans-serif;\"><span style=\"font-family: verdana, geneva; font-size: 10pt;\">DGI&nbsp;<strong>13<\/strong><\/span><\/li>\n<li style=\"font-family: Helvetica, Arial, FreeSans, sans-serif;\"><span style=\"font-family: verdana, geneva; font-size: 13px;\">Arquitectos&nbsp;<strong>10<\/strong><\/span><\/li>\n<li style=\"font-family: Helvetica, Arial, FreeSans, sans-serif;\"><span style=\"font-family: verdana, geneva; font-size: 13px;\">Comunicadores&nbsp;<strong>9<\/strong><\/span><\/li>\n<\/ol>\n<p><\/td>\n<\/tr>\n<tr>\n<td>\n<ul>\n<li><span style=\"font-family: verdana, geneva; font-size: 10pt;\">Banco C\u00f3rdoba&nbsp;<span style=\"color: #3366ff;\"><strong>0<\/strong><\/span><\/span><\/li>\n<li><span style=\"font-family: verdana, geneva; font-size: 10pt;\">Periodistas&nbsp;<span style=\"color: #3366ff;\"><strong>0<\/strong><\/span><\/span><\/li>\n<\/ul>\n<\/td>\n<\/tr>\n<tr>\n<td>\n<ul>\n<li><span style=\"font-family: verdana, geneva; font-size: 10pt;\">Banco Popular&nbsp;<span style=\"color: #3366ff;\"><strong>5 <\/strong><span style=\"color: #000000;\"><em>(Chiappero x2, Mene x2 y Miranda)<\/em><\/span><\/span><\/span><\/li>\n<li><span style=\"font-family: verdana, geneva; font-size: 10pt;\">Arquitectos&nbsp;<span style=\"color: #3366ff;\"><strong>0<\/strong><\/span><\/span><\/li>\n<\/ul>\n<\/td>\n<\/tr>\n<tr>\n<td>\n<ul>\n<li><span style=\"font-family: verdana, geneva; font-size: 10pt;\">Agr\u00f3nomos&nbsp;<span style=\"color: #3366ff;\"><strong>3 <\/strong><span style=\"color: #000000;\"><em>(Castro Pe\u00f1a, Magnano y Pariani)<\/em><\/span><\/span><\/span><\/li>\n<li><span style=\"font-family: verdana, geneva; font-size: 10pt;\">Contadores&nbsp;<span style=\"color: #3366ff;\"><strong>0<\/strong><\/span><\/span><\/li>\n<\/ul>\n<\/td>\n<\/tr>\n<tr>\n<td>\n<ul>\n<li><span style=\"font-family: verdana, geneva; font-size: 10pt;\">DGI&nbsp;<strong><span style=\"color: #3366ff;\">0<\/span><\/strong><\/span><\/li>\n<li><span style=\"font-family: verdana, geneva; font-size: 10pt;\">Fus. Libres&nbsp;<span style=\"color: #3366ff;\"><strong>2 <\/strong><span style=\"color: #000000;\"><em>(gan\u00f3 los puntos)<\/em><\/span><\/span><\/span><\/li>\n<\/ul>\n<\/td>\n<\/tr>\n<\/tbody>\n<\/table>\n<p style=\"color: #333333; font-family: Helvetica, Arial, FreeSans, sans-serif;\"><span style=\"font-family: verdana, geneva; font-size: 13px;\"><span style=\"text-decoration: underline;\"><strong><br \/>LA PROMOCI\u00d3N<br \/><\/strong><\/span><\/span><span style=\"color: #000000; font-family: verdana, geneva; font-size: 13px;\">El partido en el que se definir\u00e1 el tercer ascenso, y que tendr\u00e1 como protagonistas a <\/span><strong style=\"color: #000000; font-family: verdana, geneva; font-size: 13px;\">Profesionales de Achiras&nbsp;<\/strong><span style=\"color: #000000; font-family: verdana, geneva; font-size: 13px;\">y <\/span><strong style=\"color: #000000; font-family: verdana, geneva; font-size: 13px;\">Contadores A<\/strong><span style=\"color: #000000; font-family: verdana, geneva; font-size: 13px;\">, se jugar\u00e1 el s\u00e1bado 17 de diciembre. Ni bien se defina, informaremos la cancha y horario de comienzo del partido.<\/span><\/p>\n<p style=\"color: #333333; font-family: Helvetica, Arial, FreeSans, sans-serif;\"><strong style=\"font-family: verdana, geneva; font-size: 13px;\">FOTOGALER\u00cdA&nbsp;<em>(pulse sobre la imagen para ampliarla, reproducir el audio o el video)<\/em><\/strong><\/p>\n<p style=\"color: #333333; font-family: Helvetica, Arial, FreeSans, sans-serif;\"><span style=\"font-size: 10pt; font-family: verdana, geneva;\">{rokbox title=| Copa y vuelta :: El capit\u00e1n de Fusi\u00f3n de Profesionales recibe la copa que acredita el campeonato obtenido. | thumb=|images\/stories\/LdP\/C_2011\/08Dic\/SR\/Vuelta_Profesionales.jpg|}images\/stories\/LdP\/C_2011\/08Dic\/SR\/Vuelta_Profesionales.flv {\/rokbox}&nbsp;{rokbox title=| Fusi\u00f3n de Profesionales :: Campeones de la zona Ascenso.|}images\/stories\/LdP\/C_2011\/08Dic\/SR\/FusProfesionales.jpg{\/rokbox}&nbsp;<span style=\"color: #000000;\">{rokbox title=| Una copa m\u00e1s :: Docentes recibieron de manos de Jorge Quevedo la copa por el Campeonato Clausura 2011.|}images\/stories\/LdP\/C_2011\/08Dic\/SR\/Copa_Docentes.jpg{\/rokbox}&nbsp;<\/span><span style=\"color: #000000;\">{rokbox title=| Docentes :: Campeones de la zona Campeonato.|}images\/stories\/LdP\/C_2011\/08Dic\/SR\/Docentes.jpg{\/rokbox}<\/span><\/span><\/p>\n<p style=\"color: #333333; font-family: Helvetica, Arial, FreeSans, sans-serif;\"><span style=\"font-family: verdana, geneva;\"><span style=\"color: #000000;\">{rokbox title=| Visitadores M\u00e9dicos I :: \u00bfLos culpables del descenso? |}images\/stories\/LdP\/C_2011\/08Dic\/SR\/Visitadores1.jpg{\/rokbox}&nbsp;<\/span><span style=\"color: #000000;\">{rokbox title=| Visitadores II :: A pesar del descenso, Visitadores se mantiene unido.|}images\/stories\/LdP\/C_2011\/08Dic\/SR\/Visitadores2.jpg{\/rokbox}&nbsp;<\/span><span style=\"color: #000000;\">{rokbox title=| Visitadores III :: |}images\/stories\/LdP\/C_2011\/08Dic\/SR\/Visitadores3.jpg{\/rokbox}&nbsp;<\/span><span style=\"color: #000000;\">{rokbox title=| Tempranero :: Apenas si transcurr\u00eda un minuto de juego cuando Docentes abr\u00eda el marcador ante Previsionales.|}images\/stories\/LdP\/C_2011\/08Dic\/SR\/Previsionales.jpg{\/rokbox}<\/span><\/span><\/p>\n<p style=\"color: #333333; font-family: Helvetica, Arial, FreeSans, sans-serif;\"><span style=\"font-family: verdana, geneva; font-size: 10pt;\"><span style=\"color: #000000;\">{rokbox title=| Ida y vuelta :: A pesar del calor, el partido entre Profesionales de Sampacho y Arquitectos B tuvo mucho despliegue f\u00edsico. |}images\/stories\/LdP\/C_2011\/08Dic\/SR\/ArquitectosB.jpg{\/rokbox}&nbsp;<\/span><span style=\"color: #000000;\">{rokbox title=| Presi\u00f3n :: Agr\u00f3nomos asfixi\u00f3 el mediocampo de Contadores A y pudo imponerse c\u00f3modamente en el marcador.|}images\/stories\/LdP\/C_2011\/08Dic\/SR\/Agronomos.jpg{\/rokbox}&nbsp;<\/span><span style=\"color: #000000;\">{rokbox title=| Dos pilares :: Rojas construye una pared con Herrera, ambos, figuras clave del mediocampo de Abogados. |}images\/stories\/LdP\/C_2011\/08Dic\/SR\/Abogados.jpg{\/rokbox}&nbsp;<\/span><span style=\"color: #000000;\">{rokbox title=| Apoyo moral :: La tribuna no se cans\u00f3 de alentar a los talentosos De Rivas, Rojas y Pressacco.|}images\/stories\/LdP\/C_2011\/08Dic\/SR\/Apoyo.jpg{\/rokbox}<\/span><\/span><\/p>\n<table border=\"0\" cellspacing=\"2\" cellpadding=\"2\" align=\"left\">\n<tbody>\n<tr>\n<td><img data-recalc-dims=\"1\" decoding=\"async\" class=\" size-full wp-image-3170\" style=\"vertical-align: middle;\" src=\"https:\/\/i0.wp.com\/deportivadigital.com.ar\/v2\/wp-content\/uploads\/2011\/12\/Fabbroni.jpg?resize=150%2C100&#038;ssl=1\" alt=\"Fabbroni\" width=\"150\" height=\"100\" \/><\/td>\n<td valign=\"bottom\">\n<p><span style=\"font-family: verdana, geneva; font-size: 10pt;\"><em>El capit\u00e1n.<\/em> Fabbroni, capit\u00e1n de la Fusi\u00f3n de Profesionales, luego de recibir la copa.<\/span><\/p>\n<\/td>\n<td>\n<p><img data-recalc-dims=\"1\" decoding=\"async\" class=\" size-full wp-image-2573\" style=\"vertical-align: middle;\" src=\"https:\/\/i0.wp.com\/deportivadigital.com.ar\/v2\/wp-content\/uploads\/2011\/09\/Bellum.jpg?resize=150%2C100&#038;ssl=1\" alt=\"Bellum\" width=\"150\" height=\"100\" \/><\/p>\n<\/td>\n<td valign=\"bottom\">\n<p><span style=\"font-family: verdana, geneva; font-size: 10pt;\"><em>El DT.<\/em> Jorge Bellum, entrenador de los campeones,&nbsp;dialoga con Deportiva luego de la vuelta ol\u00edmpica.<\/span><\/p>\n<\/td>\n<\/tr>\n<tr>\n<td colspan=\"2\">\n<p>{mp3}\/LdP\/08Dic\/Fabbroni-Campeones{\/mp3}<\/p>\n<\/td>\n<td colspan=\"2\">\n<p>{mp3}\/LdP\/08Dic\/Bellum-Campeones{\/mp3}<\/p>\n<\/td>\n<\/tr>\n<\/tbody>\n<\/table>\n<p style=\"color: #333333; font-family: Helvetica, Arial, FreeSans, sans-serif;\">\u00a0<\/p>\n<p style=\"color: #333333; font-family: Helvetica, Arial, FreeSans, sans-serif;\">\u00a0<\/p>\n<p style=\"color: #333333; font-family: Helvetica, Arial, FreeSans, sans-serif;\"><span style=\"font-family: verdana, geneva; font-size: x-small;\"><br \/><\/span><\/p>\n<p style=\"color: #333333; font-family: Helvetica, Arial, FreeSans, sans-serif;\"><span style=\"font-size: 10pt; font-family: verdana, geneva;\"><span style=\"color: #000000;\">&nbsp;<br \/><\/span><\/span><\/p>\n<p style=\"color: #333333; font-family: Helvetica, Arial, FreeSans, sans-serif;\"><span style=\"font-family: verdana, geneva;\"><br \/><\/span><\/p>\n<div><span style=\"font-family: Verdana, Arial, Helvetica, sans-serif; font-size: 11px; line-height: normal;\"><br \/><\/span><\/div>\n","protected":false},"excerpt":{"rendered":"<p>En la calurosa tarde de este jueves se disputaron los partidos correspondientes a la 18\u00aa y \u00faltima fecha del torneo Clausura 2011 de los Senior. Docentes y Fusi\u00f3n de Profesionales recibieron sus copas y estrenaron sus t\u00edtulos con sendas goleadas de 6 a 0.&nbsp; Previsionales y Visitadores M\u00e9dicos descendieron. Y el partido de Promoci\u00f3n lo &hellip;<\/p>\n","protected":false},"author":2,"featured_media":220,"comment_status":"open","ping_status":"open","sticky":false,"template":"","format":"standard","meta":{"_jetpack_memberships_contains_paid_content":false,"footnotes":""},"categories":[63],"tags":[],"class_list":["post-3171","post","type-post","status-publish","format-standard","has-post-thumbnail","hentry","category-liga-de-profesionales"],"jetpack_featured_media_url":"https:\/\/i0.wp.com\/deportivadigital.com.ar\/v2\/wp-content\/uploads\/2010\/05\/Ilustra.jpg?fit=180%2C132&ssl=1","jetpack_sharing_enabled":true,"_links":{"self":[{"href":"https:\/\/deportivadigital.com.ar\/v2\/wp-json\/wp\/v2\/posts\/3171","targetHints":{"allow":["GET"]}}],"collection":[{"href":"https:\/\/deportivadigital.com.ar\/v2\/wp-json\/wp\/v2\/posts"}],"about":[{"href":"https:\/\/deportivadigital.com.ar\/v2\/wp-json\/wp\/v2\/types\/post"}],"author":[{"embeddable":true,"href":"https:\/\/deportivadigital.com.ar\/v2\/wp-json\/wp\/v2\/users\/2"}],"replies":[{"embeddable":true,"href":"https:\/\/deportivadigital.com.ar\/v2\/wp-json\/wp\/v2\/comments?post=3171"}],"version-history":[{"count":0,"href":"https:\/\/deportivadigital.com.ar\/v2\/wp-json\/wp\/v2\/posts\/3171\/revisions"}],"wp:featuredmedia":[{"embeddable":true,"href":"https:\/\/deportivadigital.com.ar\/v2\/wp-json\/wp\/v2\/media\/220"}],"wp:attachment":[{"href":"https:\/\/deportivadigital.com.ar\/v2\/wp-json\/wp\/v2\/media?parent=3171"}],"wp:term":[{"taxonomy":"category","embeddable":true,"href":"https:\/\/deportivadigital.com.ar\/v2\/wp-json\/wp\/v2\/categories?post=3171"},{"taxonomy":"post_tag","embeddable":true,"href":"https:\/\/deportivadigital.com.ar\/v2\/wp-json\/wp\/v2\/tags?post=3171"}],"curies":[{"name":"wp","href":"https:\/\/api.w.org\/{rel}","templated":true}]}}