{"id":27625,"date":"2026-03-15T10:27:05","date_gmt":"2026-03-15T13:27:05","guid":{"rendered":"https:\/\/deportivadigital.com.ar\/v2\/?p=27625"},"modified":"2026-03-16T10:55:37","modified_gmt":"2026-03-16T13:55:37","slug":"perdio-en-el-arranque","status":"publish","type":"post","link":"https:\/\/deportivadigital.com.ar\/v2\/perdio-en-el-arranque\/","title":{"rendered":"Perdi\u00f3 en el \u00abarranque\u00bb"},"content":{"rendered":"\n<h2 class=\"wp-block-heading\">Temporada en marcha para el rugby provincial, \u00abLa Lechuza\u00bb fue derrotado de visitante ante C\u00f3rdoba Athl\u00e9tic por 23 a 17, primer tiempo favorable al local por 13 a 3. La pr\u00f3xima fecha Ur\u00fa recibe a San Martin de Villa Mar\u00eda en Soles del Oeste<\/h2>\n\n\n\n<p><a href=\"https:\/\/www.lv16.com.ar\/sg\/seccion\/autor\/1-lv16com\"><\/a><br \/><\/p>\n\n\n\n<figure class=\"wp-block-image\"><img data-recalc-dims=\"1\" decoding=\"async\" src=\"https:\/\/i0.wp.com\/www.lv16.com.ar\/archivos\/img\/m\/212753_1773535661_881.jpg?ssl=1\" alt=\"Ur\u00fa Cur\u00e9 perdi\u00f3 en el debut\"\/><\/figure>\n\n\n\n<p><a href=\"https:\/\/www.lv16.com.ar\/archivos\/img\/o\/212753_1773535661_881.jpg\"><\/a><\/p>\n","protected":false},"excerpt":{"rendered":"<p>Temporada en marcha para el rugby provincial, \u00abLa Lechuza\u00bb fue derrotado de visitante ante C\u00f3rdoba Athl\u00e9tic por 23 a 17, primer tiempo favorable al local por 13 a 3. La pr\u00f3xima fecha Ur\u00fa recibe a San Martin de Villa Mar\u00eda en Soles del Oeste<\/p>\n","protected":false},"author":3,"featured_media":26613,"comment_status":"closed","ping_status":"open","sticky":false,"template":"","format":"standard","meta":{"_jetpack_memberships_contains_paid_content":false,"footnotes":""},"categories":[57],"tags":[],"class_list":["post-27625","post","type-post","status-publish","format-standard","has-post-thumbnail","hentry","category-rugby"],"jetpack_featured_media_url":"https:\/\/i0.wp.com\/deportivadigital.com.ar\/v2\/wp-content\/uploads\/2025\/08\/Scrum-Uru.webp?fit=1200%2C836&ssl=1","jetpack_sharing_enabled":true,"_links":{"self":[{"href":"https:\/\/deportivadigital.com.ar\/v2\/wp-json\/wp\/v2\/posts\/27625","targetHints":{"allow":["GET"]}}],"collection":[{"href":"https:\/\/deportivadigital.com.ar\/v2\/wp-json\/wp\/v2\/posts"}],"about":[{"href":"https:\/\/deportivadigital.com.ar\/v2\/wp-json\/wp\/v2\/types\/post"}],"author":[{"embeddable":true,"href":"https:\/\/deportivadigital.com.ar\/v2\/wp-json\/wp\/v2\/users\/3"}],"replies":[{"embeddable":true,"href":"https:\/\/deportivadigital.com.ar\/v2\/wp-json\/wp\/v2\/comments?post=27625"}],"version-history":[{"count":1,"href":"https:\/\/deportivadigital.com.ar\/v2\/wp-json\/wp\/v2\/posts\/27625\/revisions"}],"predecessor-version":[{"id":27626,"href":"https:\/\/deportivadigital.com.ar\/v2\/wp-json\/wp\/v2\/posts\/27625\/revisions\/27626"}],"wp:featuredmedia":[{"embeddable":true,"href":"https:\/\/deportivadigital.com.ar\/v2\/wp-json\/wp\/v2\/media\/26613"}],"wp:attachment":[{"href":"https:\/\/deportivadigital.com.ar\/v2\/wp-json\/wp\/v2\/media?parent=27625"}],"wp:term":[{"taxonomy":"category","embeddable":true,"href":"https:\/\/deportivadigital.com.ar\/v2\/wp-json\/wp\/v2\/categories?post=27625"},{"taxonomy":"post_tag","embeddable":true,"href":"https:\/\/deportivadigital.com.ar\/v2\/wp-json\/wp\/v2\/tags?post=27625"}],"curies":[{"name":"wp","href":"https:\/\/api.w.org\/{rel}","templated":true}]}}