{"id":27601,"date":"2026-03-08T23:05:13","date_gmt":"2026-03-09T02:05:13","guid":{"rendered":"https:\/\/deportivadigital.com.ar\/v2\/?p=27601"},"modified":"2026-03-16T10:55:41","modified_gmt":"2026-03-16T13:55:41","slug":"fusion-bien-pensada-que-ojala-brinde-sus-frutos","status":"publish","type":"post","link":"https:\/\/deportivadigital.com.ar\/v2\/fusion-bien-pensada-que-ojala-brinde-sus-frutos\/","title":{"rendered":"Fusi\u00f3n bien pensada que ojal\u00e1 brinde sus frutos"},"content":{"rendered":"\n<h2 class=\"wp-block-heading\">Con el objetivo de mejorar la competencia local, la Asociaci\u00f3n Riocuartense y la Riotercerense, se fusionaron para disputar el certamen en primera divisi\u00f3n masculina<\/h2>\n\n\n\n<p><\/p>\n\n\n\n<p><strong>Todo listo para que comience a disputarse en Torneo Interasociativo 2026 de B\u00e1squet que contar\u00e1 con 12 equipos, 6 de la Asociaci\u00f3n de R\u00edo Cuarto y 6 integrante de la de R\u00edo Tercero, que se dividir\u00e1n en dos zonas. Cabe destacar que se jugar\u00e1 en la primera divisi\u00f3n masculina.<\/strong><\/p>\n\n\n\n<p>Zona A: Banda Norte, Central Argentino, Alberdi, 9 de Julio de R\u00edo Tercero, CAJU de Almafuerte y Fitz Sim\u00f3n de Embalse.<\/p>\n\n\n\n<p>Zona B: Sporting, Gorriones, Acci\u00f3n Juvenil, CARIB de Tancacha, Atl\u00e9tico R\u00edo Tercero y Recreativo de Hernando.<\/p>\n\n\n\n<h3 class=\"wp-block-heading\">En cuanto al formato de competencia:<\/h3>\n\n\n\n<p>Ser\u00e1 todos contra todos dentro de la misma zona, disputando un total de 10 fechas. Los cuatro mejores ubicados por grupo avanzar\u00e1n a los playoffs.<\/p>\n\n\n\n<p>Un dato a destacar es que tanto cuartos de final como semifinales ser\u00e1n a un solo compromiso, jugado en la cancha del mejor ubicado, mientras que la definici\u00f3n ser\u00e1 al mejor de tres juegos.<\/p>\n\n\n\n<h2 class=\"wp-block-heading\">Programaci\u00f3n de la fecha 1<\/h2>\n\n\n\n<p><strong>ZONA A<\/strong><\/p>\n\n\n\n<p><strong>Jueves 12 de marzo<\/strong><\/p>\n\n\n\n<p>22:00 Banda Norte \u2013 9 de Julio<\/p>\n\n\n\n<p><strong>Viernes 13 de marzo<\/strong><\/p>\n\n\n\n<p>22:00 Alberdi \u2013 Fitz Sim\u00f3n<\/p>\n\n\n\n<p>22:00 CAJU \u2013 Central Argentino<\/p>\n\n\n\n<p><strong>ZONA B<\/strong><\/p>\n\n\n\n<p>Viernes 13 de marzo<\/p>\n\n\n\n<p>22:00 CARIB \u2013 Acci\u00f3n Juvenil<\/p>\n\n\n\n<p>22:00 Gorriones \u2013 Recreativo<\/p>\n\n\n\n<p>22:00 Sporting \u2013 Atl\u00e9tico<\/p>\n\n\n\n<p>Ser\u00e1n dos los actos inaugurales del certamen, el de la Asociaci\u00f3n Riocuartense, se llevar\u00e1n a cabo en Sampacho, previo al cruce entre Sporting y Atl\u00e9tico, mientras que el de la Riotercerense, ser\u00e1 en Tancacha, en la antesala al compromiso de CARIB y Acci\u00f3n Juvenil.<\/p>\n","protected":false},"excerpt":{"rendered":"<p>Con el objetivo de mejorar la competencia local, la Asociaci\u00f3n Riocuartense y la Riotercerense, se fusionaron para disputar el certamen en primera divisi\u00f3n masculina Todo listo para que comience a disputarse en Torneo Interasociativo 2026 de B\u00e1squet que contar\u00e1 con 12 equipos, 6 de la Asociaci\u00f3n de R\u00edo Cuarto y 6 integrante de la de &hellip;<\/p>\n","protected":false},"author":3,"featured_media":22865,"comment_status":"closed","ping_status":"open","sticky":false,"template":"","format":"standard","meta":{"_jetpack_memberships_contains_paid_content":false,"footnotes":""},"categories":[46],"tags":[],"class_list":["post-27601","post","type-post","status-publish","format-standard","has-post-thumbnail","hentry","category-basquet"],"jetpack_featured_media_url":"https:\/\/i0.wp.com\/deportivadigital.com.ar\/v2\/wp-content\/uploads\/2023\/11\/Accion_Banda.webp?fit=1200%2C675&ssl=1","jetpack_sharing_enabled":true,"_links":{"self":[{"href":"https:\/\/deportivadigital.com.ar\/v2\/wp-json\/wp\/v2\/posts\/27601","targetHints":{"allow":["GET"]}}],"collection":[{"href":"https:\/\/deportivadigital.com.ar\/v2\/wp-json\/wp\/v2\/posts"}],"about":[{"href":"https:\/\/deportivadigital.com.ar\/v2\/wp-json\/wp\/v2\/types\/post"}],"author":[{"embeddable":true,"href":"https:\/\/deportivadigital.com.ar\/v2\/wp-json\/wp\/v2\/users\/3"}],"replies":[{"embeddable":true,"href":"https:\/\/deportivadigital.com.ar\/v2\/wp-json\/wp\/v2\/comments?post=27601"}],"version-history":[{"count":1,"href":"https:\/\/deportivadigital.com.ar\/v2\/wp-json\/wp\/v2\/posts\/27601\/revisions"}],"predecessor-version":[{"id":27602,"href":"https:\/\/deportivadigital.com.ar\/v2\/wp-json\/wp\/v2\/posts\/27601\/revisions\/27602"}],"wp:featuredmedia":[{"embeddable":true,"href":"https:\/\/deportivadigital.com.ar\/v2\/wp-json\/wp\/v2\/media\/22865"}],"wp:attachment":[{"href":"https:\/\/deportivadigital.com.ar\/v2\/wp-json\/wp\/v2\/media?parent=27601"}],"wp:term":[{"taxonomy":"category","embeddable":true,"href":"https:\/\/deportivadigital.com.ar\/v2\/wp-json\/wp\/v2\/categories?post=27601"},{"taxonomy":"post_tag","embeddable":true,"href":"https:\/\/deportivadigital.com.ar\/v2\/wp-json\/wp\/v2\/tags?post=27601"}],"curies":[{"name":"wp","href":"https:\/\/api.w.org\/{rel}","templated":true}]}}