{"id":2753,"date":"2011-10-11T00:06:22","date_gmt":"2011-10-11T03:06:22","guid":{"rendered":"https:\/\/deportivadigital.com.ar\/v2\/finalizo-con-exito-el-argentino-de-veteranos\/"},"modified":"2011-10-11T00:06:22","modified_gmt":"2011-10-11T03:06:22","slug":"finalizo-con-exito-el-argentino-de-veteranos","status":"publish","type":"post","link":"https:\/\/deportivadigital.com.ar\/v2\/finalizo-con-exito-el-argentino-de-veteranos\/","title":{"rendered":"Finaliz\u00f3 con \u00e9xito el Argentino de Veteranos"},"content":{"rendered":"<p><span style=\"font-family: verdana, geneva; font-size: 10pt;\"><img data-recalc-dims=\"1\" decoding=\"async\" class=\" alignleft size-full wp-image-2749\" style=\"float: left; margin-right: 5px;\" title=\"Copas y medallas brillaron este mediod\u00eda en el excelente predio Juan Carballo.\" src=\"https:\/\/i0.wp.com\/deportivadigital.com.ar\/v2\/wp-content\/uploads\/2011\/10\/Premios.jpg?resize=180%2C125&#038;ssl=1\" alt=\"Premios\" width=\"180\" height=\"125\" \/>Con un marco espectacular, tanto del clima como de gente, este mediod\u00eda finaliz\u00f3 en el complejo <em>Juan Carballo <\/em>de la Agrupaci\u00f3n Regional de Veteranos Ranqueles el VII Campeonato Argentino de Veteranos de F\u00fatbol. <\/span><\/p>\n<p><span style=\"font-family: verdana, geneva; font-size: 10pt;\">La delegaci\u00f3n que m\u00e1s festej\u00f3 fue la de <strong>C\u00f3rdoba<\/strong>, que se qued\u00f3 con tres de los cinco t\u00edtulos en juego. <strong>Catamarca<\/strong> y <strong>Chaco<\/strong> completaron la n\u00f3mina de campeones. <\/span><\/p>\n<p> <!--more--> <\/p>\n<p>\u00a0<\/p>\n<p><span style=\"font-family: verdana, geneva; font-size: 10pt;\">Gracias al enorme esfuerzo y dedicaci\u00f3n de todos los integrantes de la Agrupaci\u00f3n Ranqueles, tanto las delegaciones como los integrantes de la Federaci\u00f3n Argentina se llevaron una excelente imagen de hospitalidad y organizaci\u00f3n. As\u00ed lo expresaba Horacio Rosales, presidente de la Federaci\u00f3n:<\/span><\/p>\n<table border=\"0\" cellspacing=\"2\" cellpadding=\"2\" align=\"center\">\n<tbody>\n<tr>\n<td>\n<p>{mp3}\/ArgentinoVeteranos\/Rosales_Despedida{\/mp3}<\/p>\n<\/td>\n<td><img data-recalc-dims=\"1\" decoding=\"async\" class=\" size-full wp-image-2750\" style=\"vertical-align: middle;\" src=\"https:\/\/i0.wp.com\/deportivadigital.com.ar\/v2\/wp-content\/uploads\/2011\/10\/Rosales2.jpg?resize=180%2C130&#038;ssl=1\" alt=\"Rosales2\" width=\"180\" height=\"130\" \/><\/td>\n<\/tr>\n<\/tbody>\n<\/table>\n<p><strong><span style=\"font-family: verdana, geneva; font-size: 10pt;\">Palabra de campeones<\/span><\/strong><br \/><span style=\"font-family: verdana, geneva; font-size: 10pt;\">Ni bien finalizaban las finales, entrevistamos a los DT de los campeones. Esto nos dec\u00edan:<\/span><\/p>\n<table border=\"0\" cellspacing=\"2\" cellpadding=\"2\" align=\"center\">\n<tbody>\n<tr>\n<td>\n<p><em>Miguel Maidana, DT de Chaco en categor\u00eda Seniors:<br \/><\/em>{mp3}\/ArgentinoVeteranos\/Maidana_Chaco{\/mp3}<\/p>\n<\/td>\n<td>\n<p><img data-recalc-dims=\"1\" decoding=\"async\" class=\" size-full wp-image-2751\" style=\"vertical-align: middle;\" src=\"https:\/\/i0.wp.com\/deportivadigital.com.ar\/v2\/wp-content\/uploads\/2011\/10\/Maidana.jpg?resize=180%2C135&#038;ssl=1\" alt=\"Maidana\" width=\"180\" height=\"135\" \/><\/p>\n<\/td>\n<\/tr>\n<tr>\n<td>\n<p>Cristian Fabre, DT de C\u00f3rdoba Maxi:<br \/>{mp3}\/ArgentinoVeteranos\/Fabre_Cordoba{\/mp3}<\/p>\n<\/td>\n<td><img data-recalc-dims=\"1\" loading=\"lazy\" decoding=\"async\" class=\" size-full wp-image-2752\" style=\"vertical-align: middle;\" src=\"https:\/\/i0.wp.com\/deportivadigital.com.ar\/v2\/wp-content\/uploads\/2011\/10\/Fabre.jpg?resize=180%2C124&#038;ssl=1\" alt=\"Fabre\" width=\"180\" height=\"124\" \/><\/td>\n<\/tr>\n<\/tbody>\n<\/table>\n<p><strong><span style=\"font-family: verdana, geneva; font-size: 10pt;\">POSICIONES FINALES<br \/><\/span><\/strong><span style=\"font-family: verdana, geneva; font-size: 10pt;\">As\u00ed quedaron las estad\u00edsticas de cada categor\u00eda:<\/span><\/p>\n<p><span style=\"color: #339966;\"><strong><span style=\"font-family: verdana, geneva; font-size: 10pt;\">Seniors<\/span><\/strong><\/span><\/p>\n<ul style=\"clear: both;\">\n<li style=\"margin-bottom: 5px;\"><span style=\"font-family: verdana, geneva; font-size: 10pt;\"><strong>Campe\u00f3n =<\/strong> Chaco<\/span><\/li>\n<li style=\"margin-bottom: 5px;\"><span style=\"font-family: verdana, geneva; font-size: 10pt;\"><strong>Subcampe\u00f3n =<\/strong> El Talar<\/span><\/li>\n<li style=\"margin-bottom: 5px;\"><span style=\"font-family: verdana, geneva; font-size: 10pt;\"><strong>Tercero =<\/strong> Villa Regina<\/span><\/li>\n<li style=\"margin-bottom: 5px;\"><span style=\"font-family: verdana, geneva; font-size: 10pt;\"><strong>Cuarto =<\/strong> Cipolletti<\/span><\/li>\n<li style=\"margin-bottom: 5px;\"><span style=\"font-family: verdana, geneva; font-size: 10pt;\"><strong>Valla menos vencida <\/strong>= El Talar (-4)<\/span><\/li>\n<li style=\"margin-bottom: 5px;\"><span style=\"font-family: verdana, geneva; font-size: 10pt;\"><strong>Goleador =<\/strong> Sergio Lencina (Catamarca, 4) <\/span><\/li>\n<\/ul>\n<p><span style=\"color: #339966; font-family: verdana, geneva; font-size: 10pt;\"><strong>Maxi<\/strong><\/span><\/p>\n<ul style=\"clear: both;\">\n<li style=\"margin-bottom: 5px;\"><span style=\"font-family: verdana, geneva; font-size: 10pt;\"><strong>Campe\u00f3n =<\/strong> C\u00f3rdoba<\/span><\/li>\n<li style=\"margin-bottom: 5px;\"><span style=\"font-family: verdana, geneva; font-size: 10pt;\"><strong>Subcampe\u00f3n =<\/strong> Coronel Baigorria<\/span><\/li>\n<li style=\"margin-bottom: 5px;\"><span style=\"font-family: verdana, geneva; font-size: 10pt;\"><strong>Tercero =<\/strong> Catamarca<\/span><\/li>\n<li style=\"margin-bottom: 5px;\"><span style=\"font-family: verdana, geneva; font-size: 10pt;\"><strong>Cuarto =<\/strong> Esquel<\/span><\/li>\n<li style=\"margin-bottom: 5px;\"><span style=\"font-family: verdana, geneva; font-size: 10pt;\"><strong>Valla menos vencida =<\/strong> C\u00f3rdoba (-3)<\/span><\/li>\n<li style=\"margin-bottom: 5px;\"><span style=\"font-family: verdana, geneva; font-size: 10pt;\"><strong>Goleador =<\/strong> Carlos Pasureck (C\u00f3rdoba, 4) <\/span><\/li>\n<\/ul>\n<p><span style=\"color: #339966; font-family: verdana, geneva; font-size: 10pt;\"><strong>S\u00faper<\/strong><\/span><\/p>\n<ul style=\"clear: both;\">\n<li style=\"margin-bottom: 5px;\"><span style=\"font-family: verdana, geneva; font-size: 10pt;\"><strong>Campe\u00f3n =<\/strong> C\u00f3rdoba<\/span><\/li>\n<li style=\"margin-bottom: 5px;\"><span style=\"font-family: verdana, geneva; font-size: 10pt;\"><strong>Subcampe\u00f3n =<\/strong> Tres Arroyos <\/span><\/li>\n<li style=\"margin-bottom: 5px;\"><span style=\"font-family: verdana, geneva; font-size: 10pt;\"><strong>Tercero =<\/strong> Chaco<\/span><\/li>\n<li style=\"margin-bottom: 5px;\"><span style=\"font-family: verdana, geneva; font-size: 10pt;\"><strong>Cuarto =<\/strong> Santa Rosa<\/span><\/li>\n<li style=\"margin-bottom: 5px;\"><span style=\"font-family: verdana, geneva; font-size: 10pt;\"><strong>Valla menos vencida =<\/strong> Tres Arroyos (-3)<\/span><\/li>\n<li style=\"margin-bottom: 5px;\"><span style=\"font-family: verdana, geneva; font-size: 10pt;\"><strong>Goleadores =<\/strong> Julio Montesino (Quintu Panal, 4); Eduardo Pincheira (Villa Florencia, 4); Julio Cristaldo (Chaco, 4) y Luciano Robledo (Isidro Casanova, 4) <\/span><\/li>\n<\/ul>\n<p><span style=\"color: #339966; font-family: verdana, geneva; font-size: 10pt;\"><strong>M\u00e1ster<\/strong><\/span><\/p>\n<ul style=\"clear: both;\">\n<li style=\"margin-bottom: 5px;\"><span style=\"font-family: verdana, geneva; font-size: 10pt;\"><strong>Campe\u00f3n =<\/strong> C\u00f3rdoba<\/span><\/li>\n<li style=\"margin-bottom: 5px;\"><span style=\"font-family: verdana, geneva; font-size: 10pt;\"><strong>Subcampe\u00f3n =<\/strong> Catamarca<\/span><\/li>\n<li style=\"margin-bottom: 5px;\"><span style=\"font-family: verdana, geneva; font-size: 10pt;\"><strong>Tercero =<\/strong> Santa Rosa<\/span><\/li>\n<li style=\"margin-bottom: 5px;\"><span style=\"font-family: verdana, geneva; font-size: 10pt;\"><strong>Cuarto =<\/strong> Liga Independiente<\/span><\/li>\n<li style=\"margin-bottom: 5px;\"><span style=\"font-family: verdana, geneva; font-size: 10pt;\"><strong>Valla menos vencida =<\/strong> Santa Rosa (-1)<\/span><\/li>\n<li style=\"margin-bottom: 5px;\"><span style=\"font-family: verdana, geneva; font-size: 10pt;\"><strong>Goleador =<\/strong> N\u00e9stor Rimoldi (C\u00f3rdoba, 3) <\/span><\/li>\n<\/ul>\n<p><span style=\"color: #339966; font-family: verdana, geneva; font-size: 10pt;\"><strong>Graduados<\/strong><\/span><\/p>\n<ul style=\"clear: both;\">\n<li style=\"margin-bottom: 5px;\"><span style=\"font-family: verdana, geneva; font-size: 10pt;\"><strong>Campe\u00f3n =<\/strong> Catamarca <\/span><\/li>\n<li style=\"margin-bottom: 5px;\"><span style=\"font-family: verdana, geneva; font-size: 10pt;\"><strong>Subcampe\u00f3n =<\/strong> Uni\u00f3n del Limay<\/span><\/li>\n<li style=\"margin-bottom: 5px;\"><span style=\"font-family: verdana, geneva; font-size: 10pt;\"><strong>Tercero =<\/strong> M\u00e1ster Ca.Co.Ra.<\/span><\/li>\n<li style=\"margin-bottom: 5px;\"><span style=\"font-family: verdana, geneva; font-size: 10pt;\"><strong>Cuarto =<\/strong> Los Rundunes<\/span><\/li>\n<li style=\"margin-bottom: 5px;\"><span style=\"font-family: verdana, geneva; font-size: 10pt;\"><strong>Valla menos vencida =<\/strong> Catamarca (-1)<\/span><\/li>\n<li style=\"margin-bottom: 5px;\"><span style=\"font-family: verdana, geneva; font-size: 10pt;\"><strong>Goleador =<\/strong> Carlos godoy (Uni\u00f3n del Limay, 2)<\/span> <\/li>\n<\/ul>\n<p><strong><span style=\"font-family: verdana, geneva; font-size: 10pt;\">&nbsp;<\/span><\/strong><\/p>\n","protected":false},"excerpt":{"rendered":"<p>Con un marco espectacular, tanto del clima como de gente, este mediod\u00eda finaliz\u00f3 en el complejo Juan Carballo de la Agrupaci\u00f3n Regional de Veteranos Ranqueles el VII Campeonato Argentino de Veteranos de F\u00fatbol. La delegaci\u00f3n que m\u00e1s festej\u00f3 fue la de C\u00f3rdoba, que se qued\u00f3 con tres de los cinco t\u00edtulos en juego. Catamarca y &hellip;<\/p>\n","protected":false},"author":2,"featured_media":2749,"comment_status":"open","ping_status":"open","sticky":false,"template":"","format":"standard","meta":{"_jetpack_memberships_contains_paid_content":false,"footnotes":""},"categories":[86],"tags":[],"class_list":["post-2753","post","type-post","status-publish","format-standard","has-post-thumbnail","hentry","category-centro-republica-de-veteranos"],"jetpack_featured_media_url":"https:\/\/i0.wp.com\/deportivadigital.com.ar\/v2\/wp-content\/uploads\/2011\/10\/Premios.jpg?fit=180%2C125&ssl=1","jetpack_sharing_enabled":true,"_links":{"self":[{"href":"https:\/\/deportivadigital.com.ar\/v2\/wp-json\/wp\/v2\/posts\/2753","targetHints":{"allow":["GET"]}}],"collection":[{"href":"https:\/\/deportivadigital.com.ar\/v2\/wp-json\/wp\/v2\/posts"}],"about":[{"href":"https:\/\/deportivadigital.com.ar\/v2\/wp-json\/wp\/v2\/types\/post"}],"author":[{"embeddable":true,"href":"https:\/\/deportivadigital.com.ar\/v2\/wp-json\/wp\/v2\/users\/2"}],"replies":[{"embeddable":true,"href":"https:\/\/deportivadigital.com.ar\/v2\/wp-json\/wp\/v2\/comments?post=2753"}],"version-history":[{"count":0,"href":"https:\/\/deportivadigital.com.ar\/v2\/wp-json\/wp\/v2\/posts\/2753\/revisions"}],"wp:featuredmedia":[{"embeddable":true,"href":"https:\/\/deportivadigital.com.ar\/v2\/wp-json\/wp\/v2\/media\/2749"}],"wp:attachment":[{"href":"https:\/\/deportivadigital.com.ar\/v2\/wp-json\/wp\/v2\/media?parent=2753"}],"wp:term":[{"taxonomy":"category","embeddable":true,"href":"https:\/\/deportivadigital.com.ar\/v2\/wp-json\/wp\/v2\/categories?post=2753"},{"taxonomy":"post_tag","embeddable":true,"href":"https:\/\/deportivadigital.com.ar\/v2\/wp-json\/wp\/v2\/tags?post=2753"}],"curies":[{"name":"wp","href":"https:\/\/api.w.org\/{rel}","templated":true}]}}