{"id":26711,"date":"2025-09-04T12:25:23","date_gmt":"2025-09-04T15:25:23","guid":{"rendered":"https:\/\/deportivadigital.com.ar\/v2\/?p=26711"},"modified":"2025-09-06T12:06:26","modified_gmt":"2025-09-06T15:06:26","slug":"guerrieihace-13-anos-estamos-en-lo-mas-alto-del-rugby-nacional","status":"publish","type":"post","link":"https:\/\/deportivadigital.com.ar\/v2\/guerrieihace-13-anos-estamos-en-lo-mas-alto-del-rugby-nacional\/","title":{"rendered":"Ur\u00fa Cur\u00e9 se fortalece de cara al Top 10"},"content":{"rendered":"\n<p><a href=\"javascript:void(0);\"><\/a><a href=\"javascript:void(0);\"><\/a>Despu\u00e9s de su victoria de <strong>36-20<\/strong> sobre <strong>Tucum\u00e1n Lawn Tennis<\/strong> que le asegur\u00f3 un lugar en el <strong>Torneo del Interior \u00abA\u00bb<\/strong>, Ur\u00fa Cur\u00e9 retoma los entrenamientos con una moral alta. <\/p>\n\n\n\n<p>El <strong>Head Coach, Federico Guerrieri<\/strong>, expres\u00f3 su satisfacci\u00f3n por el desempe\u00f1o del equipo, destacando la \u00ab<em>gran defensa<\/em>\u00bb y la \u00ab<em>efectividad<\/em>\u00bb para convertir oportunidades en puntos, especialmente durante el primer tiempo.<\/p>\n\n\n\n<figure class=\"wp-block-image size-full\"><img data-recalc-dims=\"1\" fetchpriority=\"high\" decoding=\"async\" width=\"1200\" height=\"797\" src=\"https:\/\/i0.wp.com\/deportivadigital.com.ar\/v2\/wp-content\/uploads\/2025\/09\/Federico-Guerrieri-Uru-Cure-Rugby.webp?resize=1200%2C797&#038;ssl=1\" alt=\"\" class=\"wp-image-26747\" srcset=\"https:\/\/i0.wp.com\/deportivadigital.com.ar\/v2\/wp-content\/uploads\/2025\/09\/Federico-Guerrieri-Uru-Cure-Rugby.webp?w=1200&amp;ssl=1 1200w, https:\/\/i0.wp.com\/deportivadigital.com.ar\/v2\/wp-content\/uploads\/2025\/09\/Federico-Guerrieri-Uru-Cure-Rugby.webp?resize=500%2C332&amp;ssl=1 500w, https:\/\/i0.wp.com\/deportivadigital.com.ar\/v2\/wp-content\/uploads\/2025\/09\/Federico-Guerrieri-Uru-Cure-Rugby.webp?resize=300%2C199&amp;ssl=1 300w, https:\/\/i0.wp.com\/deportivadigital.com.ar\/v2\/wp-content\/uploads\/2025\/09\/Federico-Guerrieri-Uru-Cure-Rugby.webp?resize=768%2C510&amp;ssl=1 768w\" sizes=\"(max-width: 1000px) 100vw, 1000px\" \/><figcaption class=\"wp-element-caption\">Federico Guerrieri, Head Coach de la Lechuza.<\/figcaption><\/figure>\n\n\n\n<p>El entrenador de la Lechuza reconoci\u00f3 que el equipo ha tenido un a\u00f1o \u00ab<em>complicado<\/em>\u00bb y con \u00ab<em>irregularidad en los resultados<\/em>\u00ab, debido a la baja de algunos jugadores y la incorporaci\u00f3n de j\u00f3venes. Sin embargo, ve el triunfo como un \u00ab<em>gran empuje<\/em>\u00bb an\u00edmico para el plantel.<\/p>\n\n\n\n<p>Ahora, el equipo se prepara para otro \u00ab<em>dur\u00edsimo<\/em>\u00bb compromiso contra <strong>Tala<\/strong> en C\u00f3rdoba por el <strong>Top 10 de la Uni\u00f3n Cordobesa<\/strong>. Guerrieri se mostr\u00f3 optimista y conf\u00eda en que el equipo est\u00e1 en un buen momento para traer un resultado positivo.<\/p>\n\n\n\n<p>El entrenador de la Lechuza tambi\u00e9n hizo referencia a la irregularidad en los resultados.<em><strong> \u00abCreo que les pasa a todos los equipos y por ah\u00ed nos toc\u00f3 este a\u00f1o a nosotros.&nbsp;La baja de algunos chicos, tambi\u00e9n la suma de jugadores&nbsp;j\u00f3venes, por supuesto que no es f\u00e1cil amalgamar todo. Si bien arrancamos bien el a\u00f1o con victorias muy importantes,&nbsp;despu\u00e9s en el medio tuvimos un bache y ahora ya hace un tiempito&nbsp;al menos en el juego, estamos&nbsp;mejor y lo pudimos coronar el s\u00e1bado con el positivo. Nosotros venimos ya hace 13 a\u00f1os estando en&nbsp;lo m\u00e1s alto del rugby de C\u00f3rdoba y del rugby nacional y, bueno, estamos en este este proceso de transici\u00f3n y esperemos que dure lo menos posible para que volvamos a estar all\u00e1 arriba\u00bb<\/strong><\/em>.<\/p>\n","protected":false},"excerpt":{"rendered":"<p>Despu\u00e9s de su victoria de 36-20 sobre Tucum\u00e1n Lawn Tennis que le asegur\u00f3 un lugar en el Torneo del Interior \u00abA\u00bb, Ur\u00fa Cur\u00e9 retoma los entrenamientos con una moral alta. El Head Coach, Federico Guerrieri, expres\u00f3 su satisfacci\u00f3n por el desempe\u00f1o del equipo, destacando la \u00abgran defensa\u00bb y la \u00abefectividad\u00bb para convertir oportunidades en puntos, &hellip;<\/p>\n","protected":false},"author":3,"featured_media":26748,"comment_status":"closed","ping_status":"open","sticky":false,"template":"","format":"standard","meta":{"_jetpack_memberships_contains_paid_content":false,"footnotes":""},"categories":[57],"tags":[2306,333,332],"class_list":["post-26711","post","type-post","status-publish","format-standard","has-post-thumbnail","hentry","category-rugby","tag-head-coach","tag-rugby","tag-uru-cure"],"jetpack_featured_media_url":"https:\/\/i0.wp.com\/deportivadigital.com.ar\/v2\/wp-content\/uploads\/2025\/09\/Festejo-Uru-Cure-Rugby.webp?fit=1200%2C808&ssl=1","jetpack_sharing_enabled":true,"_links":{"self":[{"href":"https:\/\/deportivadigital.com.ar\/v2\/wp-json\/wp\/v2\/posts\/26711","targetHints":{"allow":["GET"]}}],"collection":[{"href":"https:\/\/deportivadigital.com.ar\/v2\/wp-json\/wp\/v2\/posts"}],"about":[{"href":"https:\/\/deportivadigital.com.ar\/v2\/wp-json\/wp\/v2\/types\/post"}],"author":[{"embeddable":true,"href":"https:\/\/deportivadigital.com.ar\/v2\/wp-json\/wp\/v2\/users\/3"}],"replies":[{"embeddable":true,"href":"https:\/\/deportivadigital.com.ar\/v2\/wp-json\/wp\/v2\/comments?post=26711"}],"version-history":[{"count":3,"href":"https:\/\/deportivadigital.com.ar\/v2\/wp-json\/wp\/v2\/posts\/26711\/revisions"}],"predecessor-version":[{"id":26749,"href":"https:\/\/deportivadigital.com.ar\/v2\/wp-json\/wp\/v2\/posts\/26711\/revisions\/26749"}],"wp:featuredmedia":[{"embeddable":true,"href":"https:\/\/deportivadigital.com.ar\/v2\/wp-json\/wp\/v2\/media\/26748"}],"wp:attachment":[{"href":"https:\/\/deportivadigital.com.ar\/v2\/wp-json\/wp\/v2\/media?parent=26711"}],"wp:term":[{"taxonomy":"category","embeddable":true,"href":"https:\/\/deportivadigital.com.ar\/v2\/wp-json\/wp\/v2\/categories?post=26711"},{"taxonomy":"post_tag","embeddable":true,"href":"https:\/\/deportivadigital.com.ar\/v2\/wp-json\/wp\/v2\/tags?post=26711"}],"curies":[{"name":"wp","href":"https:\/\/api.w.org\/{rel}","templated":true}]}}