{"id":25158,"date":"2024-12-19T12:19:55","date_gmt":"2024-12-19T15:19:55","guid":{"rendered":"https:\/\/deportivadigital.com.ar\/v2\/?p=25158"},"modified":"2025-01-06T12:30:52","modified_gmt":"2025-01-06T15:30:52","slug":"campeon-por-10a-vez","status":"publish","type":"post","link":"https:\/\/deportivadigital.com.ar\/v2\/campeon-por-10a-vez\/","title":{"rendered":"Campe\u00f3n por 10\u00aa vez"},"content":{"rendered":"\n<h2 class=\"wp-block-heading\">Banda Norte logr\u00f3 consagrarse campe\u00f3n por 10ma vez, en el Torneo de Futsal, de la Liga Regional de F\u00fatbol de R\u00edo Cuarto.<\/h2>\n\n\n\n<p><a href=\"https:\/\/www.lv16.com.ar\/sg\/seccion\/autor\/1-lv16com\"><\/a><\/p>\n\n\n\n<p><\/p>\n\n\n\n<p><a href=\"https:\/\/www.lv16.com.ar\/archivos\/img\/o\/196733_1734557263_438.jpeg\"><\/a><\/p>\n\n\n\n<figure class=\"wp-block-image\"><img data-recalc-dims=\"1\" decoding=\"async\" src=\"https:\/\/i0.wp.com\/www.lv16.com.ar\/archivos\/img\/m\/196733_1734557225_267.jpeg?ssl=1\" alt=\"Ezequiel Moreno: &quot;Se pudo cumplir con el objetivo que era salir campe\u00f3n&quot;\"\/><\/figure>\n\n\n\n<p><a href=\"https:\/\/www.lv16.com.ar\/archivos\/img\/o\/196733_1734557225_267.jpeg\"><\/a><\/p>\n\n\n\n<p><a href=\"javascript:void(0);\"><\/a><a href=\"javascript:void(0);\"><\/a><\/p>\n\n\n\n<p><strong>El \u00ablobo\u00bb del parque derrot\u00f3 a Deportes R\u00edo Cuarto en la final del Torneo Clausura por 5 a 4.<\/strong><br \/><br \/>Los goles de Banda Norte los marcaron\u00a0Gonzalo L\u00f3pez (2), Mart\u00edn Gaumet, Federico Giuliano y Ezequiel Moreno.<br \/><br \/>As\u00ed logramos la palabra con Moreno tras la final: <em><strong>\u00abFue un torneo muy bueno, el grupo estuvo muy bien. Hubo muchos refuerzos y se pudo cumplir con el objetivo que era salir campe\u00f3n.\u00bb<br \/><br \/>\u00abYo creo que lo que tiene Banda Norte es la actitud, cuando se entrena se entrena al 100%, en los partidos no se regala nada, la verdad que veo al equipo muy comprometido y muy unido, un grupo de amigos y eso es lo que hace fuerte al equipo.\u00bb<\/strong><\/em><br \/><br \/>Al ser consultado por la continuidad de Banda Norte el pr\u00f3ximo a\u00f1o nos dec\u00eda: <em><strong>\u00abNo se si seguir\u00e1 el club o el equipo, ayer estuvimos hablando con los chicos y hay bajas muy importantes como Pastre, L\u00f3pez, Fern\u00e1ndez que son los m\u00e1s experimentados\u00bb<\/strong><\/em><\/p>\n","protected":false},"excerpt":{"rendered":"<p>Banda Norte logr\u00f3 consagrarse campe\u00f3n por 10ma vez, en el Torneo de Futsal, de la Liga Regional de F\u00fatbol de R\u00edo Cuarto. El \u00ablobo\u00bb del parque derrot\u00f3 a Deportes R\u00edo Cuarto en la final del Torneo Clausura por 5 a 4.Los goles de Banda Norte los marcaron\u00a0Gonzalo L\u00f3pez (2), Mart\u00edn Gaumet, Federico Giuliano y Ezequiel &hellip;<\/p>\n","protected":false},"author":3,"featured_media":17924,"comment_status":"closed","ping_status":"open","sticky":false,"template":"","format":"standard","meta":{"_jetpack_memberships_contains_paid_content":false,"footnotes":""},"categories":[94],"tags":[],"class_list":["post-25158","post","type-post","status-publish","format-standard","has-post-thumbnail","hentry","category-liga-riocuartense-de-futsal"],"jetpack_featured_media_url":"https:\/\/i0.wp.com\/deportivadigital.com.ar\/v2\/wp-content\/uploads\/2021\/12\/Gol_Futsal.jpg?fit=1200%2C900&ssl=1","jetpack_sharing_enabled":true,"_links":{"self":[{"href":"https:\/\/deportivadigital.com.ar\/v2\/wp-json\/wp\/v2\/posts\/25158","targetHints":{"allow":["GET"]}}],"collection":[{"href":"https:\/\/deportivadigital.com.ar\/v2\/wp-json\/wp\/v2\/posts"}],"about":[{"href":"https:\/\/deportivadigital.com.ar\/v2\/wp-json\/wp\/v2\/types\/post"}],"author":[{"embeddable":true,"href":"https:\/\/deportivadigital.com.ar\/v2\/wp-json\/wp\/v2\/users\/3"}],"replies":[{"embeddable":true,"href":"https:\/\/deportivadigital.com.ar\/v2\/wp-json\/wp\/v2\/comments?post=25158"}],"version-history":[{"count":0,"href":"https:\/\/deportivadigital.com.ar\/v2\/wp-json\/wp\/v2\/posts\/25158\/revisions"}],"wp:featuredmedia":[{"embeddable":true,"href":"https:\/\/deportivadigital.com.ar\/v2\/wp-json\/wp\/v2\/media\/17924"}],"wp:attachment":[{"href":"https:\/\/deportivadigital.com.ar\/v2\/wp-json\/wp\/v2\/media?parent=25158"}],"wp:term":[{"taxonomy":"category","embeddable":true,"href":"https:\/\/deportivadigital.com.ar\/v2\/wp-json\/wp\/v2\/categories?post=25158"},{"taxonomy":"post_tag","embeddable":true,"href":"https:\/\/deportivadigital.com.ar\/v2\/wp-json\/wp\/v2\/tags?post=25158"}],"curies":[{"name":"wp","href":"https:\/\/api.w.org\/{rel}","templated":true}]}}