{"id":24722,"date":"2024-09-26T00:27:45","date_gmt":"2024-09-26T03:27:45","guid":{"rendered":"https:\/\/deportivadigital.com.ar\/v2\/?p=24722"},"modified":"2024-10-07T13:10:15","modified_gmt":"2024-10-07T16:10:15","slug":"motocross-en-achiras","status":"publish","type":"post","link":"https:\/\/deportivadigital.com.ar\/v2\/motocross-en-achiras\/","title":{"rendered":"Motocross en Achiras"},"content":{"rendered":"\n<h2 class=\"wp-block-heading\">La cita es para el pr\u00f3ximo fin de semana del 28 y 29 de setiembre y, se espera una importante concurrencia de pilotos como tambi\u00e9n de p\u00fablico<\/h2>\n\n\n\n<p><\/p>\n\n\n\n<p><strong>Hoy a la ma\u00f1ana, en la sala de Gabinete del Centro C\u00edvico de R\u00edo Cuarto, se present\u00f3 la primera fecha del Campeonato Cordob\u00e9s de Motocross, que se disputar\u00e1 en la localidad de Achiras el pr\u00f3ximo fin de semana: 28 y 29 de septiembre. La carrera se realizar\u00e1 en el circuito \u201cYarar\u00e1\u201d, que cuenta con una extensi\u00f3n de 2.000 metros con un excelente trazado natural con grandes desniveles, que lo hace uno de los m\u00e1s atractivos del campeonato.<\/strong><\/p>\n\n\n\n<p>Esta primera fecha es organizada por el Campeonato Cordob\u00e9s de Motocross y fiscalizada por la Federaci\u00f3n Cordobesa de Motociclismo, y cuenta con el auspicio de la Agencia C\u00f3rdoba Deportes, Deportes R\u00edo Cuarto y la Municipalidad de Achiras.<\/p>\n\n\n\n<p>En la presentaci\u00f3n de la carrera, estuvieron presentes, el Director General del Centro C\u00edvico, Juli\u00e1n Oberti; Mauricio Garc\u00eda, intendente de Achiras; Cristian Testa, delegado de la Agencia C\u00f3rdoba Deportes; el subsecretario de Deportes de R\u00edo Cuarto, Rodrigo Siravegna; los organizadores y pilotos, Sergio Giordano, Gonzalo Moleker y Jerem\u00edas Fern\u00e1ndez.<\/p>\n\n\n\n<p>El intendente de Achiras, Mauricio Garc\u00eda, explic\u00f3 la importancia del evento para Achiras: <strong><em>\u201cEste tipo de actividades pese a que no estamos en temporada alta de turismo nos suma un gran caudal de gente, tanto en la parte hotelera como en la gastron\u00f3mica y siempre gener\u00f3 muchas expectativas en el p\u00fablico local como a nivel pa\u00eds. Tenemos un alto porcentaje de reservas. Se espera buen tiempo con lo cual, seguramente la gente nos va a apoyar\u201d<\/em><\/strong>.<\/p>\n\n\n\n<p>Seguidamente, Juli\u00e1n Oberti, afirm\u00f3: <strong><em>\u201cDifundimos las actividades de las distintas localidades porque as\u00ed fomentamos el Turismo en las sierras chicas. Buscamos que la gente visite estas localidades y R\u00edo Cuarto tambi\u00e9n se puede beneficiar al recibir turistas de paso. El objetivo nuestro como gobierno es acompa\u00f1ar estas actividades, porque como dice nuestro gobernador, son las `chimeneas sin humo\u00b4 que generan actividad econ\u00f3mica\u201d.<\/em><\/strong><\/p>\n\n\n\n<p>Por los organizadores habl\u00f3 Sergio Giordano, quien sostuvo: <strong><em>\u201cNos preparamos para recibir a los pilotos y brindarles la mejor atenci\u00f3n. Esperamos que haya unos 200 corredores este fin de semana. Para nosotros poder contar con esta fecha provincial es un sue\u00f1o cumplido\u201d.<\/em><\/strong><\/p>\n\n\n\n<p>Por \u00faltimo, Gonzalo Moleker explic\u00f3 caracter\u00edsticas del circuito: <strong><em>\u201cHace semanas que venimos trabajando en el circuito porque hicimos entrenamientos previos a la carrera y tenemos lo que queda de la semana para ultimar detalles. El circuito (Yarar\u00e1 Track) es especial, a la gente le gusta, tiene desniveles naturales, y es largo, porque tiene 2000 metros. Es una fecha muy pedida por los pilotos\u201d<\/em><\/strong>, finaliz\u00f3.<\/p>\n","protected":false},"excerpt":{"rendered":"<p>La cita es para el pr\u00f3ximo fin de semana del 28 y 29 de setiembre y, se espera una importante concurrencia de pilotos como tambi\u00e9n de p\u00fablico Hoy a la ma\u00f1ana, en la sala de Gabinete del Centro C\u00edvico de R\u00edo Cuarto, se present\u00f3 la primera fecha del Campeonato Cordob\u00e9s de Motocross, que se disputar\u00e1 &hellip;<\/p>\n","protected":false},"author":3,"featured_media":15865,"comment_status":"closed","ping_status":"open","sticky":false,"template":"","format":"standard","meta":{"_jetpack_memberships_contains_paid_content":false,"footnotes":""},"categories":[54],"tags":[],"class_list":["post-24722","post","type-post","status-publish","format-standard","has-post-thumbnail","hentry","category-motociclismo"],"jetpack_featured_media_url":"https:\/\/i0.wp.com\/deportivadigital.com.ar\/v2\/wp-content\/uploads\/2020\/12\/Podio_MAster_C1_apicer.jpg?fit=1024%2C683&ssl=1","jetpack_sharing_enabled":true,"_links":{"self":[{"href":"https:\/\/deportivadigital.com.ar\/v2\/wp-json\/wp\/v2\/posts\/24722","targetHints":{"allow":["GET"]}}],"collection":[{"href":"https:\/\/deportivadigital.com.ar\/v2\/wp-json\/wp\/v2\/posts"}],"about":[{"href":"https:\/\/deportivadigital.com.ar\/v2\/wp-json\/wp\/v2\/types\/post"}],"author":[{"embeddable":true,"href":"https:\/\/deportivadigital.com.ar\/v2\/wp-json\/wp\/v2\/users\/3"}],"replies":[{"embeddable":true,"href":"https:\/\/deportivadigital.com.ar\/v2\/wp-json\/wp\/v2\/comments?post=24722"}],"version-history":[{"count":0,"href":"https:\/\/deportivadigital.com.ar\/v2\/wp-json\/wp\/v2\/posts\/24722\/revisions"}],"wp:featuredmedia":[{"embeddable":true,"href":"https:\/\/deportivadigital.com.ar\/v2\/wp-json\/wp\/v2\/media\/15865"}],"wp:attachment":[{"href":"https:\/\/deportivadigital.com.ar\/v2\/wp-json\/wp\/v2\/media?parent=24722"}],"wp:term":[{"taxonomy":"category","embeddable":true,"href":"https:\/\/deportivadigital.com.ar\/v2\/wp-json\/wp\/v2\/categories?post=24722"},{"taxonomy":"post_tag","embeddable":true,"href":"https:\/\/deportivadigital.com.ar\/v2\/wp-json\/wp\/v2\/tags?post=24722"}],"curies":[{"name":"wp","href":"https:\/\/api.w.org\/{rel}","templated":true}]}}