{"id":24547,"date":"2024-08-25T13:49:28","date_gmt":"2024-08-25T16:49:28","guid":{"rendered":"https:\/\/deportivadigital.com.ar\/v2\/?p=24547"},"modified":"2024-09-02T13:51:28","modified_gmt":"2024-09-02T16:51:28","slug":"entre-los-mejores-equipos-en-san-luis","status":"publish","type":"post","link":"https:\/\/deportivadigital.com.ar\/v2\/entre-los-mejores-equipos-en-san-luis\/","title":{"rendered":"Entre los mejores equipos en San Luis"},"content":{"rendered":"\n<p>El s\u00e1bado 24 de agosto se realiz\u00f3 el <strong>Torneo Interprovincial de Nataci\u00f3n M\u00e1ster \u00ab<em>San Luis Rey de Francia<\/em>\u00bb<\/strong> en el natatorio del Club El \u00c1rea de San Luis. <\/p>\n\n\n\n<p>El evento cont\u00f3 con la participaci\u00f3n de <strong>12 equipos provenientes de San Luis, Mendoza y C\u00f3rdoba, incluyendo al equipo de Deportes R\u00edo Cuarto<\/strong>, y reuni\u00f3 a m\u00e1s de 220 nadadores del centro del pa\u00eds.<\/p>\n\n\n\n<p>En cuanto a la actuaci\u00f3n del equipo M\u00e1ster de Deportes R\u00edo Cuarto, este tuvo una destacada participaci\u00f3n, logrando el <strong>cuarto puesto en la clasificaci\u00f3n general <\/strong>por suma de puntos. Por su parte, el equipo anfitri\u00f3n, el Club El \u00c1rea de San Luis, se qued\u00f3 con el primer puesto.<\/p>\n\n\n\n<p>Los nadadores que representaron a Deportes R\u00edo Cuarto fueron:<\/p>\n\n\n\n<ul class=\"wp-block-list\">\n<li>Nelso Doffo<\/li>\n\n\n\n<li>M\u00f3nica Medina<\/li>\n\n\n\n<li>Enrique Mac\u00edas<\/li>\n\n\n\n<li>Felipe Casta\u00f1\u00f3n<\/li>\n\n\n\n<li>Valeria Pesce<\/li>\n\n\n\n<li>Marcelo Espinosa<\/li>\n\n\n\n<li>Silvina S\u00e1nchez<\/li>\n\n\n\n<li>Julieta Fansini<\/li>\n\n\n\n<li>Dar\u00edo Busso<\/li>\n\n\n\n<li>Jesica \u00c1lvarez<\/li>\n\n\n\n<li>Liliana Marinelli<\/li>\n\n\n\n<li>D\u00edaz Miguel \u00c1ngel<\/li>\n\n\n\n<li>Carlos Riera<\/li>\n\n\n\n<li>Juan\u00a0Carlos\u00a0Bolatti<\/li>\n<\/ul>\n","protected":false},"excerpt":{"rendered":"<p>El s\u00e1bado 24 de agosto se realiz\u00f3 el Torneo Interprovincial de Nataci\u00f3n M\u00e1ster \u00abSan Luis Rey de Francia\u00bb en el natatorio del Club El \u00c1rea de San Luis. El evento cont\u00f3 con la participaci\u00f3n de 12 equipos provenientes de San Luis, Mendoza y C\u00f3rdoba, incluyendo al equipo de Deportes R\u00edo Cuarto, y reuni\u00f3 a m\u00e1s &hellip;<\/p>\n","protected":false},"author":4,"featured_media":24548,"comment_status":"closed","ping_status":"open","sticky":false,"template":"","format":"standard","meta":{"_jetpack_memberships_contains_paid_content":false,"footnotes":""},"categories":[55],"tags":[990,191],"class_list":["post-24547","post","type-post","status-publish","format-standard","has-post-thumbnail","hentry","category-natacion","tag-master-2","tag-natacion"],"jetpack_featured_media_url":"https:\/\/i0.wp.com\/deportivadigital.com.ar\/v2\/wp-content\/uploads\/2024\/09\/Natacion-Master_SanLuis.webp?fit=1200%2C839&ssl=1","jetpack_sharing_enabled":true,"_links":{"self":[{"href":"https:\/\/deportivadigital.com.ar\/v2\/wp-json\/wp\/v2\/posts\/24547","targetHints":{"allow":["GET"]}}],"collection":[{"href":"https:\/\/deportivadigital.com.ar\/v2\/wp-json\/wp\/v2\/posts"}],"about":[{"href":"https:\/\/deportivadigital.com.ar\/v2\/wp-json\/wp\/v2\/types\/post"}],"author":[{"embeddable":true,"href":"https:\/\/deportivadigital.com.ar\/v2\/wp-json\/wp\/v2\/users\/4"}],"replies":[{"embeddable":true,"href":"https:\/\/deportivadigital.com.ar\/v2\/wp-json\/wp\/v2\/comments?post=24547"}],"version-history":[{"count":0,"href":"https:\/\/deportivadigital.com.ar\/v2\/wp-json\/wp\/v2\/posts\/24547\/revisions"}],"wp:featuredmedia":[{"embeddable":true,"href":"https:\/\/deportivadigital.com.ar\/v2\/wp-json\/wp\/v2\/media\/24548"}],"wp:attachment":[{"href":"https:\/\/deportivadigital.com.ar\/v2\/wp-json\/wp\/v2\/media?parent=24547"}],"wp:term":[{"taxonomy":"category","embeddable":true,"href":"https:\/\/deportivadigital.com.ar\/v2\/wp-json\/wp\/v2\/categories?post=24547"},{"taxonomy":"post_tag","embeddable":true,"href":"https:\/\/deportivadigital.com.ar\/v2\/wp-json\/wp\/v2\/tags?post=24547"}],"curies":[{"name":"wp","href":"https:\/\/api.w.org\/{rel}","templated":true}]}}