{"id":2128,"date":"2011-07-10T03:54:21","date_gmt":"2011-07-10T06:54:21","guid":{"rendered":"https:\/\/deportivadigital.com.ar\/v2\/las-copas-senior-viajaron-a-la-zona\/"},"modified":"2011-07-10T03:54:21","modified_gmt":"2011-07-10T06:54:21","slug":"las-copas-senior-viajaron-a-la-zona","status":"publish","type":"post","link":"https:\/\/deportivadigital.com.ar\/v2\/las-copas-senior-viajaron-a-la-zona\/","title":{"rendered":"Las copas Senior viajaron a  la zona"},"content":{"rendered":"<p style=\"margin-top: 10px; margin-bottom: 15px;\"><span style=\"font-family: verdana, geneva; font-size: 13px;\"><img data-recalc-dims=\"1\" decoding=\"async\" class=\" alignleft size-full wp-image-220\" style=\"margin-right: 5px; float: left;\" title=\"Profesionales de Achiras reciben la copa de manos de Jorge Mora.\" src=\"https:\/\/i0.wp.com\/deportivadigital.com.ar\/v2\/wp-content\/uploads\/2010\/05\/Ilustra.jpg?resize=180%2C158&#038;ssl=1\" alt=\"Ilustra\" width=\"180\" height=\"158\" \/>Las condiciones clim\u00e1ticas se sumaron a la fiesta de f\u00fatbol que se vivi\u00f3 en las canchas Senior de la Liga Deportiva de Profesionales.&nbsp;<\/span><span style=\"font-family: verdana, geneva; font-size: 13px;\">Se jugaron los partidos correspondientes a la 18\u00aa y \u00faltima fecha del Apertura.<\/span><\/p>\n<p style=\"margin-top: 10px; margin-bottom: 15px;\"><span style=\"font-family: verdana, geneva; font-size: 13px;\"> Abundaron los goles, la camarader\u00eda y el federalismo, ya que en ambas zonas ganaron los equipos de la regi\u00f3n. <em>\u00a1Felicitaciones!<\/em><\/span><\/p>\n<p style=\"margin-top: 10px; margin-bottom: 15px;\"><span style=\"font-family: verdana, geneva; font-size: 13px;\">&nbsp;<\/span><\/p>\n<p> <!--more--> <\/p>\n<p>\u00a0<\/p>\n<p style=\"margin-top: 10px; margin-bottom: 15px;\"><span style=\"font-family: verdana, geneva; font-size: 13px;\"> <\/span><\/p>\n<p style=\"margin-top: 10px; margin-bottom: 15px;\"><span style=\"font-family: verdana, geneva; font-size: 13px;\"> <\/span><\/p>\n<p style=\"margin-top: 10px; margin-bottom: 15px;\"><span style=\"font-family: verdana, geneva; font-size: 13px;\"> <\/span><\/p>\n<p style=\"margin-top: 10px; margin-bottom: 15px;\"><span style=\"font-family: verdana, geneva; font-size: 13px;\"> <\/span><\/p>\n<p style=\"margin-top: 10px; margin-bottom: 15px;\"><span style=\"font-family: verdana, geneva; font-size: 13px;\"><span style=\"font-family: verdana, geneva;\"> <\/span><\/span><\/p>\n<p style=\"margin-top: 10px; margin-bottom: 15px;\"><span style=\"font-family: verdana, geneva; font-size: 13px;\"> <\/span><\/p>\n<p style=\"margin-top: 10px; margin-bottom: 15px;\"><span style=\"font-family: verdana, geneva; font-size: 10pt;\"> <\/span><\/p>\n<p style=\"margin-top: 10px; margin-bottom: 15px;\"><span style=\"font-family: verdana, geneva; font-size: 10pt;\"> <\/span><\/p>\n<table style=\"font-family: Helvetica, Arial, FreeSans, sans-serif; line-height: 16px;\" border=\"1\" cellspacing=\"1\" cellpadding=\"1\" align=\"center\">\n<tbody>\n<tr align=\"center\">\n<td style=\"font-family: Helvetica, Arial, FreeSans, sans-serif; background-color: #006699;\" colspan=\"2\"><span style=\"color: #ffffff; font-family: verdana, geneva; font-size: 10pt;\"><strong>ZONA CAMPEONATO <\/strong><\/span><\/td>\n<\/tr>\n<tr>\n<td style=\"font-family: Helvetica, Arial, FreeSans, sans-serif;\">\n<ul style=\"font-family: Helvetica, Arial, FreeSans, sans-serif;\">\n<li><span style=\"font-family: verdana, geneva; font-size: 10pt;\">Abogados&nbsp;<span style=\"color: #3366ff;\"><strong>2 <\/strong><span style=\"color: #000000;\"><em>(Spataro x2)<\/em><\/span><\/span><\/span><\/li>\n<li><span style=\"font-family: verdana, geneva; font-size: 10pt;\">Previsionales&nbsp;<span style=\"color: #3366ff;\"><strong>1 <\/strong><span style=\"color: #000000;\"><em>(Videla)<\/em><\/span><\/span><\/span><\/li>\n<\/ul>\n<\/td>\n<td style=\"font-family: Helvetica, Arial, FreeSans, sans-serif;\" rowspan=\"6\">\n<p style=\"margin-top: 10px; margin-bottom: 15px;\"><span style=\"font-family: verdana, geneva; font-size: 10pt;\"><strong>POSICIONES<\/strong><\/span><\/p>\n<ol>\n<li style=\"font-family: Helvetica, Arial, FreeSans, sans-serif;\"><span style=\"font-family: Helvetica, Arial, FreeSans, sans-serif; font-size: 13px;\"><strong><span style=\"font-family: verdana, geneva; color: #ff0000;\">Prof. Sampacho 28<\/span><\/strong><\/span><\/li>\n<li style=\"font-family: Helvetica, Arial, FreeSans, sans-serif;\"><span style=\"font-family: verdana, geneva; font-size: 13px;\">Judiciales&nbsp;<strong>20<\/strong><\/span><\/li>\n<li style=\"font-family: Helvetica, Arial, FreeSans, sans-serif;\"><span style=\"font-family: verdana, geneva; font-size: 13px;\">Vis. M\u00e9dicos&nbsp;<strong>19<\/strong><\/span><\/li>\n<li style=\"font-family: Helvetica, Arial, FreeSans, sans-serif;\"><span style=\"font-family: verdana, geneva; font-size: 13px;\">Arquitectos B&nbsp;<strong>19<\/strong><\/span><\/li>\n<li style=\"font-family: Helvetica, Arial, FreeSans, sans-serif;\"><span style=\"font-family: verdana, geneva; font-size: 13px;\">Contadores B<strong> 19<\/strong><\/span><\/li>\n<li style=\"font-family: Helvetica, Arial, FreeSans, sans-serif;\"><span style=\"font-family: verdana, geneva; font-size: 13px;\">Abogados&nbsp;<strong>16<\/strong><\/span><\/li>\n<li style=\"font-family: Helvetica, Arial, FreeSans, sans-serif;\"><span style=\"font-family: verdana, geneva; font-size: 13px;\">M\u00e9dicos<strong> 15<\/strong><\/span><\/li>\n<li style=\"font-family: Helvetica, Arial, FreeSans, sans-serif;\"><span style=\"font-family: verdana, geneva; font-size: 10pt;\">Previsionales&nbsp;<strong>15<\/strong><\/span><\/li>\n<li style=\"font-family: Helvetica, Arial, FreeSans, sans-serif;\"><span style=\"font-family: verdana, geneva; font-size: 13px;\">Contadores&nbsp;<strong>15<\/strong><\/span><\/li>\n<li style=\"font-family: Helvetica, Arial, FreeSans, sans-serif;\"><span style=\"font-family: verdana, geneva; font-size: 13px;\">Banco Popular&nbsp;<strong>14<\/strong><\/span><\/li>\n<\/ol>\n<\/td>\n<\/tr>\n<tr>\n<td style=\"font-family: Helvetica, Arial, FreeSans, sans-serif;\">\n<ul>\n<li><span style=\"font-family: verdana, geneva; font-size: 10pt;\">Prof. Sampacho&nbsp;<span style=\"color: #3366ff;\"><strong>9 <\/strong><span style=\"color: #000000;\"><em>(Ju\u00e1rez x4, Lacombe x3, D\u00edaz y Broll)<\/em><\/span><\/span><\/span><\/li>\n<li><span style=\"font-family: verdana, geneva; font-size: 10pt;\">Judiciales&nbsp;<span style=\"color: #3366ff;\"><strong>3<\/strong><\/span><strong><\/strong><strong> <\/strong><em>(Rodr\u00edguez x2 y Cotrona)<\/em><\/span><\/li>\n<\/ul>\n<\/td>\n<\/tr>\n<tr>\n<td style=\"font-family: Helvetica, Arial, FreeSans, sans-serif;\">\n<ul>\n<li><span style=\"font-family: verdana, geneva; font-size: 10pt;\">Contadores&nbsp;<span style=\"color: #3366ff;\"><strong>1 <\/strong><span style=\"color: #000000;\"><em>(Flores)<\/em><\/span><\/span><\/span><\/li>\n<li><span style=\"font-family: verdana, geneva; font-size: 10pt;\">Arquitectos B&nbsp;<span style=\"color: #3366ff;\"><strong>0<\/strong><\/span><\/span><\/li>\n<\/ul>\n<\/td>\n<\/tr>\n<tr>\n<td style=\"font-family: Helvetica, Arial, FreeSans, sans-serif;\">\n<ul>\n<li><span style=\"font-family: verdana, geneva; font-size: 10pt;\">Vis. M\u00e9dicos&nbsp;<span style=\"color: #3366ff;\"><strong>1 <\/strong><span style=\"color: #000000;\"><em>(Rojo)<\/em><\/span><\/span><\/span><\/li>\n<li><span style=\"font-family: verdana, geneva; font-size: 10pt;\">M\u00e9dicos&nbsp;<span style=\"color: #3366ff;\"><strong>0<\/strong><\/span><\/span><\/li>\n<\/ul>\n<\/td>\n<\/tr>\n<tr>\n<td style=\"font-family: Helvetica, Arial, FreeSans, sans-serif;\">\n<ul>\n<li><span style=\"font-family: verdana, geneva; font-size: 10pt;\">Contadores B&nbsp;<span style=\"color: #3366ff;\"><strong>0<\/strong><\/span><\/span><\/li>\n<li><span style=\"font-family: verdana, geneva; font-size: 10pt;\">Banco Popular&nbsp;<span style=\"color: #3366ff;\"><strong>5 <\/strong><span style=\"color: #000000;\"><em>(Chiappero x2, Santiccia x2 y Canca L\u00f3pez)<\/em><\/span><\/span><\/span><\/li>\n<\/ul>\n<\/td>\n<\/tr>\n<tr align=\"center\">\n<td style=\"font-family: Helvetica, Arial, FreeSans, sans-serif; background-color: #006699;\" colspan=\"2\"><span style=\"color: #ffffff; font-family: verdana, geneva; font-size: 10pt;\"><strong>ZONA ASCENSO<\/strong> <\/span><\/td>\n<\/tr>\n<tr>\n<td style=\"font-family: Helvetica, Arial, FreeSans, sans-serif;\">\n<ul>\n<li><span style=\"font-family: verdana, geneva; font-size: 10pt;\">Prof. Achiras&nbsp;<span style=\"color: #3366ff;\"><strong>5 <\/strong><span style=\"color: #000000;\"><em>(Gentile x2, Fern\u00e1ndez, Lederhos y Tavecchio)<\/em><\/span><\/span><\/span><\/li>\n<li><span style=\"font-family: verdana, geneva; font-size: 10pt;\">Fus. Libres&nbsp;<span style=\"color: #3366ff;\"><strong>0<\/strong><\/span><\/span><\/li>\n<\/ul>\n<\/td>\n<td style=\"font-family: Helvetica, Arial, FreeSans, sans-serif;\" rowspan=\"5\">\n<p style=\"margin-top: 10px; margin-bottom: 15px;\"><span style=\"font-family: verdana, geneva; font-size: 8pt;\"><strong>POSICIONES<\/strong><\/span><\/p>\n<ol>\n<li style=\"font-family: Helvetica, Arial, FreeSans, sans-serif;\"><span style=\"color: #ff0000; font-family: verdana, geneva; font-size: 10pt;\"><strong>Prof. Achiras 30<\/strong><\/span><\/li>\n<li style=\"font-family: Helvetica, Arial, FreeSans, sans-serif;\"><span style=\"font-family: verdana, geneva; font-size: 10pt; color: #000000;\">Docentes&nbsp;<strong>29<\/strong><\/span><\/li>\n<li style=\"font-family: Helvetica, Arial, FreeSans, sans-serif;\"><span style=\"font-family: verdana, geneva; font-size: 10pt; color: #000000;\">Fus. Profesionales&nbsp;<strong>28<\/strong><\/span><\/li>\n<li><span style=\"font-family: verdana, geneva; font-size: 13px;\">DGI&nbsp;<strong>18<\/strong><\/span><\/li>\n<li style=\"font-family: Helvetica, Arial, FreeSans, sans-serif;\"><span style=\"font-family: verdana, geneva; font-size: 10pt;\">Banco C\u00f3rdoba&nbsp;<strong>18<\/strong><\/span><\/li>\n<li style=\"font-family: Helvetica, Arial, FreeSans, sans-serif;\"><span style=\"font-family: verdana, geneva; font-size: 10pt;\">Agr\u00f3nomos&nbsp;<strong>18<\/strong><\/span><\/li>\n<li style=\"font-family: Helvetica, Arial, FreeSans, sans-serif;\"><span style=\"font-family: verdana, geneva; font-size: 10pt;\">Periodistas&nbsp;<strong>16<\/strong><\/span><\/li>\n<li style=\"font-family: Helvetica, Arial, FreeSans, sans-serif;\"><span style=\"font-family: verdana, geneva; font-size: 13px;\">Comunicadores&nbsp;<strong>10<\/strong><\/span><\/li>\n<li style=\"font-family: Helvetica, Arial, FreeSans, sans-serif;\"><span style=\"font-family: verdana, geneva; font-size: 10pt;\">Fus. Libres&nbsp;<strong>8<\/strong><\/span><\/li>\n<li style=\"font-family: Helvetica, Arial, FreeSans, sans-serif;\"><span style=\"font-family: verdana, geneva; font-size: 10pt;\">Arquitectos&nbsp;<strong>3<\/strong><\/span><\/li>\n<\/ol>\n<p><\/td>\n<\/tr>\n<tr>\n<td style=\"font-family: Helvetica, Arial, FreeSans, sans-serif;\">\n<ul>\n<li><span style=\"font-family: verdana, geneva; font-size: 10pt;\">Docentes&nbsp;<span style=\"color: #3366ff;\"><strong>5 <\/strong><span style=\"color: #000000;\"><em>(manara x2, Maggioli, Berardo y Palacessi)<\/em><\/span><\/span><\/span><\/li>\n<li><span style=\"font-family: verdana, geneva; font-size: 10pt;\">Comunicadores&nbsp;<span style=\"color: #3366ff;\"><strong>1 <\/strong><span style=\"color: #000000;\"><em>(C\u00f3rdoba)<\/em><\/span><\/span><\/span><\/li>\n<\/ul>\n<\/td>\n<\/tr>\n<tr>\n<td style=\"font-family: Helvetica, Arial, FreeSans, sans-serif;\">\n<ul>\n<li><span style=\"font-family: verdana, geneva; font-size: 10pt;\">Fus. Profesionales&nbsp;<span style=\"color: #3366ff;\"><strong>1 <\/strong><span style=\"color: #000000;\"><em>(Peralta)<\/em><\/span><\/span><\/span><\/li>\n<li><span style=\"font-family: verdana, geneva; font-size: 10pt;\">Banco C\u00f3rdoba&nbsp;<span style=\"color: #3366ff;\"><strong>0<\/strong><\/span><\/span><\/li>\n<\/ul>\n<\/td>\n<\/tr>\n<tr>\n<td style=\"font-family: Helvetica, Arial, FreeSans, sans-serif;\">\n<ul>\n<li><span style=\"font-family: verdana, geneva; font-size: 10pt;\">Arquitectos&nbsp;<span style=\"color: #3366ff;\"><strong>1 <\/strong><span style=\"color: #000000;\"><em>(Cresta)<\/em><\/span><\/span><\/span><\/li>\n<li><span style=\"font-family: verdana, geneva; font-size: 10pt;\">Agr\u00f3nomos&nbsp;<span style=\"color: #3366ff;\"><strong>2 <\/strong><span style=\"color: #000000;\"><em>(Ferreyra y Garombo)<\/em><\/span><\/span><\/span><\/li>\n<\/ul>\n<\/td>\n<\/tr>\n<tr>\n<td style=\"font-family: Helvetica, Arial, FreeSans, sans-serif;\">\n<ul>\n<li><span style=\"font-family: verdana, geneva; font-size: 10pt;\">DGI&nbsp;<strong><span style=\"color: #3366ff;\">PS<\/span><\/strong><\/span><\/li>\n<li><span style=\"font-family: verdana, geneva; font-size: 10pt;\">Periodistas&nbsp;<span style=\"color: #3366ff;\"><strong>PS<\/strong><\/span><\/span><\/li>\n<\/ul>\n<\/td>\n<\/tr>\n<\/tbody>\n<\/table>\n<p style=\"margin-top: 10px; margin-bottom: 15px;\"><span style=\"font-family: verdana, geneva; font-size: 13px;\"><strong><span style=\"text-decoration: underline;\"><span style=\"font-family: verdana, geneva;\">PALABRA AUTORIZADA<\/span><br \/><\/span><\/strong><span style=\"font-family: verdana, geneva; font-size: 10pt;\">Al t\u00e9rmino del partido entre Profesionales de Achiras y Fusi\u00f3n de Libres, entrevistamos al goleador de los serranos, Sergio \u00abChoca\u00bb Gentile. As\u00ed nos repond\u00eda:<\/span><\/span><\/p>\n<p style=\"margin-top: 10px; margin-bottom: 15px; text-align: center;\"><span style=\"font-family: verdana, geneva; font-size: 10pt;\">{mp3}\/LdP\/09Jul\/Gentile-AscensoSR{\/mp3}<\/span><\/p>\n<p>\u00a0<\/p>\n<p><strong><span style=\"text-decoration: underline;\"><span style=\"font-family: verdana, geneva; font-size: 10pt;\">SUBAS Y BAJAS<\/span><br \/><\/span><\/strong><span style=\"font-family: verdana, geneva; font-size: 10pt;\">De la zona Campeonato descendi\u00f3 directamente el&nbsp;<\/span><span style=\"font-family: verdana, geneva; font-size: 13px;\">equipo de <strong>Banco Popular<\/strong>. El segundo  descenso saldra de la disputa del&nbsp;<\/span><span style=\"font-family: verdana, geneva; font-size: 13px;\">triangular que jugar\u00e1n <strong>M\u00e9dicos<\/strong>,  <strong>Previsionales<\/strong> y <strong>Contadores<\/strong>.<\/span><\/p>\n<p><span style=\"font-family: verdana, geneva; font-size: 13px;\">El <em>\u00abtriangular de la muerte\u00bb<\/em> se jugar\u00e1:<\/span><\/p>\n<ul>\n<li><span style=\"font-family: verdana, geneva; font-size: 13px;\">mi\u00e9rcoles 13<\/span><\/li>\n<li><span style=\"font-family: verdana, geneva; font-size: 13px;\">s\u00e1bado 16<\/span><\/li>\n<li><span style=\"font-family: verdana, geneva; font-size: 13px;\">mi\u00e9rcoles 20 de julio.<\/span><\/li>\n<\/ul>\n<p><span style=\"font-family: verdana, geneva; font-size: 10pt;\">Para el s\u00e1bado 23 de julio se program\u00f3 el partido de Promoci\u00f3n entre el segundo del triangular y la <strong>Fusi\u00f3n de Profesionales<\/strong>.<\/span><\/p>\n<p><span style=\"font-family: verdana, geneva; font-size: 10pt;\"><span style=\"text-decoration: underline;\"><strong>EL QUE VIENE<\/strong><\/span><br \/>Si el clima lo permite y nada entorpece el fixture antes descripto, el torneo Clausura 2011 comenzar\u00e1 a jugarse el s\u00e1bado 30 de julio.&nbsp;<\/span><\/p>\n<p style=\"margin-top: 10px; margin-bottom: 15px;\"><span style=\"font-family: verdana, geneva; font-size: 13px;\"><strong><span style=\"text-decoration: underline;\">FOTOGALER\u00cdA<\/span> <em>(pulse sobre la imagen para ampliarla o reproducir el video)<\/em><\/strong><\/span><\/p>\n<p><span style=\"font-family: verdana, geneva; font-size: x-small;\"><span style=\"font-size: 10pt;\">{rokbox title=| Figura :: El arquero de Contadores fue clave en el triunfo ante los Arquitectos B. |}images\/stories\/LdP\/A_2011\/09Jul\/Contadores.jpg{\/rokbox}&nbsp;<\/span><\/span><span style=\"font-family: verdana, geneva; font-size: 10pt;\">{rokbox title=| Adelantado :: La pelota infla la red, pero el delantero de Comunicadores estaba offside. |}images\/stories\/LdP\/A_2011\/09Jul\/Comunicadores.jpg{\/rokbox}&nbsp;{rokbox title=| Letrados :: Los hombres de ley posan antes del partido con Previsionales.|}images\/stories\/LdP\/A_2011\/09Jul\/Abogados.jpg{\/rokbox}<\/span><\/p>\n<p><span style=\"font-family: verdana, geneva; font-size: 10pt;\">{rokbox title=| Apertura del marcador :: Con este gol de penal, Abogados abr\u00eda el marcador ante los Previsionales.| thumb=|images\/stories\/LdP\/A_2011\/09Jul\/Penal_Abogados.jpg|}\/images\/stories\/LdP\/A_2011\/09Jul\/Penal_Abogados.flv{\/rokbox}<\/span><\/p>\n<p><span style=\"font-family: verdana, geneva; font-size: 10pt;\">{rokbox title=| Ascendidos :: El plantel de Profesionales de Achiras posa con la copa obtenida.|}images\/stories\/LdP\/A_2011\/09Jul\/Achiras.jpg{\/rokbox}&nbsp;{rokbox title=| Indios :: Estas figuras del flamante campe\u00f3n de la zona Ascenso se formaron en el Club Los Incas de Achiras.|}images\/stories\/LdP\/A_2011\/09Jul\/Ex_Incas.jpg{\/rokbox}&nbsp;{rokbox title=| Brindis :: Luego del triunfo, los achirenses festejaron con un asado en la cantina de Checato. |}images\/stories\/LdP\/A_2011\/09Jul\/Brindis.jpg{\/rokbox}<\/span><\/p>\n<p><span style=\"font-size: x-small; font-family: verdana, geneva;\"><span style=\"font-size: 10pt;\">{rokbox title=| La vuelta :: Para celebrar el t\u00edtulo y el ascenso obtenidos, los achirenses dieron la tradicional vuelta ol\u00edmpica. | thumb=|images\/stories\/LdP\/A_2011\/09Jul\/Vuelta_Achiras.jpg|}\/images\/stories\/LdP\/A_2011\/09Jul\/Vuelta_Achiras.flv {\/rokbox}<\/span><br \/><\/span><\/p>\n","protected":false},"excerpt":{"rendered":"<p>Las condiciones clim\u00e1ticas se sumaron a la fiesta de f\u00fatbol que se vivi\u00f3 en las canchas Senior de la Liga Deportiva de Profesionales.&nbsp;Se jugaron los partidos correspondientes a la 18\u00aa y \u00faltima fecha del Apertura. Abundaron los goles, la camarader\u00eda y el federalismo, ya que en ambas zonas ganaron los equipos de la regi\u00f3n. \u00a1Felicitaciones! &hellip;<\/p>\n","protected":false},"author":2,"featured_media":220,"comment_status":"open","ping_status":"open","sticky":false,"template":"","format":"standard","meta":{"_jetpack_memberships_contains_paid_content":false,"footnotes":""},"categories":[63],"tags":[],"class_list":["post-2128","post","type-post","status-publish","format-standard","has-post-thumbnail","hentry","category-liga-de-profesionales"],"jetpack_featured_media_url":"https:\/\/i0.wp.com\/deportivadigital.com.ar\/v2\/wp-content\/uploads\/2010\/05\/Ilustra.jpg?fit=180%2C132&ssl=1","jetpack_sharing_enabled":true,"_links":{"self":[{"href":"https:\/\/deportivadigital.com.ar\/v2\/wp-json\/wp\/v2\/posts\/2128","targetHints":{"allow":["GET"]}}],"collection":[{"href":"https:\/\/deportivadigital.com.ar\/v2\/wp-json\/wp\/v2\/posts"}],"about":[{"href":"https:\/\/deportivadigital.com.ar\/v2\/wp-json\/wp\/v2\/types\/post"}],"author":[{"embeddable":true,"href":"https:\/\/deportivadigital.com.ar\/v2\/wp-json\/wp\/v2\/users\/2"}],"replies":[{"embeddable":true,"href":"https:\/\/deportivadigital.com.ar\/v2\/wp-json\/wp\/v2\/comments?post=2128"}],"version-history":[{"count":0,"href":"https:\/\/deportivadigital.com.ar\/v2\/wp-json\/wp\/v2\/posts\/2128\/revisions"}],"wp:featuredmedia":[{"embeddable":true,"href":"https:\/\/deportivadigital.com.ar\/v2\/wp-json\/wp\/v2\/media\/220"}],"wp:attachment":[{"href":"https:\/\/deportivadigital.com.ar\/v2\/wp-json\/wp\/v2\/media?parent=2128"}],"wp:term":[{"taxonomy":"category","embeddable":true,"href":"https:\/\/deportivadigital.com.ar\/v2\/wp-json\/wp\/v2\/categories?post=2128"},{"taxonomy":"post_tag","embeddable":true,"href":"https:\/\/deportivadigital.com.ar\/v2\/wp-json\/wp\/v2\/tags?post=2128"}],"curies":[{"name":"wp","href":"https:\/\/api.w.org\/{rel}","templated":true}]}}