{"id":1805,"date":"2011-05-21T21:11:51","date_gmt":"2011-05-22T00:11:51","guid":{"rendered":"https:\/\/deportivadigital.com.ar\/v2\/estudiantes-a-la-promocion\/"},"modified":"2011-05-21T21:11:51","modified_gmt":"2011-05-22T00:11:51","slug":"estudiantes-a-la-promocion","status":"publish","type":"post","link":"https:\/\/deportivadigital.com.ar\/v2\/estudiantes-a-la-promocion\/","title":{"rendered":"Estudiantes, a la Promoci\u00f3n"},"content":{"rendered":"<p style=\"margin-top: 0cm; margin-right: 0cm; margin-bottom: 0pt; margin-left: 0cm; text-align: left;\"><span style=\"font-family: verdana, geneva; font-size: 10pt;\"><img data-recalc-dims=\"1\" decoding=\"async\" class=\" alignleft size-full wp-image-1275\" style=\"float: left; margin-right: 5px;\" title=\"Tambussi marc\u00f3 el gol que le devolvi\u00f3 vida a las ilusiones celestes.\" src=\"https:\/\/i0.wp.com\/deportivadigital.com.ar\/v2\/wp-content\/uploads\/2011\/02\/Tambussi.jpg?resize=200%2C141&#038;ssl=1\" alt=\"Tambussi\" width=\"200\" height=\"141\" \/>Con un gol de Tambussi cuando ya las esperanzas eran pocas, y luego de padecer los vaivenes de los resultados de otros equipos, <strong>Estudiantes <\/strong>logr\u00f3 clasificar para la Promoci\u00f3n al empatar con <strong>Racing<\/strong>, en c\u00f3rdoba, <span style=\"color: #3366ff;\"><strong>1 <\/strong><\/span>a <span style=\"color: #3366ff;\"><strong>1<\/strong><\/span>.<\/span><\/p>\n<p style=\"margin-top: 0cm; margin-right: 0cm; margin-bottom: 0pt; margin-left: 0cm; text-align: left;\">\u00a0<\/p>\n<p style=\"margin-top: 0cm; margin-right: 0cm; margin-bottom: 0pt; margin-left: 0cm; text-align: left;\"><span style=\"font-family: verdana, geneva; font-size: 10pt;\">Villa Mitre perdi\u00f3 la categor\u00eda y el celeste riocuartense deber\u00e1 esperar tres semanas para saber contra qu\u00e9 equipo del Argentino B definir\u00e1 la permanencia en la categor\u00eda.<\/span><\/p>\n<p> <!--more--> <\/p>\n<p>\u00a0<\/p>\n<p style=\"margin-top: 0cm; margin-right: 0cm; margin-bottom: 0pt; margin-left: 0cm; text-align: left;\"><span style=\"text-decoration: underline; font-family: verdana, geneva; font-size: 10pt;\"><strong>El detalle<\/strong><\/span><\/p>\n<p style=\"margin-top: 0cm; margin-right: 0cm; margin-bottom: 0pt; margin-left: 0cm;\"><span style=\"font-family: verdana, geneva; font-size: 10pt;\">Los resultados que se registraron, y que permitieron el pase a la Promoci\u00f3n de Estudiantes, fueron estos:<\/span><\/p>\n<ul>\n<li><span style=\"font-family: verdana, geneva; font-size: 13px;\">Racing de C\u00f3rdoba <span style=\"color: #3366ff;\"><strong>1<\/strong><\/span> <em>(47&#8242; PT Rami)<\/em><\/span><\/li>\n<li><span style=\"font-family: verdana, geneva; font-size: 13px;\">Estudiantes <strong><span style=\"color: #3366ff;\">1<\/span><\/strong> <em>(32&#8242; ST Tambussi)<\/em><br \/>&nbsp;<\/span><\/li>\n<li><span style=\"font-family: verdana, geneva; font-size: 13px;\">Club Cipolletti <span style=\"color: #3366ff;\"><strong>2<\/strong><\/span> <em>(5&#8242; PT Medina y 41 ST Saez)<\/em><\/span><\/li>\n<li><span style=\"font-family: verdana, geneva; font-size: 13px;\"><span>Villa Mitre <span style=\"color: #3366ff;\"><strong>2<\/strong><\/span> <em>(<\/em><\/span><span><em>24\u2019 PT Bordicio y 7\u2019 ST V\u00e1zquez)<\/em><br \/>&nbsp;<\/span><\/span><\/li>\n<li><span style=\"font-family: verdana, geneva; font-size: 13px;\">Douglas Haig <span style=\"color: #3366ff;\"><strong>1<\/strong><\/span> <em>(15&#8242; ST Cavalucci)<\/em><\/span><\/li>\n<li><span style=\"font-family: verdana, geneva; font-size: 13px;\">Dep. Santamarina <span style=\"color: #3366ff;\"><strong>0<\/strong><\/span><\/span><\/li>\n<\/ul>\n<p style=\"margin-top: 0cm; margin-right: 0cm; margin-bottom: 0pt; margin-left: 0cm;\"><span style=\"font-family: verdana, geneva; font-size: 10pt;\"> <\/span><\/p>\n<p style=\"margin-top: 0cm; margin-right: 0cm; margin-bottom: 0pt; margin-left: 0cm;\"><span style=\"font-family: verdana, geneva; font-size: 10pt;\">La tabla general qued\u00f3 as\u00ed:<\/span><\/p>\n<p style=\"margin-top: 0cm; margin-right: 0cm; margin-bottom: 0pt; margin-left: 0cm;\"><span style=\"font-family: verdana, geneva; font-size: 13px;\">11\u00ba) Dep. Santamarina (Tandil) = 38<\/span><\/p>\n<p style=\"margin-top: 0cm; margin-right: 0cm; margin-bottom: 0pt; margin-left: 0cm; background-image: initial; background-attachment: initial; background-color: white;\"><span style=\"font-family: verdana, geneva; font-size: 13px;\">12\u00ba) Alumni (Villa Mar\u00eda) = 37 (Promoci\u00f3n)<\/span><\/p>\n<p style=\"margin-top: 0cm; margin-right: 0cm; margin-bottom: 0pt; margin-left: 0cm; background-image: initial; background-attachment: initial; background-color: white;\"><strong><span style=\"font-family: verdana, geneva; font-size: 10pt;\">12\u00ba) Estudiantes (R\u00edo Cuarto) = 37 (Promoci\u00f3n)<\/span><\/strong><\/p>\n<p style=\"margin-top: 0cm; margin-right: 0cm; margin-bottom: 0pt; margin-left: 0cm; background-image: initial; background-attachment: initial; background-color: white;\"><span style=\"font-family: verdana, geneva; font-size: 10pt;\">14\u00ba) Villa Mitre (Bah\u00eda Blanca) = 35 (Descenso directo)<\/span><\/p>\n<p style=\"margin-top: 0cm; margin-right: 0cm; margin-bottom: 0pt; margin-left: 0cm; background-image: initial; background-attachment: initial; background-color: white;\"><span style=\"font-family: verdana, geneva; font-size: 10pt;\">15\u00ba) 9 de Julio (Rafaela) = 31 (Descenso directo)<\/span><\/p>\n<p style=\"margin-top: 0cm; margin-right: 0cm; margin-bottom: 0pt; margin-left: 0cm; text-align: left;\">\u00a0<\/p>\n<p style=\"margin-top: 0cm; margin-right: 0cm; margin-bottom: 0pt; margin-left: 0cm; text-align: left;\">\u00a0<\/p>\n<p style=\"margin-top: 0cm; margin-right: 0cm; margin-bottom: 0pt; margin-left: 0cm; text-align: left;\">\u00a0<\/p>\n<p style=\"margin-top: 0cm; margin-right: 0cm; margin-bottom: 0pt; margin-left: 0cm; text-align: left;\"><span style=\"font-family: verdana, geneva; font-size: 10pt;\"><strong><span style=\"text-decoration: underline;\">S\u00edntesis<\/span><\/strong><\/span><\/p>\n<p style=\"margin-top: 0cm; margin-right: 0cm; margin-bottom: 0pt; margin-left: 0cm; text-align: left;\"><span style=\"color: black; font-family: verdana, geneva; font-size: 10pt;\"> <\/span><\/p>\n<ul>\n<li><span style=\"font-family: verdana, geneva; font-size: 13px;\"><strong><span style=\"color: black;\">Racing (1):<\/span><\/strong><span style=\"color: black;\"> Gerardo Godoy; Yamil Garnier, Rodrigo L\u00f3pez, Franco Lazzaroni, Hugo Urruti; Javier Liendo, Federico Funes, Pablo Mannara, Jonathan Artura; Luis Rivero y Cristian Rami.<\/span> DT: Juan Manuel Ramos.<\/span><\/li>\n<li><span style=\"font-family: verdana, geneva; font-size: 13px;\"><strong><span style=\"color: black;\">Estudiantes (1):<\/span><\/strong><span style=\"color: black;\"> Adri\u00e1n Peralta; Mariano Passero, Miguel Carrizo, Juan Palandri, Emiliano Zapico; Luis P\u00e9rez Araya, Maximiliano G\u00f3mez, Guillermo Pu\u00f1et, Felipe Mugnaini; Fabi\u00e1n Castillo y Nicol\u00e1s Gatto.<\/span> DT: Jorge Grassi.<\/span><\/li>\n<li><span style=\"font-family: verdana, geneva; font-size: 13px;\"><strong><span style=\"color: black;\">Goles:<\/span><\/strong><span style=\"color: black;\"> 47\u2019 PT Cristian Rami (RC); 32\u2019 ST Guillermo Tambussi (E).<\/span><\/span><\/li>\n<li><span style=\"font-family: verdana, geneva; font-size: 13px;\"><strong><span style=\"color: black;\">\u00c1rbitro:<\/span><\/strong><span style=\"color: black;\"> Ariel Montero (Tucum\u00e1n).<\/span><\/span><\/li>\n<li><span style=\"font-family: verdana, geneva; font-size: 13px;\"><strong><span style=\"color: black;\">Estadio:<\/span><\/strong><span style=\"color: black;\">&nbsp;Miguel Sancho.<\/span><\/span><\/li>\n<\/ul>\n<p style=\"margin-top: 0cm; margin-right: 0cm; margin-bottom: 0pt; margin-left: 0cm; text-align: left;\"><span style=\"font-family: verdana, geneva; font-size: 10pt;\"><span style=\"color: black;\">&nbsp;<\/span><\/span><\/p>\n","protected":false},"excerpt":{"rendered":"<p>Con un gol de Tambussi cuando ya las esperanzas eran pocas, y luego de padecer los vaivenes de los resultados de otros equipos, Estudiantes logr\u00f3 clasificar para la Promoci\u00f3n al empatar con Racing, en c\u00f3rdoba, 1 a 1. \u00a0 Villa Mitre perdi\u00f3 la categor\u00eda y el celeste riocuartense deber\u00e1 esperar tres semanas para saber contra &hellip;<\/p>\n","protected":false},"author":2,"featured_media":1275,"comment_status":"open","ping_status":"open","sticky":false,"template":"","format":"standard","meta":{"_jetpack_memberships_contains_paid_content":false,"footnotes":""},"categories":[98],"tags":[],"class_list":["post-1805","post","type-post","status-publish","format-standard","has-post-thumbnail","hentry","category-futbol"],"jetpack_featured_media_url":"https:\/\/i0.wp.com\/deportivadigital.com.ar\/v2\/wp-content\/uploads\/2011\/02\/Tambussi.jpg?fit=200%2C141&ssl=1","jetpack_sharing_enabled":true,"_links":{"self":[{"href":"https:\/\/deportivadigital.com.ar\/v2\/wp-json\/wp\/v2\/posts\/1805","targetHints":{"allow":["GET"]}}],"collection":[{"href":"https:\/\/deportivadigital.com.ar\/v2\/wp-json\/wp\/v2\/posts"}],"about":[{"href":"https:\/\/deportivadigital.com.ar\/v2\/wp-json\/wp\/v2\/types\/post"}],"author":[{"embeddable":true,"href":"https:\/\/deportivadigital.com.ar\/v2\/wp-json\/wp\/v2\/users\/2"}],"replies":[{"embeddable":true,"href":"https:\/\/deportivadigital.com.ar\/v2\/wp-json\/wp\/v2\/comments?post=1805"}],"version-history":[{"count":0,"href":"https:\/\/deportivadigital.com.ar\/v2\/wp-json\/wp\/v2\/posts\/1805\/revisions"}],"wp:featuredmedia":[{"embeddable":true,"href":"https:\/\/deportivadigital.com.ar\/v2\/wp-json\/wp\/v2\/media\/1275"}],"wp:attachment":[{"href":"https:\/\/deportivadigital.com.ar\/v2\/wp-json\/wp\/v2\/media?parent=1805"}],"wp:term":[{"taxonomy":"category","embeddable":true,"href":"https:\/\/deportivadigital.com.ar\/v2\/wp-json\/wp\/v2\/categories?post=1805"},{"taxonomy":"post_tag","embeddable":true,"href":"https:\/\/deportivadigital.com.ar\/v2\/wp-json\/wp\/v2\/tags?post=1805"}],"curies":[{"name":"wp","href":"https:\/\/api.w.org\/{rel}","templated":true}]}}