{"id":15944,"date":"2021-01-10T20:20:00","date_gmt":"2021-01-10T23:20:00","guid":{"rendered":"https:\/\/deportivadigital.com.ar\/v2\/?p=15944"},"modified":"2021-01-14T12:07:41","modified_gmt":"2021-01-14T15:07:41","slug":"termino-el-dakar-para-cavigliasso","status":"publish","type":"post","link":"https:\/\/deportivadigital.com.ar\/v2\/termino-el-dakar-para-cavigliasso\/","title":{"rendered":"Termin\u00f3 el Dakar para Cavigliasso"},"content":{"rendered":"\n<p id=\"block-54323e52-f011-4d00-970d-d7b6475b758e\">Nicol\u00e1s Cavigliasso sufri\u00f3 la rotura del embrague de su cuadriciclo a menos de 100 kil\u00f3metros del final de la etapa. Estuvo esperando ayuda de otro competidor, pero finalmente debi\u00f3 abandonar la competencia.<\/p>\n\n\n\n<p id=\"block-26804b41-bf10-44e5-b5ea-cea7d78533d1\">Es un duro rev\u00e9s para el cabrerense, ganador de la edici\u00f3n 2019 del Dakar y l\u00edder de la general hasta esta ma\u00f1ana.<\/p>\n\n\n\n<p id=\"block-ae5144cf-3007-4e20-80da-b1a241cc493d\">El que una buena jornada fue <strong>Manuel And\u00fajar&nbsp;<\/strong>, quien reinici\u00f3 la carrera con todo despu\u00e9s del d\u00eda de descanso en Ha\u2019il. No solo venci\u00f3 con el Yamaha del equipo 7240 en la Etapa 7, la cual fue Marat\u00f3n, sino que, adem\u00e1s, se coloc\u00f3 al frente de la General de Quads.<\/p>\n\n\n\n<figure class=\"wp-block-image\" id=\"block-5a4b7950-a42d-4765-a941-1433e8a5d149\"><img data-recalc-dims=\"1\" decoding=\"async\" src=\"https:\/\/i0.wp.com\/solomotores.com.ar\/v2\/wp-content\/uploads\/2021\/01\/Etapa7_Cuads.png\" alt=\"La imagen tiene un atributo ALT vac\u00edo; su nombre de archivo es Etapa7_Cuads.png\"\/><\/figure>\n\n\n\n<p id=\"block-fef648ee-7bf9-4be5-8029-db57f1e557af\">El de Lobos complet\u00f3 la especial que lleg\u00f3 a Sakaka en 5h57m40s y dobleg\u00f3 al chileno&nbsp;<strong>Italo Pedemonte<\/strong>&nbsp;por m\u00e1s de tres minutos. El franc\u00e9s&nbsp;<strong>Alexandre Giroud<\/strong>&nbsp;se ubic\u00f3 en la tercera plaza, a casi nueve minutos del argentino.<\/p>\n\n\n\n<figure class=\"wp-block-image\" id=\"block-af8b807f-ba5a-49bb-8ff1-33b9487982a8\"><img data-recalc-dims=\"1\" decoding=\"async\" src=\"https:\/\/i0.wp.com\/solomotores.com.ar\/v2\/wp-content\/uploads\/2021\/01\/General7_Cuads.png\" alt=\"La imagen tiene un atributo ALT vac\u00edo; su nombre de archivo es General7_Cuads.png\"\/><\/figure>\n","protected":false},"excerpt":{"rendered":"<p>Nicol\u00e1s Cavigliasso sufri\u00f3 la rotura del embrague de su cuadriciclo a menos de 100 kil\u00f3metros del final de la etapa. Estuvo esperando ayuda de otro competidor, pero finalmente debi\u00f3 abandonar la competencia. Es un duro rev\u00e9s para el cabrerense, ganador de la edici\u00f3n 2019 del Dakar y l\u00edder de la general hasta esta ma\u00f1ana. El &hellip;<\/p>\n","protected":false},"author":4,"featured_media":15945,"comment_status":"open","ping_status":"open","sticky":false,"template":"","format":"standard","meta":{"_jetpack_memberships_contains_paid_content":false,"footnotes":""},"categories":[54],"tags":[],"class_list":["post-15944","post","type-post","status-publish","format-standard","has-post-thumbnail","hentry","category-motociclismo"],"jetpack_featured_media_url":"https:\/\/i0.wp.com\/deportivadigital.com.ar\/v2\/wp-content\/uploads\/2021\/01\/Cavigliasso_Etapa7_Cuads_Dakar.jpg?fit=678%2C381&ssl=1","jetpack_sharing_enabled":true,"_links":{"self":[{"href":"https:\/\/deportivadigital.com.ar\/v2\/wp-json\/wp\/v2\/posts\/15944","targetHints":{"allow":["GET"]}}],"collection":[{"href":"https:\/\/deportivadigital.com.ar\/v2\/wp-json\/wp\/v2\/posts"}],"about":[{"href":"https:\/\/deportivadigital.com.ar\/v2\/wp-json\/wp\/v2\/types\/post"}],"author":[{"embeddable":true,"href":"https:\/\/deportivadigital.com.ar\/v2\/wp-json\/wp\/v2\/users\/4"}],"replies":[{"embeddable":true,"href":"https:\/\/deportivadigital.com.ar\/v2\/wp-json\/wp\/v2\/comments?post=15944"}],"version-history":[{"count":0,"href":"https:\/\/deportivadigital.com.ar\/v2\/wp-json\/wp\/v2\/posts\/15944\/revisions"}],"wp:featuredmedia":[{"embeddable":true,"href":"https:\/\/deportivadigital.com.ar\/v2\/wp-json\/wp\/v2\/media\/15945"}],"wp:attachment":[{"href":"https:\/\/deportivadigital.com.ar\/v2\/wp-json\/wp\/v2\/media?parent=15944"}],"wp:term":[{"taxonomy":"category","embeddable":true,"href":"https:\/\/deportivadigital.com.ar\/v2\/wp-json\/wp\/v2\/categories?post=15944"},{"taxonomy":"post_tag","embeddable":true,"href":"https:\/\/deportivadigital.com.ar\/v2\/wp-json\/wp\/v2\/tags?post=15944"}],"curies":[{"name":"wp","href":"https:\/\/api.w.org\/{rel}","templated":true}]}}