{"id":150,"date":"2010-05-05T02:49:36","date_gmt":"2010-05-05T05:49:36","guid":{"rendered":"https:\/\/deportivadigital.com.ar\/v2\/quinta-fecha-suspendida\/"},"modified":"2020-04-14T18:06:22","modified_gmt":"2020-04-14T21:06:22","slug":"quinta-fecha-suspendida","status":"publish","type":"post","link":"https:\/\/deportivadigital.com.ar\/v2\/quinta-fecha-suspendida\/","title":{"rendered":"Quinta fecha postergada"},"content":{"rendered":"<p class=\"Texto\">Debido al feriado por el D\u00eda Internacional del Trabajo, la Comisi\u00f3n Directiva ha decidido postergar la disputa de la quinta fecha del torneo Apertura para el pr\u00f3ximo fin de semana.<\/p>\n<p class=\"Texto\">El fixture de fecha, que se jugar\u00e1 el s\u00e1bado 8 de mayo, es este:<\/p>\n<ul>\n<li class=\"Texto\"><strong>13.15 =<\/strong> La Base<span class=\"Vs\"> vs.<\/span> Civiles AMRC<\/li>\n<li class=\"Texto\"><strong>14.30 =<\/strong> Universidad<span class=\"Vs\"> vs.<\/span> SURBAC<\/li>\n<li class=\"Texto\"><strong>15.30 = <\/strong>Municipalidad <span class=\"Vs\">vs.<\/span> Alianza Elecsa<\/li>\n<li class=\"Texto\"><strong>16.30 =<\/strong> SATCRC<span class=\"Vs\"> vs.<\/span> Aero &#8211; Sol<\/li>\n<li class=\"Texto\"><strong>17.30 =<\/strong> Luz y Fuerza<span class=\"Vs\"> vs.<\/span> Coca &#8211; Cola<\/li>\n<li class=\"Texto\"><strong>Libre:<\/strong> Prosegur<\/li>\n<\/ul>\n","protected":false},"excerpt":{"rendered":"<p>Debido al feriado por el D\u00eda Internacional del Trabajo, la Comisi\u00f3n Directiva ha decidido postergar la disputa de la quinta fecha del torneo Apertura para el pr\u00f3ximo fin de semana. El fixture de fecha, que se jugar\u00e1 el s\u00e1bado 8 de mayo, es este: 13.15 = La Base vs. Civiles AMRC 14.30 = Universidad vs. &hellip;<\/p>\n","protected":false},"author":2,"featured_media":0,"comment_status":"open","ping_status":"open","sticky":false,"template":"","format":"standard","meta":{"_jetpack_memberships_contains_paid_content":false,"footnotes":""},"categories":[77],"tags":[],"class_list":["post-150","post","type-post","status-publish","format-standard","hentry","category-torneo-interfuerzas"],"jetpack_featured_media_url":"","jetpack_sharing_enabled":true,"_links":{"self":[{"href":"https:\/\/deportivadigital.com.ar\/v2\/wp-json\/wp\/v2\/posts\/150","targetHints":{"allow":["GET"]}}],"collection":[{"href":"https:\/\/deportivadigital.com.ar\/v2\/wp-json\/wp\/v2\/posts"}],"about":[{"href":"https:\/\/deportivadigital.com.ar\/v2\/wp-json\/wp\/v2\/types\/post"}],"author":[{"embeddable":true,"href":"https:\/\/deportivadigital.com.ar\/v2\/wp-json\/wp\/v2\/users\/2"}],"replies":[{"embeddable":true,"href":"https:\/\/deportivadigital.com.ar\/v2\/wp-json\/wp\/v2\/comments?post=150"}],"version-history":[{"count":0,"href":"https:\/\/deportivadigital.com.ar\/v2\/wp-json\/wp\/v2\/posts\/150\/revisions"}],"wp:attachment":[{"href":"https:\/\/deportivadigital.com.ar\/v2\/wp-json\/wp\/v2\/media?parent=150"}],"wp:term":[{"taxonomy":"category","embeddable":true,"href":"https:\/\/deportivadigital.com.ar\/v2\/wp-json\/wp\/v2\/categories?post=150"},{"taxonomy":"post_tag","embeddable":true,"href":"https:\/\/deportivadigital.com.ar\/v2\/wp-json\/wp\/v2\/tags?post=150"}],"curies":[{"name":"wp","href":"https:\/\/api.w.org\/{rel}","templated":true}]}}