{"id":13189,"date":"2018-11-21T17:36:49","date_gmt":"2018-11-21T20:36:49","guid":{"rendered":"https:\/\/deportivadigital.com.ar\/v2\/primera-semifinal\/"},"modified":"2018-11-21T17:36:49","modified_gmt":"2018-11-21T20:36:49","slug":"primera-semifinal","status":"publish","type":"post","link":"https:\/\/deportivadigital.com.ar\/v2\/primera-semifinal\/","title":{"rendered":"Primera semifinal"},"content":{"rendered":"<p><img decoding=\"async\" dir=\"ltr\" style=\"margin-right: 5px; float: left;\" src=\"images\/stories\/Futsal\/A_2018\/Atajada.jpg\" alt=\"Atajada\" \/>Esta noche a las 22.30 comenzar\u00e1 la primera semifinal del Clausura 2018 de Futsal. El partido de ida por la Copa de Oro ser\u00e1 protagonizado por <strong>Abasto FC<\/strong>, campe\u00f3n del Apertura, e <strong>Indios Ranqueles<\/strong>, cuyo plantel (jugando para Estudiantes) fue subcampe\u00f3n, por lo que el de esta noche se anticipa como un partido revancha.<\/p>\n<p>  <!--more-->  <\/p>\n<p>Ma\u00f1ana, a la misma hora, se disputar\u00e1 el encuentro de ida de la otra semifinal en la que se miden <strong>Universidad B<\/strong>, primero de la fase regular, y <strong>Deportivo R\u00edo Cuarto<\/strong>.<\/p>\n<p>Ambos encuentros se jugar\u00e1n en el gimnasio mayor de la Universidad.<\/p>\n<p><span style=\"color: #008000;\"><strong>Por la Plata, el viernes<br \/><\/strong><span style=\"color: #000000;\">En el cierre de la semana se jugar\u00e1n las dos semifinales de ida de la Copa de Plata. A partir de las 21 se medir\u00e1n Santa Paula y Renato Cesarini. Mientras que desde las 22.30 har\u00e1n lo propio <strong>Deportes R\u00edo Cuarto<\/strong> y <strong>Universidad A<\/strong>.<\/span><strong><br \/><\/strong><\/span><\/p><\/p>\n","protected":false},"excerpt":{"rendered":"<p>Esta noche a las 22.30 comenzar\u00e1 la primera semifinal del Clausura 2018 de Futsal. El partido de ida por la Copa de Oro ser\u00e1 protagonizado por Abasto FC, campe\u00f3n del Apertura, e Indios Ranqueles, cuyo plantel (jugando para Estudiantes) fue subcampe\u00f3n, por lo que el de esta noche se anticipa como un partido revancha. Ma\u00f1ana, &hellip;<\/p>\n","protected":false},"author":2,"featured_media":0,"comment_status":"open","ping_status":"open","sticky":false,"template":"","format":"standard","meta":{"_jetpack_memberships_contains_paid_content":false,"footnotes":""},"categories":[94],"tags":[],"class_list":["post-13189","post","type-post","status-publish","format-standard","hentry","category-liga-riocuartense-de-futsal"],"jetpack_featured_media_url":"","jetpack_sharing_enabled":true,"_links":{"self":[{"href":"https:\/\/deportivadigital.com.ar\/v2\/wp-json\/wp\/v2\/posts\/13189","targetHints":{"allow":["GET"]}}],"collection":[{"href":"https:\/\/deportivadigital.com.ar\/v2\/wp-json\/wp\/v2\/posts"}],"about":[{"href":"https:\/\/deportivadigital.com.ar\/v2\/wp-json\/wp\/v2\/types\/post"}],"author":[{"embeddable":true,"href":"https:\/\/deportivadigital.com.ar\/v2\/wp-json\/wp\/v2\/users\/2"}],"replies":[{"embeddable":true,"href":"https:\/\/deportivadigital.com.ar\/v2\/wp-json\/wp\/v2\/comments?post=13189"}],"version-history":[{"count":0,"href":"https:\/\/deportivadigital.com.ar\/v2\/wp-json\/wp\/v2\/posts\/13189\/revisions"}],"wp:attachment":[{"href":"https:\/\/deportivadigital.com.ar\/v2\/wp-json\/wp\/v2\/media?parent=13189"}],"wp:term":[{"taxonomy":"category","embeddable":true,"href":"https:\/\/deportivadigital.com.ar\/v2\/wp-json\/wp\/v2\/categories?post=13189"},{"taxonomy":"post_tag","embeddable":true,"href":"https:\/\/deportivadigital.com.ar\/v2\/wp-json\/wp\/v2\/tags?post=13189"}],"curies":[{"name":"wp","href":"https:\/\/api.w.org\/{rel}","templated":true}]}}