{"id":12750,"date":"2018-07-17T14:01:45","date_gmt":"2018-07-17T17:01:45","guid":{"rendered":"https:\/\/deportivadigital.com.ar\/v2\/se-viene-torneo-nacionalo-en-el-centro-11\/"},"modified":"2018-07-17T14:01:45","modified_gmt":"2018-07-17T17:01:45","slug":"se-viene-torneo-nacionalo-en-el-centro-11","status":"publish","type":"post","link":"https:\/\/deportivadigital.com.ar\/v2\/se-viene-torneo-nacionalo-en-el-centro-11\/","title":{"rendered":"S\u00e9ptima edici\u00f3n de la Copa R\u00edo Cuarto"},"content":{"rendered":"<p><img decoding=\"async\" dir=\"ltr\" style=\"margin-right: 5px; float: left;\" src=\"images\/stories\/natacion\/Presentacion_Master.jpg\" alt=\"Presentacion Master\" \/>Se present\u00f3 este martes en Deportes R\u00edo Cuarto la s\u00e9ptima edici\u00f3n de la <strong>Copa Ciudad de R\u00edo Cuarto<\/strong>, el torneo nacional de nataci\u00f3n M\u00e1ster y Prem\u00e1ster, que se desarrollar\u00e1 el pr\u00f3ximo s\u00e1bado en el renovado natatorio del Centro 11.&nbsp;<\/p>\n<p>La competencia est\u00e1 incluida en el circuito cordob\u00e9s de nataci\u00f3n M\u00e1ster fiscalizado por la Federaci\u00f3n Cordobesa de esta disciplina.<\/p>\n<p>  <!--more-->  <\/p>\n<p>Charly Herrero, tesorero de Deportes R\u00edo Cuarto, expres\u00f3: <em>\u201cEstamos contentos porque hoy tenemos una pileta con medidas reglamentarias que permite homologar records y es&nbsp; apta para este tipo de eventos de primer nivel\u201d<\/em>.<\/p>\n<p>Herrero, adem\u00e1s, hizo entrega de indumentaria con la identificaci\u00f3n de Deportes R\u00edo Cuarto a los nadadores que representar\u00e1n a la ciudad en este torneo.&nbsp;<\/p>\n<p>Por su parte, N\u00e9stor Gricyuk, el coordinador de nataci\u00f3n M\u00e1ster de Deportes R\u00edo Cuarto, resalt\u00f3:<em> \u201cPara nosotros es muy importante porque es el \u00fanico certamen fiscalizado por la Federaci\u00f3n Cordobesa en R\u00edo Cuarto\u201d<\/em>.&nbsp;<\/p>\n<p>La particularidad en este a\u00f1o es que por primera vez la actividad se desarrollar\u00e1 tanto durante la ma\u00f1ana como durante la tarde del s\u00e1bado. Se estima que ser\u00e1n m\u00e1s de veinte las delegaciones presentes y cerca de 300 los nadadores que se congreguen, lo cual motiv\u00f3 el desdoblamiento antes mencionado.&nbsp;<\/p>\n<p>Las categor\u00edas que competir\u00e1n son Prem\u00e1ster (20 a 25 a\u00f1os) y M\u00e1ster (de 25 a\u00f1os en adelante), en este caso divididos en subcategor\u00edas que abarcan cinco a\u00f1os cada una de ellas.&nbsp;<\/p><\/p>\n","protected":false},"excerpt":{"rendered":"<p>Se present\u00f3 este martes en Deportes R\u00edo Cuarto la s\u00e9ptima edici\u00f3n de la Copa Ciudad de R\u00edo Cuarto, el torneo nacional de nataci\u00f3n M\u00e1ster y Prem\u00e1ster, que se desarrollar\u00e1 el pr\u00f3ximo s\u00e1bado en el renovado natatorio del Centro 11.&nbsp; La competencia est\u00e1 incluida en el circuito cordob\u00e9s de nataci\u00f3n M\u00e1ster fiscalizado por la Federaci\u00f3n Cordobesa &hellip;<\/p>\n","protected":false},"author":2,"featured_media":0,"comment_status":"open","ping_status":"open","sticky":false,"template":"","format":"standard","meta":{"_jetpack_memberships_contains_paid_content":false,"footnotes":""},"categories":[55],"tags":[],"class_list":["post-12750","post","type-post","status-publish","format-standard","hentry","category-natacion"],"jetpack_featured_media_url":"","jetpack_sharing_enabled":true,"_links":{"self":[{"href":"https:\/\/deportivadigital.com.ar\/v2\/wp-json\/wp\/v2\/posts\/12750","targetHints":{"allow":["GET"]}}],"collection":[{"href":"https:\/\/deportivadigital.com.ar\/v2\/wp-json\/wp\/v2\/posts"}],"about":[{"href":"https:\/\/deportivadigital.com.ar\/v2\/wp-json\/wp\/v2\/types\/post"}],"author":[{"embeddable":true,"href":"https:\/\/deportivadigital.com.ar\/v2\/wp-json\/wp\/v2\/users\/2"}],"replies":[{"embeddable":true,"href":"https:\/\/deportivadigital.com.ar\/v2\/wp-json\/wp\/v2\/comments?post=12750"}],"version-history":[{"count":0,"href":"https:\/\/deportivadigital.com.ar\/v2\/wp-json\/wp\/v2\/posts\/12750\/revisions"}],"wp:attachment":[{"href":"https:\/\/deportivadigital.com.ar\/v2\/wp-json\/wp\/v2\/media?parent=12750"}],"wp:term":[{"taxonomy":"category","embeddable":true,"href":"https:\/\/deportivadigital.com.ar\/v2\/wp-json\/wp\/v2\/categories?post=12750"},{"taxonomy":"post_tag","embeddable":true,"href":"https:\/\/deportivadigital.com.ar\/v2\/wp-json\/wp\/v2\/tags?post=12750"}],"curies":[{"name":"wp","href":"https:\/\/api.w.org\/{rel}","templated":true}]}}