{"id":12641,"date":"2018-06-19T22:57:57","date_gmt":"2018-06-20T01:57:57","guid":{"rendered":"https:\/\/deportivadigital.com.ar\/v2\/macarena-sigue-bajando-sus-tiempos\/"},"modified":"2018-06-19T22:57:57","modified_gmt":"2018-06-20T01:57:57","slug":"macarena-sigue-bajando-sus-tiempos","status":"publish","type":"post","link":"https:\/\/deportivadigital.com.ar\/v2\/macarena-sigue-bajando-sus-tiempos\/","title":{"rendered":"Macarena sigue bajando sus tiempos"},"content":{"rendered":"<div class=\"btnRedesPC\">&nbsp;<\/div>\n<p><img data-recalc-dims=\"1\" decoding=\"async\" style=\"margin: 5px; float: left;\" src=\"https:\/\/i0.wp.com\/www.puntal.com.ar\/__export\/1529369526207\/sites\/puntal\/imagenes\/2018\/06\/18\/webMacarena.jpg_57698320.jpg?resize=180%2C106\" alt=\"\" width=\"180\" height=\"106\" \/>La nadadora riocuartense<strong> Macarena Ceballos<\/strong> sigue bajando su propios tiempos y cosechando medallas. Con un registro de 30\u201d76\/100 para los 50 metros pecho fue tercera en la 3\u00aa etapa del Circuito Mare Nostrum que se desarroll\u00f3 en M\u00f3naco con lo que estableci\u00f3 un nuevo r\u00e9cord argentino.<\/p>\n<p> Previamente Ceballos hab\u00eda empleado para esa misma distancia 31\u201d y hab\u00eda quedado a tan s\u00f3lo 1 cent\u00e9sima de su plusmarca de 30.99, la que la hab\u00eda logrado el 4 de mayo del a\u00f1o pasado, cuando fue medalla plateada en el LVII Campeonato Brasile\u00f1o Absoluto &#8211; Trof\u00e9u Maria Lenk, en R\u00edo de Janeiro, representando a Minas Tenis.<\/p>\n<p>  <!--more-->  <\/p>\n<p> Aquel d\u00eda, Macarena bat\u00eda lo que tambi\u00e9n era su r\u00e9cord argentino: 31.62 (realizado el 22 de agosto de 2015, en el Trof\u00e9u Jos\u00e9 Finkel, en San Pablo).<\/p>\n<p> Con el reciente 30.76, Macarena Ceballos se ubica 15\u00aa en el Ranking Mundial Fina 2018.<\/p>\n<p> Adem\u00e1s, estuvo a 25 cent\u00e9simas del r\u00e9cord Sudamericano (30.51), de la brasile\u00f1a Jhennifer Alves da Concei\u00e7\u00e3o (hecho el 7 de diciembre del a\u00f1o pasado).4<\/p>\n<p> Cabe recordar que Macarena Ceballos tambi\u00e9n tiene la mejor marca nacional en los 100 metros pechos con un tiempo de 1\u201907\u201d76\/100, con parciales de 31\u201d71\/100 para los primeros 50 metros, y de 36\u201d05\/100,&nbsp; quebrando el anterior de la santafecina Julia Sebasti\u00e1n, de 1\u201907\u201d89\/100, desde el 19 de noviembre del 2017.<\/p>\n<p> Este logro lo alcanz\u00f3 en el desarrollo del Trof\u00e9u Maria Lenk,&nbsp; Campeonato Brasile\u00f1o Absoluto, en la ciudad de R\u00edo de Janeiro,&nbsp; en el Parque Acu\u00e1tico Mar\u00eda Lenk.<\/p>\n<p> La representante de Sociedad Alemana de Villa Ballester, Macarena Ceballos estuvo a tan s\u00f3lo 9 cent\u00e9simas del R\u00e9cord Sudamericano, en manos de la brasilera Tatiane Sakemi de un tiempo de 1\u201907\u201d67\/100,&nbsp; desde el 9 de mayo de 2009, durante el Campeonato Brasile\u00f1o Absoluto, en R\u00edo de Janeiro.<\/p>\n","protected":false},"excerpt":{"rendered":"<p>&nbsp; La nadadora riocuartense Macarena Ceballos sigue bajando su propios tiempos y cosechando medallas. Con un registro de 30\u201d76\/100 para los 50 metros pecho fue tercera en la 3\u00aa etapa del Circuito Mare Nostrum que se desarroll\u00f3 en M\u00f3naco con lo que estableci\u00f3 un nuevo r\u00e9cord argentino. Previamente Ceballos hab\u00eda empleado para esa misma distancia &hellip;<\/p>\n","protected":false},"author":2,"featured_media":0,"comment_status":"open","ping_status":"open","sticky":false,"template":"","format":"standard","meta":{"_jetpack_memberships_contains_paid_content":false,"footnotes":""},"categories":[55],"tags":[],"class_list":["post-12641","post","type-post","status-publish","format-standard","hentry","category-natacion"],"jetpack_featured_media_url":"","jetpack_sharing_enabled":true,"_links":{"self":[{"href":"https:\/\/deportivadigital.com.ar\/v2\/wp-json\/wp\/v2\/posts\/12641","targetHints":{"allow":["GET"]}}],"collection":[{"href":"https:\/\/deportivadigital.com.ar\/v2\/wp-json\/wp\/v2\/posts"}],"about":[{"href":"https:\/\/deportivadigital.com.ar\/v2\/wp-json\/wp\/v2\/types\/post"}],"author":[{"embeddable":true,"href":"https:\/\/deportivadigital.com.ar\/v2\/wp-json\/wp\/v2\/users\/2"}],"replies":[{"embeddable":true,"href":"https:\/\/deportivadigital.com.ar\/v2\/wp-json\/wp\/v2\/comments?post=12641"}],"version-history":[{"count":0,"href":"https:\/\/deportivadigital.com.ar\/v2\/wp-json\/wp\/v2\/posts\/12641\/revisions"}],"wp:attachment":[{"href":"https:\/\/deportivadigital.com.ar\/v2\/wp-json\/wp\/v2\/media?parent=12641"}],"wp:term":[{"taxonomy":"category","embeddable":true,"href":"https:\/\/deportivadigital.com.ar\/v2\/wp-json\/wp\/v2\/categories?post=12641"},{"taxonomy":"post_tag","embeddable":true,"href":"https:\/\/deportivadigital.com.ar\/v2\/wp-json\/wp\/v2\/tags?post=12641"}],"curies":[{"name":"wp","href":"https:\/\/api.w.org\/{rel}","templated":true}]}}