{"id":12293,"date":"2018-03-19T23:27:22","date_gmt":"2018-03-20T02:27:22","guid":{"rendered":"https:\/\/deportivadigital.com.ar\/v2\/ya-llega-el-motor-show\/"},"modified":"2018-03-19T23:27:22","modified_gmt":"2018-03-20T02:27:22","slug":"ya-llega-el-motor-show","status":"publish","type":"post","link":"https:\/\/deportivadigital.com.ar\/v2\/ya-llega-el-motor-show\/","title":{"rendered":"Ya llega el Motor Show"},"content":{"rendered":"<p style=\"color: #000000; font-family: 'Helvetica Neue', Helvetica, Arial, sans-serif; font-size: 13px; font-style: normal; font-weight: normal; letter-spacing: normal; orphans: 2; text-align: start; text-indent: 0px; text-transform: none; white-space: normal; widows: 2; word-spacing: 0px;\"><img decoding=\"async\" src=\"images\/stories\/automovilismo\/MotorShow_Presentacion.jpg\" alt=\"MotorShow Presentacion\" width=\"180\" height=\"100\" style=\"margin-right: 5px; float: left;\" \/><\/p>\n<p>Esta ma\u00f1ana se realiz\u00f3 la presentaci\u00f3n oficial del&nbsp;MOTOR SHOW R\u00edo Cuarto 2018,&nbsp;la exposici\u00f3n organizada por la Secretaria de Desarrollo Econ\u00f3mico y Social de Rio Cuarto que se espera atraiga a miles de fan\u00e1ticos de los fierros de todo el pa\u00eds.<\/p>\n<p>El encuentro se desarrollar\u00e1 los d\u00edas 23, 24 y 25 de marzo en el predio de la Sociedad Rural R\u00edo Cuarto con entrada libre y gratuita. Ser\u00e1 una muestra para exponer toda la actualidad de la industria automotriz a nivel nacional e internacional.&nbsp;<\/p>\n<p>  <!--more-->  <\/p>\n<p>El intendente Llamosas expres\u00f3 que la exposici\u00f3n&nbsp;\u201cva a ser una gran fiesta del automovilismo que se vivir\u00e1 en Rio Cuarto, no s\u00f3lo para los amantes de los fierros, sino para todas las familias de la ciudad y regi\u00f3n. Desde que asumimos la gesti\u00f3n estamos apostando a la realizaci\u00f3n de eventos trascendentes para que Rio Cuarto sea reconocida en el escenario provincial y nacional\u201d, explic\u00f3 el mandatario.<\/p>\n<p>El subsecretario de Agroindustria y Comercio de la ciudad, Daniel Reiloba, esto detallaba:<\/p>\n<p>{mp3}Reiloba_MotorShow2018.mp3{\/mp3}<\/p>\n<p><span style=\"color: #339966;\"><strong>Espacio de reuni\u00f3n<\/strong><\/span><br \/>Motor Show ser\u00e1 un espacio que re\u00fane a fabricantes, proveedores y profesionales del sector, lo cual constituye a la exposici\u00f3n en un importante atractivo tur\u00edstico para la ciudad.<\/p>\n<p>Durante el evento se contar\u00e1 con la participaci\u00f3n de las principales marcas nacionales e internacionales de motos, autos, camiones y colectivos. Tambi\u00e9n se montar\u00e1 una exposici\u00f3n de motos y autos cl\u00e1sicos, tuning y personalizados.<\/p>\n<p>Adem\u00e1s, se presentar\u00e1 el Sector Dakar, el Museo Fangio, y el Museo de la ACTC.<\/p>\n<p><span style=\"color: #339966;\"><strong>Visitas estelares<\/strong><\/span><br \/>Cabe destacar que se contar\u00e1 con la presencia de referentes del automovilismo nacional, tales como el \u201cPajaro\u201d Garro, Juan Maria Traverso, y el dise\u00f1ador y constructor de motores Oreste Berta, entre otras destacadas personalidades.<\/p>\n","protected":false},"excerpt":{"rendered":"<p>Esta ma\u00f1ana se realiz\u00f3 la presentaci\u00f3n oficial del&nbsp;MOTOR SHOW R\u00edo Cuarto 2018,&nbsp;la exposici\u00f3n organizada por la Secretaria de Desarrollo Econ\u00f3mico y Social de Rio Cuarto que se espera atraiga a miles de fan\u00e1ticos de los fierros de todo el pa\u00eds. El encuentro se desarrollar\u00e1 los d\u00edas 23, 24 y 25 de marzo en el predio &hellip;<\/p>\n","protected":false},"author":2,"featured_media":0,"comment_status":"open","ping_status":"open","sticky":false,"template":"","format":"standard","meta":{"_jetpack_memberships_contains_paid_content":false,"footnotes":""},"categories":[45],"tags":[],"class_list":["post-12293","post","type-post","status-publish","format-standard","hentry","category-automovilismo"],"jetpack_featured_media_url":"","jetpack_sharing_enabled":true,"_links":{"self":[{"href":"https:\/\/deportivadigital.com.ar\/v2\/wp-json\/wp\/v2\/posts\/12293","targetHints":{"allow":["GET"]}}],"collection":[{"href":"https:\/\/deportivadigital.com.ar\/v2\/wp-json\/wp\/v2\/posts"}],"about":[{"href":"https:\/\/deportivadigital.com.ar\/v2\/wp-json\/wp\/v2\/types\/post"}],"author":[{"embeddable":true,"href":"https:\/\/deportivadigital.com.ar\/v2\/wp-json\/wp\/v2\/users\/2"}],"replies":[{"embeddable":true,"href":"https:\/\/deportivadigital.com.ar\/v2\/wp-json\/wp\/v2\/comments?post=12293"}],"version-history":[{"count":0,"href":"https:\/\/deportivadigital.com.ar\/v2\/wp-json\/wp\/v2\/posts\/12293\/revisions"}],"wp:attachment":[{"href":"https:\/\/deportivadigital.com.ar\/v2\/wp-json\/wp\/v2\/media?parent=12293"}],"wp:term":[{"taxonomy":"category","embeddable":true,"href":"https:\/\/deportivadigital.com.ar\/v2\/wp-json\/wp\/v2\/categories?post=12293"},{"taxonomy":"post_tag","embeddable":true,"href":"https:\/\/deportivadigital.com.ar\/v2\/wp-json\/wp\/v2\/tags?post=12293"}],"curies":[{"name":"wp","href":"https:\/\/api.w.org\/{rel}","templated":true}]}}