{"id":12248,"date":"2018-03-10T22:55:58","date_gmt":"2018-03-11T01:55:58","guid":{"rendered":"https:\/\/deportivadigital.com.ar\/v2\/rio-cuarto-entrego-vibrantes-clasificaciones\/"},"modified":"2018-03-10T22:55:58","modified_gmt":"2018-03-11T01:55:58","slug":"rio-cuarto-entrego-vibrantes-clasificaciones","status":"publish","type":"post","link":"https:\/\/deportivadigital.com.ar\/v2\/rio-cuarto-entrego-vibrantes-clasificaciones\/","title":{"rendered":"Vibrantes clasificaciones del C\u00f3rdoba Pista"},"content":{"rendered":"<p><img decoding=\"async\" src=\"images\/stories\/automovilismo\/CordobaPista\/2018\/Marzo\/Cordoba_Pista2018.jpg\" alt=\"Cordoba Pista2018\" width=\"180\" height=\"94\" style=\"margin-right: 5px; float: left;\" \/>Las cinco categor\u00edas completaron las instancias clasificatorias en el aut\u00f3dromo <strong>\u201cParque Ciudad de R\u00edo Cuarto\u201d.<\/strong> En dos grupos por especialidad se observaron las primeras luchas del fin de semana.<\/p>\n<p><strong>C\u00f3rdoba Pista<\/strong> puso en marcha as\u00ed su jornada sabatina con la actividad oficial de clasificaci\u00f3n en nuestro aut\u00f3dromo.<\/p>\n<p>  <!--more-->  <\/p>\n<p>La primera competencia anual tiene confirmados los primeros <em>poleman<\/em> de la fecha apertura, llev\u00e1ndose el primer punto en juego Francisco Baudo (Clase 1), Cristian Garbiglia (Clase 2), Feliciano Castro (TC Pista 4000), Julio Bevilacqua (TC 4000), Oscar Gutierrez (TN Hist\u00f3rico).<\/p>\n<p><strong><span style=\"color: #3366ff;\">TC PISTA 4000<\/span><br \/><\/strong>En primer turno sali\u00f3 a clasificar el TC Pista 4000 donde Feliciano Castro en su regreso a la categor\u00eda marc\u00f3 el mejor tiempo clasificatorio con 1m20s149\/1000.<\/p>\n<p>El piloto de Chevrolet dej\u00f3 en segunda posici\u00f3n a su coterr\u00e1neo de Las Perdices, Federico Aichino, por apenas 21 mil\u00e9simas; en tanto Gabriel Franke, due\u00f1o de los entrenamientos matinales, fue tercero a 97 mil\u00e9simas con la Dodge.&nbsp;<\/p>\n<p>La cuarta posici\u00f3n qued\u00f3 para el subcampe\u00f3n Guillermo Saby con Chevrolet (apenas 110 mil\u00e9simas por detr\u00e1s de los tres mejores), en tanto Sergio Soave fue quinto; el debutante Dario Del Bianco se orden\u00f3 en sexto lugar por delante de Diego Oggero, Sebasti\u00e1n Grosso, Federico Terrier y Jonathan Della Vedova.<\/p>\n<p><span style=\"color: #3366ff;\"><strong><span><span style=\"text-decoration: underline;\"><span style=\"color: #000000; text-decoration: underline;\">Ma\u00f1ana a las 13<\/span><\/span><br \/><\/span><\/strong><span style=\"color: #000000;\">La actividad prevista para ma\u00f1ana domingo, con la primera final del a\u00f1o, comenzar\u00e1 a las 13. A esa hora se pondr\u00e1 en marcha la gran final programada a 12 vueltas o 25 minutos, lo que se de primero.<\/span><\/span><\/p>\n<p><strong><span style=\"color: #3366ff;\">CLASE 2<\/span><br \/><\/strong>En la clasificaci\u00f3n, Cristian Garbiglia domin\u00f3 la primera sesi\u00f3n de la temporada en su regreso a la categor\u00eda. Con un Fiat Uno de primera generaci\u00f3n de Ju\u00e1rez Competici\u00f3n, se qued\u00f3 con el mejor tiempo y el primer punto en juego.<\/p>\n<p>Garbigilia marc\u00f3 1m23s180\/1000, superando a Gast\u00f3n Giordano, otro piloto que retorn\u00f3 al volante de un Nuevo Palio del CGP Motorsport. El de Villa Carlos Paz qued\u00f3 segundo a 307 mil\u00e9simas del poleman. Inmediatamente despu\u00e9s, fue tercero Alejo Cravero que en condici\u00f3n de debutante ha sido el mejor de ese selecto grupo al quedar tercero a 397.<\/p>\n<p>Buen trabajo de Ruben Santana al conseguir el cuarto lugar con un Uno de primera generaci\u00f3n y alcanzar su mejor resultado clasificatorio, algo similar ocurri\u00f3 con Juan Principe quien fue quinto en su retorno a la categor\u00eda con un Uno del Gianre Hermanos.&nbsp;La sexta ubicaci\u00f3n fue para Juan Gianre, m\u00e1s atr\u00e1s el campe\u00f3n de la Clase 1, Andr\u00e9s Calder\u00f3n, luego Claudio Menzi, Marcos Rodr\u00edguez y Germ\u00e1n Su\u00e1rez completando los 10 mejores.<\/p>\n<p><span style=\"color: #3366ff;\"><strong>TC 4000<br \/><\/strong><\/span>Con un gran performance y por primera vez, Julio Bevilacqua alcanz\u00f3 la pole del TC 4000. El piloto de Adelia Mar\u00eda situ\u00f3 en lo m\u00e1s alto del clasificador al Ford Falcon atendido por Oberti y Ragazzini. Bevilacqua marc\u00f3 1m17s927\/1000.<\/p>\n<p>Apenas 67 mil\u00e9simas dejaron en segunda posici\u00f3n a Sebasti\u00e1n Alzamendi con Chevrolet, en tanto la tercera posici\u00f3n fue para Luis Gastaldi a 205 mil\u00e9simas.<\/p>\n<p>Los 10 mejores los completaron, Diego Aichino y Fernando Lombardi en el retorno de ambos fueron quinto y sexto, luego Gerardo Martin, David Longo, Juan Angiorama, Gustavo Vaschetti y Ricardo Vidal.<\/p>\n<p><strong>Este domingo la categor\u00eda desarrollar\u00e1 las series desde las 10.<\/strong><\/p>\n<p><strong><span style=\"color: #3366ff;\">CLASE 1<\/span><br \/><\/strong>Francisco Baudo no tuvo oponentes y confirm\u00f3 el destacado inicio de actividades, cuando se adjudic\u00f3 la primera pole y punto en juego de la fecha apertura de la Clase 1. El piloto de Las Varillas estableci\u00f3 1m28s942\/1000 con el Fiat 128 de Ju\u00e1rez Competici\u00f3n.<\/p>\n<p>De gran trabajo, se ubic\u00f3 en segundo lugar, Ariel Pavon, en esta competencia utilizando el auto con el que Pedro Fern\u00e1ndez gan\u00f3 la fecha coronaci\u00f3n en este mismo circuito. El de C\u00f3rdoba qued\u00f3 a 516 mil\u00e9simas de Baudo.<\/p>\n<p>La tercera posici\u00f3n correspondi\u00f3 a Mat\u00edas Rovera quien encontr\u00f3 el mejor rendimiento de su unidad y quedando a 752 mil\u00e9simas respecto a la pole.&nbsp;Con una gran performance, fue cuarto Samuel Marioni, luego Joaqu\u00edn Hongn, Mat\u00edas Ceccarelli, Nicol\u00e1s P\u00e9rez, Juan Valdivia, Santiago Mirabille y en destacado debut, Martin Garino.<\/p>\n<p>Por el lado de la Copa M\u00e1ster, el mejor fue Ariel Pavon, ubicado segundo en la general, en tanto se ordenaron luego, Christian Rovira segundo por su 11mo lugar, Ariel Manelli tercero (13ro), Mario Bernardi cuarto (14to) y Jorge P\u00e9rez quinto 17mo).<\/p>\n<p><strong>En la jornada de domingo la categor\u00eda correr\u00e1 sus dos competencias parciales a 6 vueltas, prevista la primera a las 11 y la segunda 11.25.<\/strong><\/p>\n<p><strong><span style=\"color: #3366ff;\">TN HIST\u00d3RICO<\/span><br \/><\/strong>La primera sesi\u00f3n de clasificaci\u00f3n del TN Hist\u00f3rico fue dominada por Oscar Guti\u00e9rrez quien registr\u00f3 1m30s817\/1000 y dej\u00f3 segundo Daniel Barbero a 280 mil\u00e9simas y tercero Alfredo Barbero a 583 mil\u00e9simas.<\/p>\n<p>Este domingo la categor\u00eda deber\u00e1 completar la tanda clasificatoria con una condici\u00f3n de pista diferente a lo ocurrido por la tarde. Gutierrez buscar\u00e1 confirmar lo realizado en la primera jornada oficial.<\/p>\n<p>Detr\u00e1s del tridente de punta, se ordenaron, Alberto Cuervo, Guillermo Galfrascoli, Sergio Bustos, Edgardo Pasini, Dante Cravero, Alejandro Siriczman y Victor Davicino.<\/p>\n<p><strong>Para el domingo la segunda clasificaci\u00f3n est\u00e1 programada desde las 08:20.<\/strong><\/p>\n","protected":false},"excerpt":{"rendered":"<p>Las cinco categor\u00edas completaron las instancias clasificatorias en el aut\u00f3dromo \u201cParque Ciudad de R\u00edo Cuarto\u201d. En dos grupos por especialidad se observaron las primeras luchas del fin de semana. C\u00f3rdoba Pista puso en marcha as\u00ed su jornada sabatina con la actividad oficial de clasificaci\u00f3n en nuestro aut\u00f3dromo. La primera competencia anual tiene confirmados los primeros &hellip;<\/p>\n","protected":false},"author":2,"featured_media":0,"comment_status":"open","ping_status":"open","sticky":false,"template":"","format":"standard","meta":{"_jetpack_memberships_contains_paid_content":false,"footnotes":""},"categories":[45],"tags":[],"class_list":["post-12248","post","type-post","status-publish","format-standard","hentry","category-automovilismo"],"jetpack_featured_media_url":"","jetpack_sharing_enabled":true,"_links":{"self":[{"href":"https:\/\/deportivadigital.com.ar\/v2\/wp-json\/wp\/v2\/posts\/12248","targetHints":{"allow":["GET"]}}],"collection":[{"href":"https:\/\/deportivadigital.com.ar\/v2\/wp-json\/wp\/v2\/posts"}],"about":[{"href":"https:\/\/deportivadigital.com.ar\/v2\/wp-json\/wp\/v2\/types\/post"}],"author":[{"embeddable":true,"href":"https:\/\/deportivadigital.com.ar\/v2\/wp-json\/wp\/v2\/users\/2"}],"replies":[{"embeddable":true,"href":"https:\/\/deportivadigital.com.ar\/v2\/wp-json\/wp\/v2\/comments?post=12248"}],"version-history":[{"count":0,"href":"https:\/\/deportivadigital.com.ar\/v2\/wp-json\/wp\/v2\/posts\/12248\/revisions"}],"wp:attachment":[{"href":"https:\/\/deportivadigital.com.ar\/v2\/wp-json\/wp\/v2\/media?parent=12248"}],"wp:term":[{"taxonomy":"category","embeddable":true,"href":"https:\/\/deportivadigital.com.ar\/v2\/wp-json\/wp\/v2\/categories?post=12248"},{"taxonomy":"post_tag","embeddable":true,"href":"https:\/\/deportivadigital.com.ar\/v2\/wp-json\/wp\/v2\/tags?post=12248"}],"curies":[{"name":"wp","href":"https:\/\/api.w.org\/{rel}","templated":true}]}}