{"id":12147,"date":"2018-01-29T20:27:15","date_gmt":"2018-01-29T23:27:15","guid":{"rendered":"https:\/\/deportivadigital.com.ar\/v2\/buena-fecha-la-quinta-para-rio-cuarto\/"},"modified":"2018-01-29T20:27:15","modified_gmt":"2018-01-29T23:27:15","slug":"buena-fecha-la-quinta-para-rio-cuarto","status":"publish","type":"post","link":"https:\/\/deportivadigital.com.ar\/v2\/buena-fecha-la-quinta-para-rio-cuarto\/","title":{"rendered":"Buena la quinta para R\u00edo Cuarto"},"content":{"rendered":"<p><img decoding=\"async\" src=\"https:\/\/scontent-eze1-1.xx.fbcdn.net\/v\/t31.0-8\/13582188_922872107841112_2674278542206557813_o.jpg?oh=3ad6071ad90de5574ebdc8cbf2306866&amp;oe=5ADF8B38\" alt=\"\" width=\"180\" height=\"135\" style=\"margin: 5px; float: left;\" \/>Realmente para considerar, pasada la quinta fecha del Torneo Copa Crelech, si observamos los n\u00fameros que dej\u00f3 esta disciplina. No son pocos los que nos convocan en esta ocasi\u00f3n.<\/p>\n<p>Central logr\u00f3 en su casa, un triunfo que le permtir\u00e1 confianza en sus posibilidades para seguir en la disputa de \u00e9ste y, Banda Norte, con su triunfo, muy apretado si se quiere, tambi\u00e9n estar\u00e1 para seguir luchando por un puesto digno.<\/p>\n<p>  <!--more-->  <\/p>\n<p>&nbsp;<strong>ESTAD\u00cdSTICAS INDIVIDUALES<\/strong><\/p>\n<p><span style=\"text-decoration: underline;\">M\u00c1S PUNTOS EN UN PARTIDO<\/span><\/p>\n<p><span style=\"text-decoration: underline;\">Leandro Barlasina (Banda Norte de R\u00edo Cuarto): 23, contra Hind\u00fa de C\u00f3rdoba.<\/span><br \/>Oscar Cabrera (9 de Julio de Morteros): 23, frente a Centro Recreativo de Hernando.<br \/>Rodrigo Riquelme (Atl\u00e9tico Bell de Bell Ville): 23, ante El Tala de San Francisco.<\/p>\n<p>M\u00c1S REBOTES EN UN PARTIDO<\/p>\n<p>Jorge Siciliano (Hind\u00fa de C\u00f3rdoba): 13, contra Banda Norte de R\u00edo Cuarto.<br \/>Carlos Altamirano (9 de Julio de Morteros): 11, frente a Centro Recreativo de Hernando.<br \/>Rodrigo \u00c1lvarez (9 de Julio de Morteros): 10, contra Centro Recreativo de Hernando.<br \/><span style=\"text-decoration: underline;\">Nicol\u00e1s Pe\u00f1a (Central Argentino de R\u00edo Cuarto): 10 frente a Uni\u00f3n Central de Villa Mar\u00eda.<\/span><\/p>\n<p>M\u00c1S ASISTENCIAS EN UN PARTIDO<\/p>\n<p>Lucas Machuca (Atl\u00e9tico Bell de Bell Ville): 9, frente a Centro Recreativo de Hernando.<br \/>Tom\u00e1s Acosta (9 de Julio de Morteros): 6, contra Centro Recreativo de Hernando.<br \/>Rodrigo \u00c1lvarez (9 de Julio de Morteros): 6, frente a Centro Recreativo de Hernando.<br \/>Pablo Gonz\u00e1lez (Centro Recreativo de Hernando): 6, ante 9 de Julio de Morteros.<\/p>\n<p>&nbsp;<strong>ESTAD\u00cdSTICAS COLECTIVAS<\/strong><\/p>\n<p>EQUIPO CON M\u00c1S PUNTOS EN UN PARTIDO<\/p>\n<p>9 de Julio de Morteros: 107 puntos (107-81 contra Centro Recreativo de Hernando).<\/p>\n<p>EQUIPO CON MAYOR DIFERENCIA DE PUNTOS EN UN PARTIDO<\/p>\n<p>Atl\u00e9tico Bell de Bell Ville: +31 puntos (96-65 frente a El Tala de San Francisco).<\/p>\n<p>EQUIPO CON MENOS PUNTOS EN UN PARTIDO<\/p>\n<p>Uni\u00f3n Central de Villa Mar\u00eda: 66 puntos (66-83 en su derrota frente a Central Argentino de R\u00edo Cuarto).<\/p>\n<p>EQUIPO CON M\u00c1S PUNTOS EN UN CUARTO<\/p>\n<p>9 de Julio de Morteros: 34 puntos (34-26 en el primer cuarto frente a Centro Recreativo de Hernando).<\/p>\n<p>EQUIPO CON MENOS PUNTOS EN UN CUARTO<\/p>\n<p>El Tala de San Francisco: 7 puntos (7-20 en el \u00faltimo cuarto contra Atl\u00e9tico Bell de Bell Ville).<\/p>\n<p>EQUIPO CON MEJOR PORCENTAJE EN LIBRES<\/p>\n<p>Atl\u00e9tico Bell de Bell Ville: 80% (12\/15 contra El Tala de San Francisco).<\/p>\n<p>EQUIPO CON MEJOR PORCENTAJE EN DOBLES<\/p>\n<p>Atl\u00e9tico Bell de Bell Ville: 65% (21\/32 frente a El Tala de San Francisco).<\/p>\n<p>EQUIPO CON MEJOR PORCENTAJE EN TRIPLES<\/p>\n<p>Atl\u00e9tico Bell de Bell Ville: 41% (14\/34 ante El Tala de San Francisco).<\/p>\n<p>CONTENIDO RELACIONADO<br \/>Liga Cordobesa Crelech: Bell y 9 de Julio contaron hasta diez, <strong>Banda Norte gan\u00f3 con lo justo y Central Argentino volvi\u00f3 a la victoria<\/strong><\/p>\n","protected":false},"excerpt":{"rendered":"<p>Realmente para considerar, pasada la quinta fecha del Torneo Copa Crelech, si observamos los n\u00fameros que dej\u00f3 esta disciplina. No son pocos los que nos convocan en esta ocasi\u00f3n. Central logr\u00f3 en su casa, un triunfo que le permtir\u00e1 confianza en sus posibilidades para seguir en la disputa de \u00e9ste y, Banda Norte, con su &hellip;<\/p>\n","protected":false},"author":2,"featured_media":0,"comment_status":"open","ping_status":"open","sticky":false,"template":"","format":"standard","meta":{"_jetpack_memberships_contains_paid_content":false,"footnotes":""},"categories":[46],"tags":[],"class_list":["post-12147","post","type-post","status-publish","format-standard","hentry","category-basquet"],"jetpack_featured_media_url":"","jetpack_sharing_enabled":true,"_links":{"self":[{"href":"https:\/\/deportivadigital.com.ar\/v2\/wp-json\/wp\/v2\/posts\/12147","targetHints":{"allow":["GET"]}}],"collection":[{"href":"https:\/\/deportivadigital.com.ar\/v2\/wp-json\/wp\/v2\/posts"}],"about":[{"href":"https:\/\/deportivadigital.com.ar\/v2\/wp-json\/wp\/v2\/types\/post"}],"author":[{"embeddable":true,"href":"https:\/\/deportivadigital.com.ar\/v2\/wp-json\/wp\/v2\/users\/2"}],"replies":[{"embeddable":true,"href":"https:\/\/deportivadigital.com.ar\/v2\/wp-json\/wp\/v2\/comments?post=12147"}],"version-history":[{"count":0,"href":"https:\/\/deportivadigital.com.ar\/v2\/wp-json\/wp\/v2\/posts\/12147\/revisions"}],"wp:attachment":[{"href":"https:\/\/deportivadigital.com.ar\/v2\/wp-json\/wp\/v2\/media?parent=12147"}],"wp:term":[{"taxonomy":"category","embeddable":true,"href":"https:\/\/deportivadigital.com.ar\/v2\/wp-json\/wp\/v2\/categories?post=12147"},{"taxonomy":"post_tag","embeddable":true,"href":"https:\/\/deportivadigital.com.ar\/v2\/wp-json\/wp\/v2\/tags?post=12147"}],"curies":[{"name":"wp","href":"https:\/\/api.w.org\/{rel}","templated":true}]}}