{"id":12134,"date":"2018-01-27T15:08:37","date_gmt":"2018-01-27T18:08:37","guid":{"rendered":"https:\/\/deportivadigital.com.ar\/v2\/hoy-en-horas-de-la-noche-todo-el-karting\/"},"modified":"2018-01-27T15:08:37","modified_gmt":"2018-01-27T18:08:37","slug":"hoy-en-horas-de-la-noche-todo-el-karting","status":"publish","type":"post","link":"https:\/\/deportivadigital.com.ar\/v2\/hoy-en-horas-de-la-noche-todo-el-karting\/","title":{"rendered":"Hoy, en horas de la noche, todo el karting"},"content":{"rendered":"<p>&nbsp;<img data-recalc-dims=\"1\" decoding=\"async\" src=\"https:\/\/i0.wp.com\/curva1kart.com.ar\/noticias\/wp-content\/uploads\/2018\/01\/IMG_7714.jpg?resize=180%2C120\" alt=\"Image result for im\u00e1gen del karting en el aut\u00f3dromo de rio cuarto\" width=\"180\" height=\"120\" style=\"margin: 5px; float: left;\" \/>Esta noche el deporte motor de la ciudad de R\u00edo Cuarto, recuperar\u00e1 una de las disciplinas que supo brillar en el pasado, pero que desde hace 14 a\u00f1os no ten\u00eda competencia alguna.<\/p>\n<p>Se trata nada m\u00e1s y nada menos que del <strong>karting<\/strong>, la categor\u00eda escuela por excelencia del automovilismo.<\/p>\n<p>  <!--more-->  <\/p>\n<p>&nbsp;<\/p>\n<p>M\u00e1s all\u00e1 de seguir trabajando de manera ambiciosa con la refuncionalizaci\u00f3n del Aut\u00f3dromo Parque Ciudad de R\u00edo Cuarto, desarrollando el proyecto que les permita poder contar con la presencia del Turismo Carretera en nuestra ciudad lo m\u00e1s r\u00e1pido posible, la flamante comisi\u00f3n del Autom\u00f3vil Club R\u00edo Cuarto, comandada por su presidente Romel Viglianco y sus vicepresidentes \u00c1ngel Rappen y Daniel Lacase, se paut\u00f3 como una de las primeras acciones recuperar el circuito del kart\u00f3dromo.<\/p>\n<p>\u201cRealizamos un trabajo artesanal para poder poner operativo el trazado, ya que no quisimos meter m\u00e1quinas y romper los pianitos que est\u00e1n tan bien hechos y por eso trabajamos con palas en los mil metros de extensi\u00f3n del trazado\u201d, le cont\u00f3 Gabriel Franke, otro de los miembros de la comisi\u00f3n directiva que est\u00e1 al frente de la actividad del karting.<\/p>\n<p>Es tal el entusiasmo por la recuperaci\u00f3n de este reducto (ahora junto al de Colonia Caroya son los dos \u00fanicos de pavimento que hay en C\u00f3rdoba) que m\u00e1s de 120 pilotos de diferentes provincias ya confirmaron su participaci\u00f3n.<\/p>\n<p><em>Cabe recordar que se disputar\u00e1n 9 categor\u00edas: 110 Menores, 110 Mayores, 150 Menores, 150 Cadetes, 150 Graduados, 150 Senior, 150 Libre A, 150 Libre B, 125 Internacional.<\/em><\/p>\n<p>Adem\u00e1s se desarrollar\u00e1 una competencia para corredores invitados en la divisional 150 Libre de 185 kg, en la que participar\u00e1n reconocidos pilotos como Ignacio Juli\u00e1n, Ignacio Char, Ricardo \u201cCa\u00edto\u201d Risatti, Fabricio Pezzini, Daniel Bassi, Federico Bassi, Rodrigo Verdeguer, Marcelo Ciarrochi, Carlos Javier Merlo y Fabi\u00e1n Flaqu\u00e9.<\/p>\n<p>Precisamente para hablar de lo que representa para la ciudad la vuelta del kart\u00f3dromo, dialog\u00f3 con los reconocidos pilotos locales Ignacio Juli\u00e1n e Ignacio Char.<\/p>\n<p>\u201cEs espectacular que vuelva a ponerse en funcionamiento el kart\u00f3dromo. Yo los recuerdos que tengo son de la \u00e9poca cuando ya no se hac\u00edan carreras; yo comenc\u00e9 a probar y a tener mis primeros contactos con los fierros. Antes de eso me acuerdo cuando mi viejo corr\u00eda e \u00edbamos a pasar grandes jornadas en las que se armaban carreras muy lindas, con mucha presencia de gente. Volver a vivir eso ser\u00eda extraordinario\u201d, destac\u00f3 Juli\u00e1n.<\/p>\n<p>\u201cCuando me invitaron a participar no dud\u00e9 en aceptar, porque si bien uno cuando pasa a los autos deja de entrenar en el karting, cuando se arman este tipo de carreras es como volver al primer amor\u201d, finaliz\u00f3 el piloto que el a\u00f1o pasado form\u00f3 parte del S\u00faper TC2000 en el equipo Renault y en estos d\u00edas est\u00e1 delineando su futuro deportivo.<\/p>\n<p>Por su parte, Ignacio Char, otro representante de la ciudad con pasado cercano en el S\u00faper TC2000, resalt\u00f3: \u201cEl recuerdo que se me viene a la memoria, y que seguramente ma\u00f1ana (por hoy) voy a tener muy presente, es de cuando yo iba al colegio a la tarde y durante muchos a\u00f1os iba al kart\u00f3dromo todas las ma\u00f1anas de 9 a 12 a entrenar durante todo el a\u00f1o, volv\u00eda a mi casa, me ba\u00f1aba y me iba al colegio. El kart\u00f3dromo de R\u00edo Cuarto fue una segunda casa para m\u00ed\u201d.<\/p>\n<p>\u201cEs fant\u00e1stico que se recupere el kart\u00f3dromo, por eso cuando me enter\u00e9 del trabajo a pulm\u00f3n que est\u00e1n haciendo desde el club para poder hacerlo me puse muy contento y a disposici\u00f3n en lo que pudiera ayudar. Es algo que le hac\u00eda mucha falta al deporte motor de la ciudad\u201d, puntualiz\u00f3 Char.<\/p>\n<p>El cronograma de actividades para la jornada de hoy ser\u00e1 el siguiente: a las 15.30 comenzar\u00e1n las correspondientes inscripciones, desde las 17.30 los pilotos iniciar\u00e1n las sesiones de entrenamientos, a las 19.30 habr\u00e1 clasificaciones, desde las 21 se correr\u00e1n las series clasificatorias y a partir de las 23 las competencias finales.<\/p>\n<p><em>El costo de acceso ser\u00e1 de $ 150 para caballeros, en tanto que menores de 12 a\u00f1os, jubilados, damas y piloto + un mec\u00e1nico no abonan ingreso. S\u00ed se cobrar\u00e1 el estacionamiento de veh\u00edculo a $ 50.<\/em><\/p>\n<p>&nbsp;<\/p>\n","protected":false},"excerpt":{"rendered":"<p>&nbsp;Esta noche el deporte motor de la ciudad de R\u00edo Cuarto, recuperar\u00e1 una de las disciplinas que supo brillar en el pasado, pero que desde hace 14 a\u00f1os no ten\u00eda competencia alguna. Se trata nada m\u00e1s y nada menos que del karting, la categor\u00eda escuela por excelencia del automovilismo. &nbsp; M\u00e1s all\u00e1 de seguir trabajando &hellip;<\/p>\n","protected":false},"author":2,"featured_media":0,"comment_status":"open","ping_status":"open","sticky":false,"template":"","format":"standard","meta":{"_jetpack_memberships_contains_paid_content":false,"footnotes":""},"categories":[45],"tags":[],"class_list":["post-12134","post","type-post","status-publish","format-standard","hentry","category-automovilismo"],"jetpack_featured_media_url":"","jetpack_sharing_enabled":true,"_links":{"self":[{"href":"https:\/\/deportivadigital.com.ar\/v2\/wp-json\/wp\/v2\/posts\/12134","targetHints":{"allow":["GET"]}}],"collection":[{"href":"https:\/\/deportivadigital.com.ar\/v2\/wp-json\/wp\/v2\/posts"}],"about":[{"href":"https:\/\/deportivadigital.com.ar\/v2\/wp-json\/wp\/v2\/types\/post"}],"author":[{"embeddable":true,"href":"https:\/\/deportivadigital.com.ar\/v2\/wp-json\/wp\/v2\/users\/2"}],"replies":[{"embeddable":true,"href":"https:\/\/deportivadigital.com.ar\/v2\/wp-json\/wp\/v2\/comments?post=12134"}],"version-history":[{"count":0,"href":"https:\/\/deportivadigital.com.ar\/v2\/wp-json\/wp\/v2\/posts\/12134\/revisions"}],"wp:attachment":[{"href":"https:\/\/deportivadigital.com.ar\/v2\/wp-json\/wp\/v2\/media?parent=12134"}],"wp:term":[{"taxonomy":"category","embeddable":true,"href":"https:\/\/deportivadigital.com.ar\/v2\/wp-json\/wp\/v2\/categories?post=12134"},{"taxonomy":"post_tag","embeddable":true,"href":"https:\/\/deportivadigital.com.ar\/v2\/wp-json\/wp\/v2\/tags?post=12134"}],"curies":[{"name":"wp","href":"https:\/\/api.w.org\/{rel}","templated":true}]}}