{"id":11948,"date":"2017-11-15T21:24:01","date_gmt":"2017-11-16T00:24:01","guid":{"rendered":"https:\/\/deportivadigital.com.ar\/v2\/central-argentino-y-banda-norte-listos-para-lucharla\/"},"modified":"2017-11-15T21:24:01","modified_gmt":"2017-11-16T00:24:01","slug":"central-argentino-y-banda-norte-listos-para-lucharla","status":"publish","type":"post","link":"https:\/\/deportivadigital.com.ar\/v2\/central-argentino-y-banda-norte-listos-para-lucharla\/","title":{"rendered":"Central Argentino y Banda Norte listos para \u00ablucharla\u00bb"},"content":{"rendered":"<p><strong><img decoding=\"async\" src=\"https:\/\/encrypted-tbn0.gstatic.com\/images?q=tbn:ANd9GcSaANX1KQb6LEZhjL_aVIAQR7k7zTCPfjFfnu7WTsSWGQo09dNrwA\" alt=\"Image result for logo de la federaci\u00f3n cordobesa de b\u00e1squetbol\" width=\"134\" height=\"135\" style=\"margin: 5px; float: left;\" \/>Banda Norte<\/strong> debutar\u00e1 de local este viernes por la zona C ante <strong>Hind\u00fa Club de C\u00f3rdoba<\/strong>. Por su parte, <strong>Central Argentino<\/strong> jugar\u00e1 de visitante frente a <strong>Lawn Tennis de Cruz del Eje<\/strong> por la zona A.<\/p>\n<p>La primera fase, cuya apertura est\u00e1 prevista para este viernes 17 de noviembre con un programa de siete partidos, contar\u00e1 con cuatro zonas: tres de ellas con cuatro equipos y la restante con la participaci\u00f3n de tres clubes. <strong>LAS CUATRO ZONAS:<\/strong><\/p>\n<p>  <!--more-->  <\/p>\n<p>&nbsp;<\/p>\n<p>Los 10 mejores de esa etapa clasificatoria avanzar\u00e1n a la segunda fase: los dos primeros de cada zona y los dos mejores terceros, teniendo en cuenta la clasificaci\u00f3n general.<\/p>\n<p>ZONA A:<\/p>\n<p>Lawn Tennis (Cruz del Eje)<br \/><strong>Central Argentino (R\u00edo Cuarto)<\/strong><br \/>Centenario (La Puerta) <br \/>Atl\u00e9tico Bell (Bell Ville).<\/p>\n<p>ZONA B:<\/p>\n<p>CARIB (Tancacha)<br \/>9 de Julio (Morteros)<br \/>Olay\u00f3n (Cruz del Eje) <br \/>Centro Recreativo (Hernando).<\/p>\n<p>ZONA C<\/p>\n<p>Hind\u00fa (C\u00f3rdoba)<br \/>Central Argentino (Villa Mar\u00eda)<br \/><strong>Banda Norte (R\u00edo Cuarto)<\/strong> <br \/>Almafuerte (Las Varillas)<\/p>\n<p>&nbsp;<\/p>\n<p>ZONA D<\/p>\n<p>El Tala (San Francisco)<\/p>\n<p>Uni\u00f3n Central (Villa Mar\u00eda)<\/p>\n<p>Pilar Sport (Pilar)<\/p>\n","protected":false},"excerpt":{"rendered":"<p>Banda Norte debutar\u00e1 de local este viernes por la zona C ante Hind\u00fa Club de C\u00f3rdoba. Por su parte, Central Argentino jugar\u00e1 de visitante frente a Lawn Tennis de Cruz del Eje por la zona A. La primera fase, cuya apertura est\u00e1 prevista para este viernes 17 de noviembre con un programa de siete partidos, &hellip;<\/p>\n","protected":false},"author":2,"featured_media":0,"comment_status":"open","ping_status":"open","sticky":false,"template":"","format":"standard","meta":{"_jetpack_memberships_contains_paid_content":false,"footnotes":""},"categories":[46],"tags":[],"class_list":["post-11948","post","type-post","status-publish","format-standard","hentry","category-basquet"],"jetpack_featured_media_url":"","jetpack_sharing_enabled":true,"_links":{"self":[{"href":"https:\/\/deportivadigital.com.ar\/v2\/wp-json\/wp\/v2\/posts\/11948","targetHints":{"allow":["GET"]}}],"collection":[{"href":"https:\/\/deportivadigital.com.ar\/v2\/wp-json\/wp\/v2\/posts"}],"about":[{"href":"https:\/\/deportivadigital.com.ar\/v2\/wp-json\/wp\/v2\/types\/post"}],"author":[{"embeddable":true,"href":"https:\/\/deportivadigital.com.ar\/v2\/wp-json\/wp\/v2\/users\/2"}],"replies":[{"embeddable":true,"href":"https:\/\/deportivadigital.com.ar\/v2\/wp-json\/wp\/v2\/comments?post=11948"}],"version-history":[{"count":0,"href":"https:\/\/deportivadigital.com.ar\/v2\/wp-json\/wp\/v2\/posts\/11948\/revisions"}],"wp:attachment":[{"href":"https:\/\/deportivadigital.com.ar\/v2\/wp-json\/wp\/v2\/media?parent=11948"}],"wp:term":[{"taxonomy":"category","embeddable":true,"href":"https:\/\/deportivadigital.com.ar\/v2\/wp-json\/wp\/v2\/categories?post=11948"},{"taxonomy":"post_tag","embeddable":true,"href":"https:\/\/deportivadigital.com.ar\/v2\/wp-json\/wp\/v2\/tags?post=11948"}],"curies":[{"name":"wp","href":"https:\/\/api.w.org\/{rel}","templated":true}]}}