{"id":11927,"date":"2017-11-10T00:00:32","date_gmt":"2017-11-10T03:00:32","guid":{"rendered":"https:\/\/deportivadigital.com.ar\/v2\/santiago-ochoa-preseleccionado-a-seleccion-argentina-u-16\/"},"modified":"2017-11-10T00:00:32","modified_gmt":"2017-11-10T03:00:32","slug":"santiago-ochoa-preseleccionado-a-seleccion-argentina-u-16","status":"publish","type":"post","link":"https:\/\/deportivadigital.com.ar\/v2\/santiago-ochoa-preseleccionado-a-seleccion-argentina-u-16\/","title":{"rendered":"Santiago Ochoa preseleccionado a Selecci\u00f3n Argentina U-16"},"content":{"rendered":"<p><img data-recalc-dims=\"1\" decoding=\"async\" src=\"https:\/\/i0.wp.com\/static.wixstatic.com\/media\/93d474_7233151b14cc481993809980b51a1214~mv2.jpg\/v1\/fill\/w_541%2Ch_960%2Cal_c%2Cq_85\/93d474_7233151b14cc481993809980b51a1214~mv2.webp?resize=76%2C135&#038;ssl=1\" alt=\"\" width=\"76\" height=\"135\" style=\"margin: 5px; float: left;\" \/>Hoy se dio a conocer que <strong>Santiago Ochoa<\/strong> fue convocado a la pre selecci\u00f3n Argentina U16. El<br \/>conjunto que tiene a Diego Lifschitz como entrenador se prepara para el Mundial U17 \u2013 2018, a<br \/>realizarse en Santa Fe.<\/p>\n<p>Para hacer notar, espec\u00edficamente en los estadios del Club Atl\u00e9tico Uni\u00f3n de Santa Fe y<br \/>Newell\u2019s Old Boys de Rosario.<\/p>\n<p>  <!--more-->  <\/p>\n<p>Los preseleccionados tendr\u00e1n su primer concentraci\u00f3n del 13 al 17 de noviembre pr\u00f3ximo en las<br \/>instalaciones del Centro Nacional de Alto Rendimiento Deportivo (CENARD).<\/p>\n<p>A su vez, recordamos que <strong>Luca Chiapella<\/strong>, que fue nuevamente convocado a la Preselecci\u00f3n<br \/>Argentina U15, concentrar\u00e1 desde el martes 14 al 18 de noviembre en Tucum\u00e1n. Ser\u00e1 dirigido por<br \/>Daniel Farabello, con Juan Manuel Gattone como primer asistente y Rub\u00e9n Wolkowyski de seg<\/p>\n","protected":false},"excerpt":{"rendered":"<p>Hoy se dio a conocer que Santiago Ochoa fue convocado a la pre selecci\u00f3n Argentina U16. Elconjunto que tiene a Diego Lifschitz como entrenador se prepara para el Mundial U17 \u2013 2018, arealizarse en Santa Fe. Para hacer notar, espec\u00edficamente en los estadios del Club Atl\u00e9tico Uni\u00f3n de Santa Fe yNewell\u2019s Old Boys de Rosario. &hellip;<\/p>\n","protected":false},"author":2,"featured_media":0,"comment_status":"open","ping_status":"open","sticky":false,"template":"","format":"standard","meta":{"_jetpack_memberships_contains_paid_content":false,"footnotes":""},"categories":[46],"tags":[],"class_list":["post-11927","post","type-post","status-publish","format-standard","hentry","category-basquet"],"jetpack_featured_media_url":"","jetpack_sharing_enabled":true,"_links":{"self":[{"href":"https:\/\/deportivadigital.com.ar\/v2\/wp-json\/wp\/v2\/posts\/11927","targetHints":{"allow":["GET"]}}],"collection":[{"href":"https:\/\/deportivadigital.com.ar\/v2\/wp-json\/wp\/v2\/posts"}],"about":[{"href":"https:\/\/deportivadigital.com.ar\/v2\/wp-json\/wp\/v2\/types\/post"}],"author":[{"embeddable":true,"href":"https:\/\/deportivadigital.com.ar\/v2\/wp-json\/wp\/v2\/users\/2"}],"replies":[{"embeddable":true,"href":"https:\/\/deportivadigital.com.ar\/v2\/wp-json\/wp\/v2\/comments?post=11927"}],"version-history":[{"count":0,"href":"https:\/\/deportivadigital.com.ar\/v2\/wp-json\/wp\/v2\/posts\/11927\/revisions"}],"wp:attachment":[{"href":"https:\/\/deportivadigital.com.ar\/v2\/wp-json\/wp\/v2\/media?parent=11927"}],"wp:term":[{"taxonomy":"category","embeddable":true,"href":"https:\/\/deportivadigital.com.ar\/v2\/wp-json\/wp\/v2\/categories?post=11927"},{"taxonomy":"post_tag","embeddable":true,"href":"https:\/\/deportivadigital.com.ar\/v2\/wp-json\/wp\/v2\/tags?post=11927"}],"curies":[{"name":"wp","href":"https:\/\/api.w.org\/{rel}","templated":true}]}}