{"id":1012,"date":"2010-12-30T03:05:15","date_gmt":"2010-12-30T06:05:15","guid":{"rendered":"https:\/\/deportivadigital.com.ar\/v2\/clasicos-de-verano\/"},"modified":"2010-12-30T03:05:15","modified_gmt":"2010-12-30T06:05:15","slug":"clasicos-de-verano","status":"publish","type":"post","link":"https:\/\/deportivadigital.com.ar\/v2\/clasicos-de-verano\/","title":{"rendered":"Cl\u00e1sicos de verano"},"content":{"rendered":"<p style=\"margin-top: 10px; margin-bottom: 15px; text-align: justify;\"><span style=\"font-size: 9pt; font-family: Verdana, sans-serif;\">Luego de dos temporadas sin cl\u00e1sicos en R\u00edo Cuarto, salvando los de la Liga Regional, se volver\u00e1n a ver las caras&nbsp;<strong>Estudiantes<\/strong> y&nbsp;<strong>Atenas<\/strong> en dos partidos amistosos.<\/span><\/p>\n<p style=\"margin-top: 10px; margin-bottom: 15px; text-align: justify;\"><span style=\"font-size: 9pt; font-family: Verdana, sans-serif;\">El primero se jugar\u00e1 el pr\u00f3ximo mi\u00e9rcoles 29 y estar\u00e1 en juego la&nbsp;<strong>Copa Desaf\u00edo<\/strong>. Mientras que en el 2011 se disputar\u00e1n la&nbsp;<strong>Copa Revancha<\/strong> (el jueves 6 de enero en el estadio 9 de julio). Y para el conjunto que m\u00e1s puntos&nbsp; obtenga en ambos encuentros Fundemur pondr\u00e1 en juego la&nbsp;<strong>Copa&nbsp;Rey del Imperio.<\/strong><\/span><\/p>\n","protected":false},"excerpt":{"rendered":"<p>Luego de dos temporadas sin cl\u00e1sicos en R\u00edo Cuarto, salvando los de la Liga Regional, se volver\u00e1n a ver las caras&nbsp;Estudiantes y&nbsp;Atenas en dos partidos amistosos. El primero se jugar\u00e1 el pr\u00f3ximo mi\u00e9rcoles 29 y estar\u00e1 en juego la&nbsp;Copa Desaf\u00edo. Mientras que en el 2011 se disputar\u00e1n la&nbsp;Copa Revancha (el jueves 6 de enero en &hellip;<\/p>\n","protected":false},"author":2,"featured_media":0,"comment_status":"open","ping_status":"open","sticky":false,"template":"","format":"standard","meta":{"_jetpack_memberships_contains_paid_content":false,"footnotes":""},"categories":[98],"tags":[],"class_list":["post-1012","post","type-post","status-publish","format-standard","hentry","category-futbol"],"jetpack_featured_media_url":"","jetpack_sharing_enabled":true,"_links":{"self":[{"href":"https:\/\/deportivadigital.com.ar\/v2\/wp-json\/wp\/v2\/posts\/1012","targetHints":{"allow":["GET"]}}],"collection":[{"href":"https:\/\/deportivadigital.com.ar\/v2\/wp-json\/wp\/v2\/posts"}],"about":[{"href":"https:\/\/deportivadigital.com.ar\/v2\/wp-json\/wp\/v2\/types\/post"}],"author":[{"embeddable":true,"href":"https:\/\/deportivadigital.com.ar\/v2\/wp-json\/wp\/v2\/users\/2"}],"replies":[{"embeddable":true,"href":"https:\/\/deportivadigital.com.ar\/v2\/wp-json\/wp\/v2\/comments?post=1012"}],"version-history":[{"count":0,"href":"https:\/\/deportivadigital.com.ar\/v2\/wp-json\/wp\/v2\/posts\/1012\/revisions"}],"wp:attachment":[{"href":"https:\/\/deportivadigital.com.ar\/v2\/wp-json\/wp\/v2\/media?parent=1012"}],"wp:term":[{"taxonomy":"category","embeddable":true,"href":"https:\/\/deportivadigital.com.ar\/v2\/wp-json\/wp\/v2\/categories?post=1012"},{"taxonomy":"post_tag","embeddable":true,"href":"https:\/\/deportivadigital.com.ar\/v2\/wp-json\/wp\/v2\/tags?post=1012"}],"curies":[{"name":"wp","href":"https:\/\/api.w.org\/{rel}","templated":true}]}}